{"id":51129,"date":"2026-08-07T19:23:55","date_gmt":"2026-08-07T19:23:55","guid":{"rendered":"https:\/\/denoticiasonline.com\/?p=51129"},"modified":"2026-08-28T19:25:10","modified_gmt":"2026-08-28T19:25:10","slug":"el-senado-aprobo-la-ley-de-propiedad-privada","status":"publish","type":"post","link":"https:\/\/denoticiasonline.com\/index.php\/2026\/08\/07\/el-senado-aprobo-la-ley-de-propiedad-privada\/","title":{"rendered":"El Senado aprob\u00f3 la ley de propiedad privada"},"content":{"rendered":"\n<p class=\"wp-block-paragraph\">En una extensa jornada que se extendi\u00f3 por m\u00e1s de trece horas, el Senado de la Naci\u00f3n aprob\u00f3 en la madrugada de este viernes el proyecto de Ley de Inviolabilidad de la Propiedad Privada impulsado por el Gobierno nacional, aunque el oficialismo debi\u00f3 resignar dos de los cap\u00edtulos m\u00e1s pol\u00e9micos para conseguir los votos necesarios<a href=\"https:\/\/www.dw.com\/es\/senado-argentino-aprueba-proyecto-sobre-propiedad-privada-sin-dos-cap%C3%ADtulos-pol%C3%A9micos\/a-78280653\" target=\"_blank\" rel=\"noopener\"><\/a>. La iniciativa obtuvo 37 votos a favor y 33 en contra, y ahora gir\u00f3 a la C\u00e1mara de Diputados para su tratamiento<a href=\"https:\/\/www.elchubut.com.ar\/nacionales\/2026-8-7-8-11-0-el-senado-aprobo-la-ley-de-propiedad-privada-pero-el-gobierno-debio-retirar-otro-capitulo-del-proyecto\" target=\"_blank\" rel=\"noopener\"><\/a>.<\/p>\n\n\n\n<p class=\"wp-block-paragraph\">El respaldo al proyecto provino de los 21 senadores de La Libertad Avanza, nueve integrantes de la UCR, tres del PRO, los misioneros Carlos Arce y Sonia Rojas Decut, el correntino Carlos &#8220;Camau&#8221; Esp\u00ednola, la chubutense Edith Terenzi y un representante de Provincias Unidas<a href=\"https:\/\/www.elchubut.com.ar\/nacionales\/2026-8-7-8-11-0-el-senado-aprobo-la-ley-de-propiedad-privada-pero-el-gobierno-debio-retirar-otro-capitulo-del-proyecto\" target=\"_blank\" rel=\"noopener\"><\/a>. En el rechazo votaron los 24 integrantes del interbloque justicialista, tres legisladores de Convicci\u00f3n Federal y otros espacios provinciales<a href=\"https:\/\/www.elchubut.com.ar\/nacionales\/2026-8-7-8-11-0-el-senado-aprobo-la-ley-de-propiedad-privada-pero-el-gobierno-debio-retirar-otro-capitulo-del-proyecto\" target=\"_blank\" rel=\"noopener\"><\/a>.<\/p>\n\n\n\n<p class=\"wp-block-paragraph\">El oficialismo hab\u00eda decidido previamente retirar el cap\u00edtulo que flexibilizaba la compra de tierras por parte de extranjeros, tras la resistencia expresada por gobernadores y bloques dialoguistas<a href=\"https:\/\/www.elchubut.com.ar\/nacionales\/2026-8-7-8-11-0-el-senado-aprobo-la-ley-de-propiedad-privada-pero-el-gobierno-debio-retirar-otro-capitulo-del-proyecto\" target=\"_blank\" rel=\"noopener\"><\/a>. Ya en el recinto, tambi\u00e9n debi\u00f3 dejar de lado las modificaciones a la Ley de Manejo del Fuego, que buscaba eliminar las restricciones de 60 y 30 a\u00f1os para el cambio de uso del suelo en zonas incendiadas<a href=\"https:\/\/www.elchubut.com.ar\/nacionales\/2026-8-7-8-11-0-el-senado-aprobo-la-ley-de-propiedad-privada-pero-el-gobierno-debio-retirar-otro-capitulo-del-proyecto\" target=\"_blank\" rel=\"noopener\"><\/a><a href=\"https:\/\/www.dw.com\/es\/senado-argentino-aprueba-proyecto-sobre-propiedad-privada-sin-dos-cap%C3%ADtulos-pol%C3%A9micos\/a-78280653\" target=\"_blank\" rel=\"noopener\"><\/a>. El proyecto qued\u00f3 as\u00ed reducido a los cambios en el r\u00e9gimen de desalojos -que se tramitar\u00e1n por juicio sumar\u00edsimo con plazos de 10 d\u00edas<a href=\"https:\/\/www.lanacion.com.ar\/politica\/ley-de-propiedad-privada-que-se-aprobo-con-la-media-sancion-del-senado-nid07082026\/\" target=\"_blank\" rel=\"noopener\"><\/a>&#8211; y en los requisitos para las expropiaciones estatales<a href=\"https:\/\/www.lanacion.com.ar\/politica\/ley-de-propiedad-privada-que-se-aprobo-con-la-media-sancion-del-senado-nid07082026\/\" target=\"_blank\" rel=\"noopener\"><\/a>.<\/p>\n\n\n\n<p class=\"wp-block-paragraph\">En medio de este escenario legislativo, la interna del oficialismo alcanz\u00f3 un nuevo pico de tensi\u00f3n. El canciller Pablo Quirno sum\u00f3 su voz a los pedidos del Gobierno para que la vicepresidenta Victoria Villarruel renuncie a su cargo<a href=\"https:\/\/www.pagina12.com.ar\/2026\/08\/06\/que-se-corra-quirno-tambien-salio-a-pedir-la-renuncia-de-villarruel\/#main#1\" target=\"_blank\" rel=\"noopener\"><\/a>. &#8220;Me parece que son declaraciones desafortunadas las que tuvo, compuso una f\u00f3rmula de Gobierno y si no est\u00e1 de acuerdo que se corra&#8221;, manifest\u00f3 el canciller en declaraciones televisivas<a href=\"https:\/\/www.pagina12.com.ar\/2026\/08\/06\/que-se-corra-quirno-tambien-salio-a-pedir-la-renuncia-de-villarruel\/#main#1\" target=\"_blank\" rel=\"noopener\"><\/a>. &#8220;Somos un equipo de Gobierno que tratamos de llevar a la Argentina a un lugar con mucho esfuerzo. Lo que tiene que hacer es acompa\u00f1ar. Estoy pidiendo que d\u00e9 un paso al costado si piensa esa situaci\u00f3n porque no es procedente hablar del Presidente de esa manera&#8221;, agreg\u00f3<a href=\"https:\/\/www.pagina12.com.ar\/2026\/08\/06\/que-se-corra-quirno-tambien-salio-a-pedir-la-renuncia-de-villarruel\/#main#1\" target=\"_blank\" rel=\"noopener\"><\/a>.<\/p>\n\n\n\n<p class=\"wp-block-paragraph\">El reclamo de Quirno se sum\u00f3 al del jefe de Gabinete, Diego Santilli, quien ya hab\u00eda pedido la dimisi\u00f3n de Villarruel<a href=\"https:\/\/www.pagina12.com.ar\/2026\/08\/06\/que-se-corra-quirno-tambien-salio-a-pedir-la-renuncia-de-villarruel\/#main#1\" target=\"_blank\" rel=\"noopener\"><\/a>. La vicepresidenta, que actualmente ejerce la Presidencia por el viaje de Milei a Colombia<a href=\"https:\/\/www.davidricardo.com.ar\/2026\/08\/07\/victoria-villarruel-rechazo-el-pedido-de-renuncia-de-pablo-quirno-y-redoblo-la-tension-con-el-gobierno\/\" target=\"_blank\" rel=\"noopener\"><\/a>, respondi\u00f3 con dureza al canciller. &#8220;Yo no desestabilizo a nadie, nada m\u00e1s lejos de m\u00ed. Yo en todo momento tengo apego y respeto por las instituciones del pa\u00eds y la Constituci\u00f3n nacional&#8221;, afirm\u00f3<a href=\"https:\/\/www.c5n.com\/politica\/tras-el-pedido-renuncia-victoria-villarruel-le-respondio-pablo-quirno-el-canciller-se-ha-excedido-n245612\" target=\"_blank\" rel=\"noopener\"><\/a>, y cuestion\u00f3 el tono elegido: &#8220;El canciller creo que se ha excedido, y creo que estas palabras deber\u00edan ser dichas cara a cara, no para escandalizar a la poblaci\u00f3n&#8221;<a href=\"https:\/\/www.c5n.com\/politica\/tras-el-pedido-renuncia-victoria-villarruel-le-respondio-pablo-quirno-el-canciller-se-ha-excedido-n245612\" target=\"_blank\" rel=\"noopener\"><\/a>.<\/p>\n","protected":false},"excerpt":{"rendered":"<p>En una extensa jornada que se extendi\u00f3 por m\u00e1s de trece horas, el Senado de la Naci\u00f3n aprob\u00f3 en la madrugada de este viernes el proyecto de Ley de Inviolabilidad de la Propiedad Privada impulsado por el Gobierno nacional, aunque el oficialismo debi\u00f3 resignar dos de los cap\u00edtulos m\u00e1s pol\u00e9micos para conseguir los votos necesarios. [&hellip;]<\/p>\n","protected":false},"author":1,"featured_media":51130,"comment_status":"closed","ping_status":"closed","sticky":false,"template":"","format":"standard","meta":{"_jetpack_memberships_contains_paid_content":false,"footnotes":""},"categories":[8489,7664,108],"tags":[11523,11527,11529,11521,5013,11524,11526,11525,6274,2712,11522,1581,1591,11528,8625],"class_list":["post-51129","post","type-post","status-publish","format-standard","has-post-thumbnail","hentry","category-nacionales","category-politica-nacional","category-sociedad-nacional","tag-conflicto-interno","tag-desalojos","tag-expropiaciones","tag-inviolabilidad-de-la-propiedad-privada","tag-javier-milei","tag-ley-de-manejo-del-fuego","tag-ley-de-propiedad-privada","tag-media-sancion-2","tag-oficialismo","tag-oposicion","tag-pablo-quirno","tag-renuncia","tag-senado","tag-tierras-a-extranjeros","tag-victoria-villarruel"],"jetpack_featured_media_url":"https:\/\/denoticiasonline.com\/wp-content\/uploads\/2026\/08\/L6I6AEWUMVDGBAC7XXXXBFVIZM.avif","jetpack_sharing_enabled":true,"_links":{"self":[{"href":"https:\/\/denoticiasonline.com\/index.php\/wp-json\/wp\/v2\/posts\/51129","targetHints":{"allow":["GET"]}}],"collection":[{"href":"https:\/\/denoticiasonline.com\/index.php\/wp-json\/wp\/v2\/posts"}],"about":[{"href":"https:\/\/denoticiasonline.com\/index.php\/wp-json\/wp\/v2\/types\/post"}],"author":[{"embeddable":true,"href":"https:\/\/denoticiasonline.com\/index.php\/wp-json\/wp\/v2\/users\/1"}],"replies":[{"embeddable":true,"href":"https:\/\/denoticiasonline.com\/index.php\/wp-json\/wp\/v2\/comments?post=51129"}],"version-history":[{"count":1,"href":"https:\/\/denoticiasonline.com\/index.php\/wp-json\/wp\/v2\/posts\/51129\/revisions"}],"predecessor-version":[{"id":51131,"href":"https:\/\/denoticiasonline.com\/index.php\/wp-json\/wp\/v2\/posts\/51129\/revisions\/51131"}],"wp:featuredmedia":[{"embeddable":true,"href":"https:\/\/denoticiasonline.com\/index.php\/wp-json\/wp\/v2\/media\/51130"}],"wp:attachment":[{"href":"https:\/\/denoticiasonline.com\/index.php\/wp-json\/wp\/v2\/media?parent=51129"}],"wp:term":[{"taxonomy":"category","embeddable":true,"href":"https:\/\/denoticiasonline.com\/index.php\/wp-json\/wp\/v2\/categories?post=51129"},{"taxonomy":"post_tag","embeddable":true,"href":"https:\/\/denoticiasonline.com\/index.php\/wp-json\/wp\/v2\/tags?post=51129"}],"curies":[{"name":"wp","href":"https:\/\/api.w.org\/{rel}","templated":true}]}}