{"id":51125,"date":"2026-08-14T19:19:07","date_gmt":"2026-08-14T19:19:07","guid":{"rendered":"https:\/\/denoticiasonline.com\/?p=51125"},"modified":"2026-08-28T19:20:55","modified_gmt":"2026-08-28T19:20:55","slug":"unesco-declara-reserva-a-peninsula-valdes","status":"publish","type":"post","link":"https:\/\/denoticiasonline.com\/index.php\/2026\/08\/14\/unesco-declara-reserva-a-peninsula-valdes\/","title":{"rendered":"UNESCO declara reserva a Pen\u00ednsula Vald\u00e9s"},"content":{"rendered":"\n<p class=\"wp-block-paragraph\">La Organizaci\u00f3n de las Naciones Unidas para la Educaci\u00f3n, la Ciencia y la Cultura (UNESCO) aprob\u00f3 este viernes la creaci\u00f3n de la Reserva de Bi\u00f3sfera Pen\u00ednsula Vald\u00e9s, un reconocimiento que abarca una superficie de 1.954.869,30 hect\u00e1reas en la provincia de Chubut y que busca garantizar el desarrollo sustentable de una de las regiones con mayor biodiversidad marina del planeta.<\/p>\n\n\n\n<p class=\"wp-block-paragraph\">La decisi\u00f3n fue adoptada en el marco de la 26\u00b0 reuni\u00f3n del Consejo Internacional de Coordinaci\u00f3n del Programa el Hombre y la Bi\u00f3sfera (MAB), que sesion\u00f3 en la sede de la UNESCO en Par\u00eds. Con esta incorporaci\u00f3n, la Pen\u00ednsula Vald\u00e9s pasa a formar parte de la Red Mundial de Reservas de Bi\u00f3sfera, un programa que promueve la conservaci\u00f3n de la biodiversidad, el desarrollo econ\u00f3mico sostenible y el apoyo a la investigaci\u00f3n cient\u00edfica.<\/p>\n\n\n\n<p class=\"wp-block-paragraph\">El \u00e1rea reconocida comprende la parte territorial de la pen\u00ednsula, los golfos San Jos\u00e9 y Nuevo en su totalidad, y la zona de Punta Ninfas. Este ecosistema alberga importantes poblaciones reproductoras de ballenas francas australes \u2014especie en peligro de extinci\u00f3n\u2014, as\u00ed como de elefantes marinos, lobos marinos y orcas. La regi\u00f3n tambi\u00e9n es h\u00e1bitat de una gran variedad de aves y otras especies marinas que encuentran en sus costas y acantilados un refugio \u00fanico.<\/p>\n\n\n\n<p class=\"wp-block-paragraph\">&#8220;Es una noticia hist\u00f3rica para Chubut y para toda la Argentina. Este reconocimiento internacional no solo pone en valor nuestra riqueza natural, sino que nos compromete a gestionarla de manera sustentable&#8221;, destacaron fuentes del gobierno provincial.<\/p>\n\n\n\n<p class=\"wp-block-paragraph\">La Pen\u00ednsula Vald\u00e9s ya hab\u00eda sido declarada Patrimonio de la Humanidad por la UNESCO en 1999. Con esta nueva distinci\u00f3n como Reserva de Bi\u00f3sfera, la provincia suma una herramienta adicional para equilibrar la conservaci\u00f3n de sus ecosistemas con el desarrollo de actividades productivas y tur\u00edsticas.<\/p>\n\n\n\n<p class=\"wp-block-paragraph\">El programa MAB, creado en 1971, promueve un enfoque interdisciplinario para la gesti\u00f3n sostenible de los recursos naturales. Actualmente, la Red Mundial de Reservas de Bi\u00f3sfera cuenta con m\u00e1s de 700 sitios en m\u00e1s de 130 pa\u00edses.<\/p>\n","protected":false},"excerpt":{"rendered":"<p>La Organizaci\u00f3n de las Naciones Unidas para la Educaci\u00f3n, la Ciencia y la Cultura (UNESCO) aprob\u00f3 este viernes la creaci\u00f3n de la Reserva de Bi\u00f3sfera Pen\u00ednsula Vald\u00e9s, un reconocimiento que abarca una superficie de 1.954.869,30 hect\u00e1reas en la provincia de Chubut y que busca garantizar el desarrollo sustentable de una de las regiones con mayor [&hellip;]<\/p>\n","protected":false},"author":1,"featured_media":51126,"comment_status":"closed","ping_status":"closed","sticky":false,"template":"","format":"standard","meta":{"_jetpack_memberships_contains_paid_content":false,"footnotes":""},"categories":[11520,8489,7664],"tags":[7894,9333,1654,11511,11517,11518,11514,11519,11512,11513,11516,11515,2291],"class_list":["post-51125","post","type-post","status-publish","format-standard","has-post-thumbnail","hentry","category-educacion-nacional","category-nacionales","category-politica-nacional","tag-ballena-franca-austral","tag-biodiversidad","tag-chubut","tag-conservacion","tag-desarrollo-sustentable","tag-golfos-san-jose-y-nuevo","tag-mab","tag-patrimonio-de-la-humanidad","tag-peninsula-valdes","tag-programa-hombre-y-biosfera","tag-punta-ninfas","tag-reserva-de-biosfera","tag-unesco"],"jetpack_featured_media_url":"https:\/\/i0.wp.com\/denoticiasonline.com\/wp-content\/uploads\/2026\/08\/multimedia.normal.86f05db027ceeeac.6e6f726d616c2e77656270.webp?fit=1024%2C544&ssl=1","jetpack_sharing_enabled":true,"_links":{"self":[{"href":"https:\/\/denoticiasonline.com\/index.php\/wp-json\/wp\/v2\/posts\/51125","targetHints":{"allow":["GET"]}}],"collection":[{"href":"https:\/\/denoticiasonline.com\/index.php\/wp-json\/wp\/v2\/posts"}],"about":[{"href":"https:\/\/denoticiasonline.com\/index.php\/wp-json\/wp\/v2\/types\/post"}],"author":[{"embeddable":true,"href":"https:\/\/denoticiasonline.com\/index.php\/wp-json\/wp\/v2\/users\/1"}],"replies":[{"embeddable":true,"href":"https:\/\/denoticiasonline.com\/index.php\/wp-json\/wp\/v2\/comments?post=51125"}],"version-history":[{"count":1,"href":"https:\/\/denoticiasonline.com\/index.php\/wp-json\/wp\/v2\/posts\/51125\/revisions"}],"predecessor-version":[{"id":51127,"href":"https:\/\/denoticiasonline.com\/index.php\/wp-json\/wp\/v2\/posts\/51125\/revisions\/51127"}],"wp:featuredmedia":[{"embeddable":true,"href":"https:\/\/denoticiasonline.com\/index.php\/wp-json\/wp\/v2\/media\/51126"}],"wp:attachment":[{"href":"https:\/\/denoticiasonline.com\/index.php\/wp-json\/wp\/v2\/media?parent=51125"}],"wp:term":[{"taxonomy":"category","embeddable":true,"href":"https:\/\/denoticiasonline.com\/index.php\/wp-json\/wp\/v2\/categories?post=51125"},{"taxonomy":"post_tag","embeddable":true,"href":"https:\/\/denoticiasonline.com\/index.php\/wp-json\/wp\/v2\/tags?post=51125"}],"curies":[{"name":"wp","href":"https:\/\/api.w.org\/{rel}","templated":true}]}}