{"id":51122,"date":"2026-08-03T18:57:32","date_gmt":"2026-08-03T18:57:32","guid":{"rendered":"https:\/\/denoticiasonline.com\/?p=51122"},"modified":"2026-08-28T19:02:28","modified_gmt":"2026-08-28T19:02:28","slug":"cuatro-decadas-de-inclusion-laboral","status":"publish","type":"post","link":"https:\/\/denoticiasonline.com\/index.php\/2026\/08\/03\/cuatro-decadas-de-inclusion-laboral\/","title":{"rendered":"Cuatro d\u00e9cadas de inclusi\u00f3n laboral"},"content":{"rendered":"\n<p class=\"wp-block-paragraph\">El pasado domingo 2 de agosto, el Taller Protegido &#8220;Uni\u00f3n y Patria&#8221; de la ciudad de Chascom\u00fas celebr\u00f3 su 45\u00b0 aniversario en la hist\u00f3rica casona de Alvear 235, con un emotivo encuentro que reuni\u00f3 a operarios, familiares, integrantes de la comisi\u00f3n directiva, autoridades municipales y vecinos<a href=\"https:\/\/www.elcronista.ar\/el-taller-protegido-union-y-patria-celebro-45-anos-de-inclusion-laboral-en-chascomus\" target=\"_blank\" rel=\"noopener\"><\/a>.<\/p>\n\n\n\n<p class=\"wp-block-paragraph\">La ceremonia incluy\u00f3 el descubrimiento de una placa recordatoria en homenaje a la trayectoria de la entidad, un brindis compartido y un espect\u00e1culo a cargo del Mago Gumersindo, que aport\u00f3 un clima festivo y de reconocimiento<a href=\"https:\/\/www.elcronista.ar\/el-taller-protegido-union-y-patria-celebro-45-anos-de-inclusion-laboral-en-chascomus\" target=\"_blank\" rel=\"noopener\"><\/a><a href=\"https:\/\/elfuertediario.com.ar\/el-taller-protegido-union-y-patria-celebro-45-anos-de-trabajo-por-la-inclusion-y-la-solidaridad\/\" target=\"_blank\" rel=\"noopener\"><\/a>.<\/p>\n\n\n\n<p class=\"wp-block-paragraph\">El intendente Javier Gast\u00f3n particip\u00f3 del acto y destac\u00f3 el valor que representa este espacio para la comunidad: &#8220;El Taller es un ejemplo de pertenencia, compromiso y solidaridad, construido a partir del esfuerzo de quienes sostienen desde hace d\u00e9cadas una tarea dedicada a generar oportunidades de inclusi\u00f3n a trav\u00e9s del trabajo&#8221;, expres\u00f3<a href=\"https:\/\/www.elcronista.ar\/el-taller-protegido-union-y-patria-celebro-45-anos-de-inclusion-laboral-en-chascomus\" target=\"_blank\" rel=\"noopener\"><\/a>.<\/p>\n\n\n\n<p class=\"wp-block-paragraph\">La instituci\u00f3n fue creada el 3 de agosto de 1981 por iniciativa de la Sociedad Francesa de Socorros Mutuos &#8220;Uni\u00f3n y Patria&#8221;, fundada en 1891 por inmigrantes franceses<a href=\"https:\/\/www.elcronista.ar\/el-taller-protegido-union-y-patria-celebro-45-anos-de-inclusion-laboral-en-chascomus\" target=\"_blank\" rel=\"noopener\"><\/a><a href=\"https:\/\/elfuertediario.com.ar\/compromiso-y-trabajo-comunitario-el-taller-protegido-union-y-patria-celebra-su-45-aniversario\/\" target=\"_blank\" rel=\"noopener\"><\/a>. El taller naci\u00f3 con el prop\u00f3sito de ofrecer capacitaci\u00f3n e integraci\u00f3n laboral para personas con discapacidad<a href=\"https:\/\/www.elcronista.ar\/el-taller-protegido-union-y-patria-celebro-45-anos-de-inclusion-laboral-en-chascomus\" target=\"_blank\" rel=\"noopener\"><\/a><a href=\"https:\/\/elfuertediario.com.ar\/el-taller-protegido-union-y-patria-celebro-45-anos-de-trabajo-por-la-inclusion-y-la-solidaridad\/\" target=\"_blank\" rel=\"noopener\"><\/a>. Su historia comenz\u00f3 con la fabricaci\u00f3n artesanal de escobillones y el desarrollo de una huerta productiva<a href=\"https:\/\/www.elcronista.ar\/el-taller-protegido-union-y-patria-celebro-45-anos-de-inclusion-laboral-en-chascomus\" target=\"_blank\" rel=\"noopener\"><\/a><a href=\"https:\/\/elfuertediario.com.ar\/compromiso-y-trabajo-comunitario-el-taller-protegido-union-y-patria-celebra-su-45-aniversario\/\" target=\"_blank\" rel=\"noopener\"><\/a>. Con el tiempo, incorpor\u00f3 la elaboraci\u00f3n de dulces y mermeladas caseras, que dieron origen a la marca &#8220;Hechos con el coraz\u00f3n&#8221;, reconocida por generaciones de vecinos por la calidad de sus productos y el valor social que representan<a href=\"https:\/\/www.elcronista.ar\/el-taller-protegido-union-y-patria-celebro-45-anos-de-inclusion-laboral-en-chascomus\" target=\"_blank\" rel=\"noopener\"><\/a><a href=\"https:\/\/elfuertediario.com.ar\/el-taller-protegido-union-y-patria-celebro-45-anos-de-trabajo-por-la-inclusion-y-la-solidaridad\/\" target=\"_blank\" rel=\"noopener\"><\/a>.<\/p>\n\n\n\n<p class=\"wp-block-paragraph\">Actualmente, el taller produce pickles, alfajores de maicena y cepillos para el hogar, adem\u00e1s de realizar trabajos para terceros y ofrecer servicios de cafeter\u00eda<a href=\"https:\/\/www.elcronista.ar\/el-taller-protegido-union-y-patria-celebro-45-anos-de-inclusion-laboral-en-chascomus\" target=\"_blank\" rel=\"noopener\"><\/a><a href=\"https:\/\/elfuertediario.com.ar\/el-taller-protegido-union-y-patria-celebro-45-anos-de-trabajo-por-la-inclusion-y-la-solidaridad\/\" target=\"_blank\" rel=\"noopener\"><\/a>. Estas actividades ampl\u00edan las oportunidades de formaci\u00f3n e inserci\u00f3n laboral para sus operarios, fortaleciendo la misi\u00f3n de integraci\u00f3n que gu\u00eda a la instituci\u00f3n<a href=\"https:\/\/www.elcronista.ar\/el-taller-protegido-union-y-patria-celebro-45-anos-de-inclusion-laboral-en-chascomus\" target=\"_blank\" rel=\"noopener\"><\/a>.<\/p>\n\n\n\n<p class=\"wp-block-paragraph\">En el marco del aniversario, la comisi\u00f3n directiva record\u00f3 a todas las personas que dejaron su huella en la historia del taller y agradeci\u00f3 a colaboradores, clientes y vecinos que acompa\u00f1an cotidianamente esta iniciativa solidaria<a href=\"https:\/\/www.elcronista.ar\/el-taller-protegido-union-y-patria-celebro-45-anos-de-inclusion-laboral-en-chascomus\" target=\"_blank\" rel=\"noopener\"><\/a><a href=\"https:\/\/elfuertediario.com.ar\/el-taller-protegido-union-y-patria-celebro-45-anos-de-trabajo-por-la-inclusion-y-la-solidaridad\/\" target=\"_blank\" rel=\"noopener\"><\/a>. A lo largo de m\u00e1s de cuatro d\u00e9cadas, la instituci\u00f3n se ha consolidado como un pilar imprescindible para la comunidad, construyendo un espacio fundado en la solidaridad, la dignidad del trabajo y la integraci\u00f3n social laboral de personas con capacidades diferentes<a href=\"https:\/\/elfuertediario.com.ar\/compromiso-y-trabajo-comunitario-el-taller-protegido-union-y-patria-celebra-su-45-aniversario\/\" target=\"_blank\" rel=\"noopener\"><\/a>.<\/p>\n\n\n\n<p class=\"wp-block-paragraph\"><\/p>\n","protected":false},"excerpt":{"rendered":"<p>El pasado domingo 2 de agosto, el Taller Protegido &#8220;Uni\u00f3n y Patria&#8221; de la ciudad de Chascom\u00fas celebr\u00f3 su 45\u00b0 aniversario en la hist\u00f3rica casona de Alvear 235, con un emotivo encuentro que reuni\u00f3 a operarios, familiares, integrantes de la comisi\u00f3n directiva, autoridades municipales y vecinos. La ceremonia incluy\u00f3 el descubrimiento de una placa recordatoria [&hellip;]<\/p>\n","protected":false},"author":1,"featured_media":51123,"comment_status":"closed","ping_status":"closed","sticky":false,"template":"","format":"standard","meta":{"_jetpack_memberships_contains_paid_content":false,"footnotes":""},"categories":[11422,11418],"tags":[],"class_list":["post-51122","post","type-post","status-publish","format-standard","has-post-thumbnail","hentry","category-deportes","category-provinciales"],"jetpack_featured_media_url":"https:\/\/i0.wp.com\/denoticiasonline.com\/wp-content\/uploads\/2026\/08\/historia-4.jpg?fit=540%2C282&ssl=1","jetpack_sharing_enabled":true,"_links":{"self":[{"href":"https:\/\/denoticiasonline.com\/index.php\/wp-json\/wp\/v2\/posts\/51122","targetHints":{"allow":["GET"]}}],"collection":[{"href":"https:\/\/denoticiasonline.com\/index.php\/wp-json\/wp\/v2\/posts"}],"about":[{"href":"https:\/\/denoticiasonline.com\/index.php\/wp-json\/wp\/v2\/types\/post"}],"author":[{"embeddable":true,"href":"https:\/\/denoticiasonline.com\/index.php\/wp-json\/wp\/v2\/users\/1"}],"replies":[{"embeddable":true,"href":"https:\/\/denoticiasonline.com\/index.php\/wp-json\/wp\/v2\/comments?post=51122"}],"version-history":[{"count":1,"href":"https:\/\/denoticiasonline.com\/index.php\/wp-json\/wp\/v2\/posts\/51122\/revisions"}],"predecessor-version":[{"id":51124,"href":"https:\/\/denoticiasonline.com\/index.php\/wp-json\/wp\/v2\/posts\/51122\/revisions\/51124"}],"wp:featuredmedia":[{"embeddable":true,"href":"https:\/\/denoticiasonline.com\/index.php\/wp-json\/wp\/v2\/media\/51123"}],"wp:attachment":[{"href":"https:\/\/denoticiasonline.com\/index.php\/wp-json\/wp\/v2\/media?parent=51122"}],"wp:term":[{"taxonomy":"category","embeddable":true,"href":"https:\/\/denoticiasonline.com\/index.php\/wp-json\/wp\/v2\/categories?post=51122"},{"taxonomy":"post_tag","embeddable":true,"href":"https:\/\/denoticiasonline.com\/index.php\/wp-json\/wp\/v2\/tags?post=51122"}],"curies":[{"name":"wp","href":"https:\/\/api.w.org\/{rel}","templated":true}]}}