{"id":51114,"date":"2026-08-19T14:26:11","date_gmt":"2026-08-19T14:26:11","guid":{"rendered":"https:\/\/denoticiasonline.com\/?p=51114"},"modified":"2026-08-19T14:26:14","modified_gmt":"2026-08-19T14:26:14","slug":"el-semaforo-que-mide-presion-tributaria","status":"publish","type":"post","link":"https:\/\/denoticiasonline.com\/index.php\/2026\/08\/19\/el-semaforo-que-mide-presion-tributaria\/","title":{"rendered":"El sem\u00e1foro que mide presi\u00f3n tributaria"},"content":{"rendered":"\n<p class=\"wp-block-paragraph\"><strong>C\u00f3mo funciona el Sem\u00e1foro Fiscal que revela la presi\u00f3n impositiva en los 135 municipios bonaerenses<\/strong><\/p>\n\n\n\n<p class=\"wp-block-paragraph\">Una plataforma digital que cruza al\u00edcuotas, tasas viales y cobertura de infraestructura permite ahora medir con precisi\u00f3n la carga tributaria de cada distrito de la provincia de Buenos Aires. Se trata del Sem\u00e1foro Fiscal, presentado por el senador Diego Valenzuela en la Torre Macro ante una audiencia encabezada por Patricia Bullrich y conformada por especialistas tributarios, economistas y referentes del sector productivo.<\/p>\n\n\n\n<p class=\"wp-block-paragraph\">El indicador promedia las al\u00edcuotas nominales de cinco actividades (banca minorista, hipermercado, industria, comercio y comercio mayorista), y suma 0,14 puntos si el municipio aplica Tasa Vial o Habilitaci\u00f3n. Con esa m\u00e9trica, el relevamiento coloca en zona &#8220;verde&#8221; a San Pedro (0,52%), Tres de Febrero (0,55%) y San Nicol\u00e1s (0,75%) \u2013ninguno cobra tasa vial\u2013, mientras que en el &#8220;rojo&#8221; m\u00e1s cr\u00edtico aparecen Hurlingham (3,16%), Lan\u00fas (3,06%) y Marcos Paz (2,88%), donde todas las al\u00edcuotas superan el 1,00% y s\u00ed se cobra ese adicional.<\/p>\n\n\n\n<p class=\"wp-block-paragraph\">&#8220;El objetivo es que cada vecino, comerciante o empresario pueda tomar decisiones informadas sobre d\u00f3nde invertir o generar empleo&#8221;, remarc\u00f3 Valenzuela, quien adelant\u00f3 que el proyecto ya fue compartido con el presidente Javier Milei con muy buena recepci\u00f3n. El ex intendente de Tres de Febrero insisti\u00f3 en que los municipios deben virar hacia pol\u00edticas de est\u00edmulo fiscal y desregulaci\u00f3n, y advirti\u00f3 que aquellos que persistan con el modelo recaudador quedar\u00e1n desconectados de la realidad ciudadana.<\/p>\n\n\n\n<p class=\"wp-block-paragraph\">Bullrich, en tanto, subray\u00f3 que el sem\u00e1foro evidencia dos l\u00f3gicas de gesti\u00f3n: una recaudatoria y otra desburocratizadora, y puso en valor la iniciativa como un correlato local de las reformas que se impulsan a nivel nacional.<\/p>\n\n\n\n<p class=\"wp-block-paragraph\">El trabajo tambi\u00e9n incluye un bloque de infraestructura, donde los mejores puntajes los obtienen Vicente L\u00f3pez (92,46%), Tres de Febrero (90,02%) y San Isidro (89,36%), y ofrece informaci\u00f3n complementaria sobre empleo, habilitaciones y tama\u00f1o estatal, todo sintetizado en un mapa de colores de f\u00e1cil lectura.<\/p>\n\n\n\n<p class=\"wp-block-paragraph\"><em>Consult\u00e1 el informe completo en&nbsp;<a href=\"https:\/\/menosimpuestos.com.ar\/index\" target=\"_blank\" rel=\"noreferrer noopener\">menosimpuestos.com.ar\/index<\/a><\/em><\/p>\n","protected":false},"excerpt":{"rendered":"<p>C\u00f3mo funciona el Sem\u00e1foro Fiscal que revela la presi\u00f3n impositiva en los 135 municipios bonaerenses Una plataforma digital que cruza al\u00edcuotas, tasas viales y cobertura de infraestructura permite ahora medir con precisi\u00f3n la carga tributaria de cada distrito de la provincia de Buenos Aires. Se trata del Sem\u00e1foro Fiscal, presentado por el senador Diego Valenzuela [&hellip;]<\/p>\n","protected":false},"author":1,"featured_media":51115,"comment_status":"closed","ping_status":"closed","sticky":false,"template":"","format":"standard","meta":{"_jetpack_memberships_contains_paid_content":false,"footnotes":""},"categories":[24,8489,108],"tags":[11499,7705,4394,11501,11500,11502,3195],"class_list":["post-51114","post","type-post","status-publish","format-standard","has-post-thumbnail","hentry","category-economia-nacional","category-nacionales","category-sociedad-nacional","tag-alicuotas","tag-diego-valenzuela","tag-patricia-bullrich","tag-ranking-de-municipios","tag-semaforo-fiscal-presion-fiscal-municipios-buenos-aires","tag-tasa-vial","tag-tasas-municipales"],"jetpack_featured_media_url":"https:\/\/i0.wp.com\/denoticiasonline.com\/wp-content\/uploads\/2026\/08\/WhatsApp-Image-2026-08-18-at-7.23.23-PM.jpeg?fit=1280%2C1600&ssl=1","jetpack_sharing_enabled":true,"_links":{"self":[{"href":"https:\/\/denoticiasonline.com\/index.php\/wp-json\/wp\/v2\/posts\/51114","targetHints":{"allow":["GET"]}}],"collection":[{"href":"https:\/\/denoticiasonline.com\/index.php\/wp-json\/wp\/v2\/posts"}],"about":[{"href":"https:\/\/denoticiasonline.com\/index.php\/wp-json\/wp\/v2\/types\/post"}],"author":[{"embeddable":true,"href":"https:\/\/denoticiasonline.com\/index.php\/wp-json\/wp\/v2\/users\/1"}],"replies":[{"embeddable":true,"href":"https:\/\/denoticiasonline.com\/index.php\/wp-json\/wp\/v2\/comments?post=51114"}],"version-history":[{"count":1,"href":"https:\/\/denoticiasonline.com\/index.php\/wp-json\/wp\/v2\/posts\/51114\/revisions"}],"predecessor-version":[{"id":51116,"href":"https:\/\/denoticiasonline.com\/index.php\/wp-json\/wp\/v2\/posts\/51114\/revisions\/51116"}],"wp:featuredmedia":[{"embeddable":true,"href":"https:\/\/denoticiasonline.com\/index.php\/wp-json\/wp\/v2\/media\/51115"}],"wp:attachment":[{"href":"https:\/\/denoticiasonline.com\/index.php\/wp-json\/wp\/v2\/media?parent=51114"}],"wp:term":[{"taxonomy":"category","embeddable":true,"href":"https:\/\/denoticiasonline.com\/index.php\/wp-json\/wp\/v2\/categories?post=51114"},{"taxonomy":"post_tag","embeddable":true,"href":"https:\/\/denoticiasonline.com\/index.php\/wp-json\/wp\/v2\/tags?post=51114"}],"curies":[{"name":"wp","href":"https:\/\/api.w.org\/{rel}","templated":true}]}}