{"id":51072,"date":"2026-05-30T16:38:40","date_gmt":"2026-05-30T16:38:40","guid":{"rendered":"https:\/\/denoticiasonline.com\/?p=51072"},"modified":"2026-06-01T16:40:10","modified_gmt":"2026-06-01T16:40:10","slug":"a-11-anos-no-cambio-nada","status":"publish","type":"post","link":"https:\/\/denoticiasonline.com\/index.php\/2026\/05\/30\/a-11-anos-no-cambio-nada\/","title":{"rendered":"A 11 A\u00d1OS NO CAMBIO NADA"},"content":{"rendered":"\n<p class=\"wp-block-paragraph\"><strong>11 a\u00f1os de Ni Una Menos, m\u00e1s de 3.400 v\u00edctimas fatales por violencia de g\u00e9nero <\/strong><\/p>\n\n\n\n<p class=\"wp-block-paragraph\">En el und\u00e9cimo aniversario del primer grito colectivo de \u201cNi Una Menos\u201d, el Observatorio de Femicidios de Argentina present\u00f3 un informe escalofriante: entre el 3 de junio de 2015 y el 27 de mayo de 2026 se registraron 3.424 v\u00edctimas fatales por violencia de g\u00e9nero. De ese total, 3.073 fueron femicidios directos de mujeres y ni\u00f1as, mientras que el resto incluye femicidios vinculados de varones adultos y ni\u00f1os asesinados como parte de la misma violencia machista.<\/p>\n\n\n\n<p class=\"wp-block-paragraph\">El informe destaca que, pese a los avances legislativos y la mayor visibilizaci\u00f3n del problema, la cifra de v\u00edctimas no ha mostrado una tendencia descendente sostenida. En promedio, durante estos once a\u00f1os se produjo un femicidio cada 32 horas. El 62% de los casos ocurri\u00f3 dentro de la vivienda compartida por v\u00edctima y agresor, y el 41% de las v\u00edctimas hab\u00eda realizado al menos una denuncia previa.<\/p>\n\n\n\n<p class=\"wp-block-paragraph\">El documento tambi\u00e9n se\u00f1ala que 312 de los femicidios (poco m\u00e1s del 10%) ocurrieron en contextos de violencia institucional, donde hubo demoras en la respuesta judicial, fallas en la protecci\u00f3n de las v\u00edctimas o ausencia de medidas cautelares efectivas. Las provincias con mayores tasas por cada 100.000 mujeres fueron Salta, Santiago del Estero, Chaco y Mendoza.<\/p>\n\n\n\n<p class=\"wp-block-paragraph\">Organizaciones feministas convocaron a movilizaciones para el 3 de junio en todo el pa\u00eds bajo la consigna \u201cSeguimos vivas, seguimos luchando\u201d. En un comunicado conjunto, la Campa\u00f1a Nacional por el Derecho al Aborto Legal, Seguro y Gratuito y el colectivo Ni Una Menos exigieron al gobierno nacional la implementaci\u00f3n urgente del Plan Nacional de Acci\u00f3n contra las Violencias por Razones de G\u00e9nero, que permanece parcialmente ejecutado. Tambi\u00e9n pidieron la creaci\u00f3n de un registro unificado de femicidios en tiempo real y la asignaci\u00f3n de presupuesto espec\u00edfico para refugios y dispositivos de protecci\u00f3n a mujeres en riesgo.<\/p>\n\n\n\n<p class=\"wp-block-paragraph\">La fecha, que naci\u00f3 como un reclamo viral en 2015, volvi\u00f3 a visibilizar una deuda estructural de la democracia argentina.<\/p>\n\n\n\n<figure class=\"wp-block-image size-large is-resized\"><img data-recalc-dims=\"1\" loading=\"lazy\" decoding=\"async\" width=\"696\" height=\"417\" src=\"https:\/\/i0.wp.com\/denoticiasonline.com\/wp-content\/uploads\/2026\/06\/ni-una-menos-010a3684_0-1024x614.jpg?resize=696%2C417&#038;ssl=1\" alt=\"\" class=\"wp-image-51073\" style=\"aspect-ratio:1.6677694363150528;width:728px;height:auto\" srcset=\"https:\/\/i0.wp.com\/denoticiasonline.com\/wp-content\/uploads\/2026\/06\/ni-una-menos-010a3684_0-scaled.jpg?resize=1024%2C614&amp;ssl=1 1024w, https:\/\/i0.wp.com\/denoticiasonline.com\/wp-content\/uploads\/2026\/06\/ni-una-menos-010a3684_0-scaled.jpg?resize=300%2C180&amp;ssl=1 300w, https:\/\/i0.wp.com\/denoticiasonline.com\/wp-content\/uploads\/2026\/06\/ni-una-menos-010a3684_0-scaled.jpg?resize=768%2C461&amp;ssl=1 768w, https:\/\/i0.wp.com\/denoticiasonline.com\/wp-content\/uploads\/2026\/06\/ni-una-menos-010a3684_0-scaled.jpg?resize=1536%2C922&amp;ssl=1 1536w, https:\/\/i0.wp.com\/denoticiasonline.com\/wp-content\/uploads\/2026\/06\/ni-una-menos-010a3684_0-scaled.jpg?resize=2048%2C1229&amp;ssl=1 2048w, https:\/\/i0.wp.com\/denoticiasonline.com\/wp-content\/uploads\/2026\/06\/ni-una-menos-010a3684_0-scaled.jpg?resize=150%2C90&amp;ssl=1 150w, https:\/\/i0.wp.com\/denoticiasonline.com\/wp-content\/uploads\/2026\/06\/ni-una-menos-010a3684_0-scaled.jpg?resize=696%2C418&amp;ssl=1 696w, https:\/\/i0.wp.com\/denoticiasonline.com\/wp-content\/uploads\/2026\/06\/ni-una-menos-010a3684_0-scaled.jpg?resize=1068%2C641&amp;ssl=1 1068w, https:\/\/i0.wp.com\/denoticiasonline.com\/wp-content\/uploads\/2026\/06\/ni-una-menos-010a3684_0-scaled.jpg?resize=1920%2C1152&amp;ssl=1 1920w, https:\/\/i0.wp.com\/denoticiasonline.com\/wp-content\/uploads\/2026\/06\/ni-una-menos-010a3684_0-scaled.jpg?resize=700%2C420&amp;ssl=1 700w, https:\/\/i0.wp.com\/denoticiasonline.com\/wp-content\/uploads\/2026\/06\/ni-una-menos-010a3684_0-scaled.jpg?w=1392 1392w\" sizes=\"auto, (max-width: 696px) 100vw, 696px\" \/><\/figure>\n","protected":false},"excerpt":{"rendered":"<p>11 a\u00f1os de Ni Una Menos, m\u00e1s de 3.400 v\u00edctimas fatales por violencia de g\u00e9nero En el und\u00e9cimo aniversario del primer grito colectivo de \u201cNi Una Menos\u201d, el Observatorio de Femicidios de Argentina present\u00f3 un informe escalofriante: entre el 3 de junio de 2015 y el 27 de mayo de 2026 se registraron 3.424 v\u00edctimas [&hellip;]<\/p>\n","protected":false},"author":1,"featured_media":51073,"comment_status":"closed","ping_status":"closed","sticky":false,"template":"","format":"standard","meta":{"_jetpack_memberships_contains_paid_content":false,"footnotes":""},"categories":[8489,7665,7664],"tags":[],"class_list":["post-51072","post","type-post","status-publish","format-standard","has-post-thumbnail","hentry","category-nacionales","category-policiales-nacionales","category-politica-nacional"],"jetpack_featured_media_url":"https:\/\/i0.wp.com\/denoticiasonline.com\/wp-content\/uploads\/2026\/06\/ni-una-menos-010a3684_0-scaled.jpg?fit=2560%2C1536&ssl=1","jetpack_sharing_enabled":true,"_links":{"self":[{"href":"https:\/\/denoticiasonline.com\/index.php\/wp-json\/wp\/v2\/posts\/51072","targetHints":{"allow":["GET"]}}],"collection":[{"href":"https:\/\/denoticiasonline.com\/index.php\/wp-json\/wp\/v2\/posts"}],"about":[{"href":"https:\/\/denoticiasonline.com\/index.php\/wp-json\/wp\/v2\/types\/post"}],"author":[{"embeddable":true,"href":"https:\/\/denoticiasonline.com\/index.php\/wp-json\/wp\/v2\/users\/1"}],"replies":[{"embeddable":true,"href":"https:\/\/denoticiasonline.com\/index.php\/wp-json\/wp\/v2\/comments?post=51072"}],"version-history":[{"count":1,"href":"https:\/\/denoticiasonline.com\/index.php\/wp-json\/wp\/v2\/posts\/51072\/revisions"}],"predecessor-version":[{"id":51074,"href":"https:\/\/denoticiasonline.com\/index.php\/wp-json\/wp\/v2\/posts\/51072\/revisions\/51074"}],"wp:featuredmedia":[{"embeddable":true,"href":"https:\/\/denoticiasonline.com\/index.php\/wp-json\/wp\/v2\/media\/51073"}],"wp:attachment":[{"href":"https:\/\/denoticiasonline.com\/index.php\/wp-json\/wp\/v2\/media?parent=51072"}],"wp:term":[{"taxonomy":"category","embeddable":true,"href":"https:\/\/denoticiasonline.com\/index.php\/wp-json\/wp\/v2\/categories?post=51072"},{"taxonomy":"post_tag","embeddable":true,"href":"https:\/\/denoticiasonline.com\/index.php\/wp-json\/wp\/v2\/tags?post=51072"}],"curies":[{"name":"wp","href":"https:\/\/api.w.org\/{rel}","templated":true}]}}