{"id":51063,"date":"2026-05-29T16:32:48","date_gmt":"2026-05-29T16:32:48","guid":{"rendered":"https:\/\/denoticiasonline.com\/?p=51063"},"modified":"2026-05-29T16:32:49","modified_gmt":"2026-05-29T16:32:49","slug":"pedro-mairal-un-mal-gobierno-no-va-a-doblegar-la-cultura-argentina","status":"publish","type":"post","link":"https:\/\/denoticiasonline.com\/index.php\/2026\/05\/29\/pedro-mairal-un-mal-gobierno-no-va-a-doblegar-la-cultura-argentina\/","title":{"rendered":"Pedro Mairal: &#8220;Un mal gobierno no va a doblegar la cultura argentina&#8221;"},"content":{"rendered":"\n<p class=\"wp-block-paragraph\">El escritor bonaerense Pedro Mairal (Buenos Aires, 1970) asegur\u00f3 en una entrevista con la agencia EFE durante el festival Centroam\u00e9rica Cuenta en Panam\u00e1 que &#8220;un mal gobierno, malas administraciones, no van a doblegar la cultura argentina&#8221;. El autor de &#8220;La uruguaya&#8221; destac\u00f3 la tenacidad de los artistas locales para producir obras pese al &#8220;maltrato&#8221; de sucesivos gobiernos hacia el ambiente cultural&nbsp;<a href=\"https:\/\/efe.com\/cultura\/2026-05-29\/argentina-obras-cultura-gobierno-pedro-mairal-escritor\/\" target=\"_blank\" rel=\"noreferrer noopener\"><\/a>.<\/p>\n\n\n\n<p class=\"wp-block-paragraph\">&#8220;Argentina tiene un m\u00fasculo cultural, una fuerza cultural&#8221;, afirm\u00f3 Mairal, quien resalt\u00f3 que &#8220;todo el tiempo la gente est\u00e1 haciendo m\u00fasica, est\u00e1 escribiendo, haciendo teatro, est\u00e1 haciendo cine&#8221;. &#8220;Me emociona mucho ver la fuerza que hay en ese sentido&#8221;, agreg\u00f3 el escritor, conocido por incorporar el lunfardo en sus creaciones literarias. &#8220;Malos gobiernos, maltratadores, que ningunean la cultura, no van a hacer mella&#8221;, sentenci\u00f3&nbsp;<a href=\"https:\/\/efe.com\/cultura\/2026-05-29\/argentina-obras-cultura-gobierno-pedro-mairal-escritor\/\" target=\"_blank\" rel=\"noreferrer noopener\"><\/a>.<\/p>\n","protected":false},"excerpt":{"rendered":"<p>El escritor bonaerense Pedro Mairal (Buenos Aires, 1970) asegur\u00f3 en una entrevista con la agencia EFE durante el festival Centroam\u00e9rica Cuenta en Panam\u00e1 que &#8220;un mal gobierno, malas administraciones, no van a doblegar la cultura argentina&#8221;. El autor de &#8220;La uruguaya&#8221; destac\u00f3 la tenacidad de los artistas locales para producir obras pese al &#8220;maltrato&#8221; de [&hellip;]<\/p>\n","protected":false},"author":1,"featured_media":51064,"comment_status":"closed","ping_status":"closed","sticky":false,"template":"","format":"standard","meta":{"_jetpack_memberships_contains_paid_content":false,"footnotes":""},"categories":[8492],"tags":[11449,11450,11451,11452],"class_list":["post-51063","post","type-post","status-publish","format-standard","has-post-thumbnail","hentry","category-cultura-nacional","tag-cultura-2","tag-efe","tag-literaturaargentina","tag-pedromairal"],"jetpack_featured_media_url":"https:\/\/i0.wp.com\/denoticiasonline.com\/wp-content\/uploads\/2026\/05\/7CDFYR7VUZC5XDH2GPE7UJPLRE.jpg?fit=1920%2C1280&ssl=1","jetpack_sharing_enabled":true,"_links":{"self":[{"href":"https:\/\/denoticiasonline.com\/index.php\/wp-json\/wp\/v2\/posts\/51063","targetHints":{"allow":["GET"]}}],"collection":[{"href":"https:\/\/denoticiasonline.com\/index.php\/wp-json\/wp\/v2\/posts"}],"about":[{"href":"https:\/\/denoticiasonline.com\/index.php\/wp-json\/wp\/v2\/types\/post"}],"author":[{"embeddable":true,"href":"https:\/\/denoticiasonline.com\/index.php\/wp-json\/wp\/v2\/users\/1"}],"replies":[{"embeddable":true,"href":"https:\/\/denoticiasonline.com\/index.php\/wp-json\/wp\/v2\/comments?post=51063"}],"version-history":[{"count":1,"href":"https:\/\/denoticiasonline.com\/index.php\/wp-json\/wp\/v2\/posts\/51063\/revisions"}],"predecessor-version":[{"id":51065,"href":"https:\/\/denoticiasonline.com\/index.php\/wp-json\/wp\/v2\/posts\/51063\/revisions\/51065"}],"wp:featuredmedia":[{"embeddable":true,"href":"https:\/\/denoticiasonline.com\/index.php\/wp-json\/wp\/v2\/media\/51064"}],"wp:attachment":[{"href":"https:\/\/denoticiasonline.com\/index.php\/wp-json\/wp\/v2\/media?parent=51063"}],"wp:term":[{"taxonomy":"category","embeddable":true,"href":"https:\/\/denoticiasonline.com\/index.php\/wp-json\/wp\/v2\/categories?post=51063"},{"taxonomy":"post_tag","embeddable":true,"href":"https:\/\/denoticiasonline.com\/index.php\/wp-json\/wp\/v2\/tags?post=51063"}],"curies":[{"name":"wp","href":"https:\/\/api.w.org\/{rel}","templated":true}]}}