{"id":51060,"date":"2026-05-28T15:43:43","date_gmt":"2026-05-28T15:43:43","guid":{"rendered":"https:\/\/denoticiasonline.com\/?p=51060"},"modified":"2026-06-01T16:37:48","modified_gmt":"2026-06-01T16:37:48","slug":"estudiantes-toman-el-colegio-nacional-de-buenos-aires-y-el-pellegrini","status":"publish","type":"post","link":"https:\/\/denoticiasonline.com\/index.php\/2026\/05\/28\/estudiantes-toman-el-colegio-nacional-de-buenos-aires-y-el-pellegrini\/","title":{"rendered":"Estudiantes toman el Colegio Nacional de Buenos Aires y el Pellegrini"},"content":{"rendered":"\n<h3 class=\"wp-block-heading\">Nacional Buenos Aires y Pellegrini: posturas dispares en la toma por la Ley de Financiamiento<\/h3>\n\n\n\n<p class=\"wp-block-paragraph\"><strong>Mientras el Colegio Nacional de Buenos Aires levant\u00f3 la toma transitoriamente y reanudar\u00e1 las clases este jueves, la Escuela Superior de Comercio Carlos Pellegrini mantiene la medida de fuerza por tiempo indeterminado. El reclamo de los estudiantes es por el cumplimiento de la Ley de Financiamiento Universitario.<\/strong><\/p>\n\n\n\n<p class=\"wp-block-paragraph\">En el Nacional Buenos Aires, la asamblea estudiantil de ayer resolvi\u00f3 levantar la ocupaci\u00f3n durante 24 horas para permitir el normal funcionamiento de las elecciones de la Comisi\u00f3n Interna de No Docentes&nbsp;<a href=\"https:\/\/www.lanacion.com.ar\/sociedad\/quienes-estan-detras-siguen-las-tomas-en-los-colegios-secundarios-de-la-uba-nid27052026\/\" target=\"_blank\" rel=\"noreferrer noopener\"><\/a>. Sin embargo, los estudiantes advirtieron que la toma se reanudar\u00e1 el viernes &#8220;por tiempo indeterminado&#8221;. Francisco Pitrola, presidente del centro de estudiantes, explic\u00f3 que &#8220;hay una voluntad de que el colegio vuelva a ser tomado el viernes, pero vamos a agotar las instancias de discusi\u00f3n&#8221;&nbsp;<a href=\"https:\/\/www.lanacion.com.ar\/sociedad\/quienes-estan-detras-siguen-las-tomas-en-los-colegios-secundarios-de-la-uba-nid27052026\/\" target=\"_blank\" rel=\"noreferrer noopener\"><\/a>.<\/p>\n\n\n\n<p class=\"wp-block-paragraph\">En el Carlos Pellegrini, la asamblea realizada cerca de las 22 decidi\u00f3 continuar con la ocupaci\u00f3n del edificio. Las autoridades de la instituci\u00f3n y de la UBA ofrecieron permanecer dentro del establecimiento para mantener un canal de di\u00e1logo, pero la propuesta fue rechazada por la representaci\u00f3n estudiantil&nbsp;<a href=\"https:\/\/www.tiempoar.com.ar\/ta_article\/ley-de-financiamiento-universitario-levantaron-la-toma-en-el-nacional-buenos-aires-y-se-mantiene-la-del-pellegrini\/\" target=\"_blank\" rel=\"noreferrer noopener\"><\/a>.<\/p>\n\n\n\n<p class=\"wp-block-paragraph\">El conflicto tiene como trasfondo el reclamo por la aplicaci\u00f3n efectiva de la Ley de Financiamiento Universitario, aprobada por el Congreso en 2025 y luego vetada por el presidente Javier Milei. La ley se encuentra actualmente frenada por litigios judiciales, a la espera de un fallo de la Corte Suprema&nbsp;<a href=\"https:\/\/www.tiempoar.com.ar\/ta_article\/ley-de-financiamiento-universitario-levantaron-la-toma-en-el-nacional-buenos-aires-y-se-mantiene-la-del-pellegrini\/\" target=\"_blank\" rel=\"noreferrer noopener\"><\/a><a href=\"https:\/\/www.lanacion.com.ar\/sociedad\/quienes-estan-detras-siguen-las-tomas-en-los-colegios-secundarios-de-la-uba-nid27052026\/\" target=\"_blank\" rel=\"noreferrer noopener\"><\/a>.<\/p>\n\n\n\n<p class=\"wp-block-paragraph\">Desde el gobierno porte\u00f1o y las autoridades de la UBA siguen de cerca la situaci\u00f3n, mientras los estudiantes organizaron clases abiertas en plazas y espacios p\u00fablicos como parte de la protesta<\/p>\n","protected":false},"excerpt":{"rendered":"<p>Nacional Buenos Aires y Pellegrini: posturas dispares en la toma por la Ley de Financiamiento Mientras el Colegio Nacional de Buenos Aires levant\u00f3 la toma transitoriamente y reanudar\u00e1 las clases este jueves, la Escuela Superior de Comercio Carlos Pellegrini mantiene la medida de fuerza por tiempo indeterminado. El reclamo de los estudiantes es por el [&hellip;]<\/p>\n","protected":false},"author":1,"featured_media":51061,"comment_status":"closed","ping_status":"closed","sticky":false,"template":"","format":"standard","meta":{"_jetpack_memberships_contains_paid_content":false,"footnotes":""},"categories":[8489],"tags":[11443,11448,11446,11444,11445,11447],"class_list":["post-51060","post","type-post","status-publish","format-standard","has-post-thumbnail","hentry","category-nacionales","tag-educacion-4","tag-financiamientouniversitario","tag-nacionalbuenosaires","tag-pellegrini","tag-tomadecolegios","tag-uba-2"],"jetpack_featured_media_url":"https:\/\/i0.wp.com\/denoticiasonline.com\/wp-content\/uploads\/2026\/05\/md.webp?fit=992%2C659&ssl=1","jetpack_sharing_enabled":true,"_links":{"self":[{"href":"https:\/\/denoticiasonline.com\/index.php\/wp-json\/wp\/v2\/posts\/51060","targetHints":{"allow":["GET"]}}],"collection":[{"href":"https:\/\/denoticiasonline.com\/index.php\/wp-json\/wp\/v2\/posts"}],"about":[{"href":"https:\/\/denoticiasonline.com\/index.php\/wp-json\/wp\/v2\/types\/post"}],"author":[{"embeddable":true,"href":"https:\/\/denoticiasonline.com\/index.php\/wp-json\/wp\/v2\/users\/1"}],"replies":[{"embeddable":true,"href":"https:\/\/denoticiasonline.com\/index.php\/wp-json\/wp\/v2\/comments?post=51060"}],"version-history":[{"count":1,"href":"https:\/\/denoticiasonline.com\/index.php\/wp-json\/wp\/v2\/posts\/51060\/revisions"}],"predecessor-version":[{"id":51062,"href":"https:\/\/denoticiasonline.com\/index.php\/wp-json\/wp\/v2\/posts\/51060\/revisions\/51062"}],"wp:featuredmedia":[{"embeddable":true,"href":"https:\/\/denoticiasonline.com\/index.php\/wp-json\/wp\/v2\/media\/51061"}],"wp:attachment":[{"href":"https:\/\/denoticiasonline.com\/index.php\/wp-json\/wp\/v2\/media?parent=51060"}],"wp:term":[{"taxonomy":"category","embeddable":true,"href":"https:\/\/denoticiasonline.com\/index.php\/wp-json\/wp\/v2\/categories?post=51060"},{"taxonomy":"post_tag","embeddable":true,"href":"https:\/\/denoticiasonline.com\/index.php\/wp-json\/wp\/v2\/tags?post=51060"}],"curies":[{"name":"wp","href":"https:\/\/api.w.org\/{rel}","templated":true}]}}