{"id":51012,"date":"2026-02-25T13:04:03","date_gmt":"2026-02-25T13:04:03","guid":{"rendered":"https:\/\/denoticiasonline.com\/?p=51012"},"modified":"2026-02-25T13:04:05","modified_gmt":"2026-02-25T13:04:05","slug":"atrapan-en-pilar-a-sospechoso-de-robos-armados-en-supermercados-chinos","status":"publish","type":"post","link":"https:\/\/denoticiasonline.com\/index.php\/2026\/02\/25\/atrapan-en-pilar-a-sospechoso-de-robos-armados-en-supermercados-chinos\/","title":{"rendered":"ATRAPAN EN PILAR A SOSPECHOSO DE ROBOS ARMADOS EN SUPERMERCADOS CHINOS"},"content":{"rendered":"\n<p class=\"wp-block-paragraph\">Luego de una serie de tareas de inteligencia y recolecci\u00f3n de pruebas, efectivos de la SUB DDI Pilar lograron detener a un hombre acusado de cometer asaltos a mano armada en supermercados atendidos por ciudadanos chinos en diferentes puntos de Pilar. La pesquisa lo vincul\u00f3 con, al menos, dos robos registrados en junio de 2025.<\/p>\n\n\n\n<p class=\"wp-block-paragraph\">El primero de los robos investigados se produjo el 20 de junio de 2025, en un supermercado llamado \u201cLa Familia\u201d ubicado en la calle Cattaneo de la localidad de Manuel Alberti. Seg\u00fan la denuncia, el acusado ingres\u00f3 al comercio mientras la v\u00edctima se encontraba trabajando y, mediante amenazas con un arma de fuego, exigi\u00f3 la recaudaci\u00f3n del d\u00eda. Durante el asalto, el sujeto exhibi\u00f3 adem\u00e1s un arma larga del tipo ametralladora, se\u00f1alaron fuentes del caso a Pilar de Todos. Todos los movimientos quedaron registrados en las c\u00e1maras de seguridad del lugar.<\/p>\n\n\n\n<p class=\"wp-block-paragraph\"><strong>Dos hechos en supermercados del distrito<\/strong><\/p>\n\n\n\n<p class=\"wp-block-paragraph\"><strong><br><\/strong>El segundo hecho ocurri\u00f3 tres d\u00edas despu\u00e9s, el 23 de junio, en otro supermercado de la calle Oliden, esta vez en la localidad de Del Viso. En esa oportunidad, tres delincuentes armados ingresaron al comercio y sustrajeron una suma cercana a los 700 mil pesos, tras intimidar al comerciante que se encontraba atendiendo el local. Tambi\u00e9n quedaron grabados.<\/p>\n\n\n\n<p class=\"wp-block-paragraph\">A partir de ambos episodios, personal policial inici\u00f3 una serie de tareas investigativas, que incluyeron el relevamiento de c\u00e1maras de seguridad, trabajos de campo y entrevistas con las v\u00edctimas. De ese an\u00e1lisis surgieron im\u00e1genes que permitieron identificar al principal sospechoso, as\u00ed como reconstruir parte de su recorrido posterior a uno de los robos. Adem\u00e1s, una de las v\u00edctimas asegur\u00f3 haber reconocido a uno de los malvivientes.<\/p>\n\n\n\n<p class=\"wp-block-paragraph\"><strong>Investigaci\u00f3n y detenci\u00f3n<\/strong><\/p>\n\n\n\n<p class=\"wp-block-paragraph\">Con el avance de la causa, los investigadores lograron determinar posibles domicilios vinculados al acusado y montaron un operativo de vigilancia en la localidad de Tortuguitas, partido de Malvinas Argentinas. Fue en ese marco que, en inmediaciones de calles Juan Bautista Ambrosetti, entre Esteban G\u00f3mez y Beaucheff, el sospechoso fue localizado y detenido.<\/p>\n\n\n\n<p class=\"wp-block-paragraph\">Durante el procedimiento, el imputado ofreci\u00f3 resistencia, aunque finalmente fue reducido por el personal policial. En su poder se secuestraron elementos de inter\u00e9s para la causa, que quedaron a disposici\u00f3n de la Justicia.<\/p>\n\n\n\n<p class=\"wp-block-paragraph\">Tras la detenci\u00f3n, se dio intervenci\u00f3n a la UFI N\u00b0 1 de Pilar, a cargo de Ra\u00fal Casal, que aval\u00f3 lo actuado y dispuso el traslado del detenido a sede judicial para prestar declaraci\u00f3n indagatoria, en el marco de una causa caratulada como \u201cRobo agravado\u201d. La investigaci\u00f3n contin\u00faa, ya que uno de los presuntos c\u00f3mplices permanece sindicado pero no detenido.<\/p>\n","protected":false},"excerpt":{"rendered":"<p>Luego de una serie de tareas de inteligencia y recolecci\u00f3n de pruebas, efectivos de la SUB DDI Pilar lograron detener a un hombre acusado de cometer asaltos a mano armada en supermercados atendidos por ciudadanos chinos en diferentes puntos de Pilar. La pesquisa lo vincul\u00f3 con, al menos, dos robos registrados en junio de 2025. [&hellip;]<\/p>\n","protected":false},"author":21,"featured_media":51013,"comment_status":"closed","ping_status":"closed","sticky":false,"template":"","format":"standard","meta":{"_jetpack_memberships_contains_paid_content":false,"footnotes":""},"categories":[7665],"tags":[933,6547,1015,1475],"class_list":["post-51012","post","type-post","status-publish","format-standard","has-post-thumbnail","hentry","category-policiales-nacionales","tag-detenidos","tag-pilar","tag-policiales","tag-robos"],"jetpack_featured_media_url":"https:\/\/i0.wp.com\/denoticiasonline.com\/wp-content\/uploads\/2026\/02\/cayo_un_acusado_de_robar_supermercados_chinos_a_mano_armada_en_pilar.webp?fit=1500%2C844&ssl=1","jetpack_sharing_enabled":true,"_links":{"self":[{"href":"https:\/\/denoticiasonline.com\/index.php\/wp-json\/wp\/v2\/posts\/51012","targetHints":{"allow":["GET"]}}],"collection":[{"href":"https:\/\/denoticiasonline.com\/index.php\/wp-json\/wp\/v2\/posts"}],"about":[{"href":"https:\/\/denoticiasonline.com\/index.php\/wp-json\/wp\/v2\/types\/post"}],"author":[{"embeddable":true,"href":"https:\/\/denoticiasonline.com\/index.php\/wp-json\/wp\/v2\/users\/21"}],"replies":[{"embeddable":true,"href":"https:\/\/denoticiasonline.com\/index.php\/wp-json\/wp\/v2\/comments?post=51012"}],"version-history":[{"count":1,"href":"https:\/\/denoticiasonline.com\/index.php\/wp-json\/wp\/v2\/posts\/51012\/revisions"}],"predecessor-version":[{"id":51014,"href":"https:\/\/denoticiasonline.com\/index.php\/wp-json\/wp\/v2\/posts\/51012\/revisions\/51014"}],"wp:featuredmedia":[{"embeddable":true,"href":"https:\/\/denoticiasonline.com\/index.php\/wp-json\/wp\/v2\/media\/51013"}],"wp:attachment":[{"href":"https:\/\/denoticiasonline.com\/index.php\/wp-json\/wp\/v2\/media?parent=51012"}],"wp:term":[{"taxonomy":"category","embeddable":true,"href":"https:\/\/denoticiasonline.com\/index.php\/wp-json\/wp\/v2\/categories?post=51012"},{"taxonomy":"post_tag","embeddable":true,"href":"https:\/\/denoticiasonline.com\/index.php\/wp-json\/wp\/v2\/tags?post=51012"}],"curies":[{"name":"wp","href":"https:\/\/api.w.org\/{rel}","templated":true}]}}