{"id":51009,"date":"2026-02-24T21:08:44","date_gmt":"2026-02-24T21:08:44","guid":{"rendered":"https:\/\/denoticiasonline.com\/?p=51009"},"modified":"2026-02-24T21:08:46","modified_gmt":"2026-02-24T21:08:46","slug":"capturan-a-tres-sospechosos-acusados-de-matar-a-un-hombre-durante-un-asalto","status":"publish","type":"post","link":"https:\/\/denoticiasonline.com\/index.php\/2026\/02\/24\/capturan-a-tres-sospechosos-acusados-de-matar-a-un-hombre-durante-un-asalto\/","title":{"rendered":"CAPTURAN A TRES SOSPECHOSOS ACUSADOS DE MATAR A UN HOMBRE DURANTE UN ASALTO"},"content":{"rendered":"\n<p class=\"wp-block-paragraph\">El crimen ocurri\u00f3 en la madrugada en Lagomarsino, Pilar, donde un hombre de 43 a\u00f1os perdi\u00f3 la vida tras ser atacado a golpes y despojado de sus pertenencias luego de un altercado. A ra\u00edz de la investigaci\u00f3n, tres sospechosos mayores de edad fueron arrestados y quedaron bajo la \u00f3rbita judicial, acusados de homicidio en ocasi\u00f3n de robo.<br><br>Seg\u00fan confirmaron fuentes de la investigaci\u00f3n a Pilar de Todos, el episodio se inici\u00f3 a partir de una gresca en la v\u00eda p\u00fablica, en la zona de Suiza y Guatemala, lo que motiv\u00f3 un llamado al sistema de emergencias. Al arribar al lugar, efectivos policiales fueron informados por vecinos sobre la presencia de un hombre semidesnudo y visiblemente lesionado, que hab\u00eda ingresado por sus propios medios a una vivienda cercana.<\/p>\n\n\n\n<p class=\"wp-block-paragraph\">Con autorizaci\u00f3n, el personal policial ingres\u00f3 al domicilio y encontr\u00f3 al hombre tendido sobre una cama, con m\u00faltiples lesiones en piernas, brazos y rostro, sin signos vitales. La v\u00edctima fue identificada como C\u00e9sar Mat\u00edas Moreno.<\/p>\n\n\n\n<p class=\"wp-block-paragraph\">En el lugar no se hallaron elementos secuestrados ni indicios inmediatos que permitieran determinar en ese momento la mec\u00e1nica del hecho, por lo que la causa se inici\u00f3 como averiguaci\u00f3n de causales de muerte.<\/p>\n\n\n\n<p class=\"wp-block-paragraph\">La investigaci\u00f3n qued\u00f3 a cargo de la UFI N\u00b0 3 de Pilar, que orden\u00f3 la intervenci\u00f3n de Polic\u00eda Cient\u00edfica, la Sub DDI de Pilar y la realizaci\u00f3n de las diligencias de rigor.<\/p>\n\n\n\n<p class=\"wp-block-paragraph\">A partir de tareas investigativas conjuntas, testimonios recolectados y relevamientos en la zona, los investigadores lograron reconstruir lo sucedido. Se determin\u00f3 que la v\u00edctima hab\u00eda mantenido una discusi\u00f3n con tres personas, quienes posteriormente la golpearon de manera reiterada y le sustrajeron prendas de vestir y un tel\u00e9fono celular.<\/p>\n\n\n\n<p class=\"wp-block-paragraph\">Con estos elementos, la fiscal\u00eda dispuso la recaratulaci\u00f3n del expediente como \u201chomicidio en ocasi\u00f3n de robo\u201d y orden\u00f3 las aprehensiones de urgencia, que se concretaron en las horas siguientes.<\/p>\n\n\n\n<p class=\"wp-block-paragraph\">Un segundo joven result\u00f3 herido<br>En el marco de la misma investigaci\u00f3n, se estableci\u00f3 adem\u00e1s la existencia de un segundo damnificado, un joven de 22 a\u00f1os, quien tambi\u00e9n fue agredido durante el episodio. De acuerdo con lo informado, uno de los detenidos le propin\u00f3 un golpe en el p\u00f3mulo izquierdo, provoc\u00e1ndole un hematoma visible.<\/p>\n\n\n\n<p class=\"wp-block-paragraph\">Tras tomar conocimiento de este hecho, la fiscal\u00eda dispuso ampliar la car\u00e1tula, incorporando el delito de lesiones, que qued\u00f3 integrado al expediente principal.<\/p>\n\n\n\n<p class=\"wp-block-paragraph\">Los tres acusados permanecen detenidos mientras avanzan las actuaciones judiciales y se analizan nuevas medidas de prueba.<\/p>\n","protected":false},"excerpt":{"rendered":"<p>El crimen ocurri\u00f3 en la madrugada en Lagomarsino, Pilar, donde un hombre de 43 a\u00f1os perdi\u00f3 la vida tras ser atacado a golpes y despojado de sus pertenencias luego de un altercado. A ra\u00edz de la investigaci\u00f3n, tres sospechosos mayores de edad fueron arrestados y quedaron bajo la \u00f3rbita judicial, acusados de homicidio en ocasi\u00f3n [&hellip;]<\/p>\n","protected":false},"author":21,"featured_media":51010,"comment_status":"closed","ping_status":"closed","sticky":false,"template":"","format":"standard","meta":{"_jetpack_memberships_contains_paid_content":false,"footnotes":""},"categories":[7665],"tags":[933,6547,1015,206],"class_list":["post-51009","post","type-post","status-publish","format-standard","has-post-thumbnail","hentry","category-policiales-nacionales","tag-detenidos","tag-pilar","tag-policiales","tag-robo"],"jetpack_featured_media_url":"https:\/\/i0.wp.com\/denoticiasonline.com\/wp-content\/uploads\/2026\/02\/tres_detenidos_acusados_de_matar_a_golpes_a_un_hombre_durante_un_robo.webp?fit=1500%2C844&ssl=1","jetpack_sharing_enabled":true,"_links":{"self":[{"href":"https:\/\/denoticiasonline.com\/index.php\/wp-json\/wp\/v2\/posts\/51009","targetHints":{"allow":["GET"]}}],"collection":[{"href":"https:\/\/denoticiasonline.com\/index.php\/wp-json\/wp\/v2\/posts"}],"about":[{"href":"https:\/\/denoticiasonline.com\/index.php\/wp-json\/wp\/v2\/types\/post"}],"author":[{"embeddable":true,"href":"https:\/\/denoticiasonline.com\/index.php\/wp-json\/wp\/v2\/users\/21"}],"replies":[{"embeddable":true,"href":"https:\/\/denoticiasonline.com\/index.php\/wp-json\/wp\/v2\/comments?post=51009"}],"version-history":[{"count":1,"href":"https:\/\/denoticiasonline.com\/index.php\/wp-json\/wp\/v2\/posts\/51009\/revisions"}],"predecessor-version":[{"id":51011,"href":"https:\/\/denoticiasonline.com\/index.php\/wp-json\/wp\/v2\/posts\/51009\/revisions\/51011"}],"wp:featuredmedia":[{"embeddable":true,"href":"https:\/\/denoticiasonline.com\/index.php\/wp-json\/wp\/v2\/media\/51010"}],"wp:attachment":[{"href":"https:\/\/denoticiasonline.com\/index.php\/wp-json\/wp\/v2\/media?parent=51009"}],"wp:term":[{"taxonomy":"category","embeddable":true,"href":"https:\/\/denoticiasonline.com\/index.php\/wp-json\/wp\/v2\/categories?post=51009"},{"taxonomy":"post_tag","embeddable":true,"href":"https:\/\/denoticiasonline.com\/index.php\/wp-json\/wp\/v2\/tags?post=51009"}],"curies":[{"name":"wp","href":"https:\/\/api.w.org\/{rel}","templated":true}]}}