{"id":50531,"date":"2025-05-27T13:01:43","date_gmt":"2025-05-27T13:01:43","guid":{"rendered":"https:\/\/denoticiasonline.com\/?p=50531"},"modified":"2025-05-27T13:01:45","modified_gmt":"2025-05-27T13:01:45","slug":"darin-vs-caputo-por-el-precio-de-las-empanadas","status":"publish","type":"post","link":"https:\/\/denoticiasonline.com\/index.php\/2025\/05\/27\/darin-vs-caputo-por-el-precio-de-las-empanadas\/","title":{"rendered":"DAR\u00cdN VS. CAPUTO POR EL PRECIO DE LAS EMPANADAS"},"content":{"rendered":"\n<ul class=\"wp-block-list\">\n<li>El actor cuestion\u00f3 el anuncio del Gobierno sobre la eliminaci\u00f3n de controles a los movimientos de dinero. \u201cMe llama un poco la atenci\u00f3n eso de sacar los d\u00f3lares del colch\u00f3n. \u00bfDe qui\u00e9n est\u00e1n hablando? Una docena de empanadas vale $ 48 mil\u201d, se\u00f1al\u00f3.<\/li>\n\n\n\n<li>El presidente Javier Milei cuestion\u00f3 en redes a Dar\u00edn y el ministro de Econom\u00eda, Luis Caputo, se\u00f1al\u00f3 que sus declaraciones le daban \u201cverg\u00fcencita ajena\u201d porque \u201cla gente come empanadas por $ 16 mil\u201d.<\/li>\n\n\n\n<li>El \u00cdndice de Precios al Consumidor de la Ciudad de Buenos Aires releva todos los meses el precio de la docena de empanadas cocidas para llevar. El precio medio es de $ 22 mil y en el \u00faltimo a\u00f1o aument\u00f3 el doble que el \u00edndice general de alimentos y bebidas no alcoh\u00f3licas.<\/li>\n<\/ul>\n\n\n\n<p>En el programa \u201cLa Noche de Mirtha Legrand\u201d, el actor Ricardo Dar\u00edn se refiri\u00f3 a la situaci\u00f3n del pa\u00eds y a las pol\u00edticas anunciadas por el Gobierno nacional que apuntan a que los ciudadanos saquen\u00a0\u201clos d\u00f3lares del colch\u00f3n\u201d\u00a0a trav\u00e9s de la eliminaci\u00f3n de controles a los movimientos de dinero. \u201cLa verdad es que no entiendo nada. Me llama un poco la atenci\u00f3n eso de sacar los d\u00f3lares del colch\u00f3n. \u00bfDe qui\u00e9n est\u00e1n hablando? Una docena de empanadas vale $ 48 mil\u201d,\u00a0se\u00f1al\u00f3.<\/p>\n\n\n\n<p>A trav\u00e9s de sus redes sociales, el presidente Javier Milei\u00a0comparti\u00f3 im\u00e1genes\u00a0editadas que mostraban a Dar\u00edn sosteniendo una empanada de oro. Adem\u00e1s, el ministro de Econom\u00eda, Luis Caputo,\u00a0calific\u00f3 las declaraciones\u00a0del actor como motivo de \u201cverg\u00fcencita ajena\u201d. Y se\u00f1al\u00f3: \u201cLas empanadas no valen eso, Ricardito\u2026 No, quedate tranquilo Ricardo, la gente come empanadas ricas por $ 16 mil\u201d.<\/p>\n\n\n\n<h2 class=\"wp-block-heading\">Las empanadas en el \u00edndice de precios porte\u00f1o<\/h2>\n\n\n\n<p>La Ciudad de Buenos Aires tiene su propio \u00cdndice de Precios al Consumidor que se publica todos los meses y releva el aumento de los precios en territorio porte\u00f1o. Al igual que el indicador nacional, que elabora el INDEC, el \u00edndice porte\u00f1o\u00a0cuenta con un listado de bienes y servicios\u00a0que est\u00e1n incluidos en la muestra y que son relevados mes a mes.<\/p>\n\n\n\n<p>Este \u00edndice incluye entre sus productos a relevar las \u201cempanadas cocidas para llevar\u201d, por docena, algo que no mide el instituto oficial nacional. Seg\u00fan el\u00a0\u00faltimo informe disponible,\u00a0<strong>el precio medio de la docena de empanadas en la Ciudad de Buenos Aires es de $ 22 mil.<\/strong><\/p>\n\n\n\n<p>En cuanto a su\u00a0evoluci\u00f3n, desde noviembre de 2023, \u00faltimo mes completo previo a la asunci\u00f3n de Milei como presidente,\u00a0<strong>el precio de la docena de empanadas cocidas en la Ciudad aument\u00f3 un 240%.<\/strong>\u00a0En ese mismo per\u00edodo, el rubro general de alimentos y bebidas no alcoh\u00f3licas del \u00edndice porte\u00f1o aument\u00f3 un 205%. Es decir que en el per\u00edodo analizado las empanadas aumentaron m\u00e1s que el promedio de los alimentos.<\/p>\n\n\n\n<p><\/p>\n","protected":false},"excerpt":{"rendered":"<p>En el programa \u201cLa Noche de Mirtha Legrand\u201d, el actor Ricardo Dar\u00edn se refiri\u00f3 a la situaci\u00f3n del pa\u00eds y a las pol\u00edticas anunciadas por el Gobierno nacional que apuntan a que los ciudadanos saquen\u00a0\u201clos d\u00f3lares del colch\u00f3n\u201d\u00a0a trav\u00e9s de la eliminaci\u00f3n de controles a los movimientos de dinero. \u201cLa verdad es que no entiendo [&hellip;]<\/p>\n","protected":false},"author":1,"featured_media":50532,"comment_status":"closed","ping_status":"closed","sticky":false,"template":"","format":"standard","meta":{"_jetpack_memberships_contains_paid_content":false,"footnotes":""},"categories":[7664],"tags":[621,9080,11357,8099,433,434],"class_list":{"0":"post-50531","1":"post","2":"type-post","3":"status-publish","4":"format-standard","5":"has-post-thumbnail","7":"category-politica-nacional","8":"tag-argentina","9":"tag-caputo","10":"tag-darin","11":"tag-polemica","12":"tag-politica","13":"tag-sociedad"},"jetpack_featured_media_url":"https:\/\/i0.wp.com\/denoticiasonline.com\/wp-content\/uploads\/2025\/05\/Captura-de-pantalla-2025-05-27-095801.png?fit=1016%2C562&ssl=1","jetpack_sharing_enabled":true,"_links":{"self":[{"href":"https:\/\/denoticiasonline.com\/index.php\/wp-json\/wp\/v2\/posts\/50531","targetHints":{"allow":["GET"]}}],"collection":[{"href":"https:\/\/denoticiasonline.com\/index.php\/wp-json\/wp\/v2\/posts"}],"about":[{"href":"https:\/\/denoticiasonline.com\/index.php\/wp-json\/wp\/v2\/types\/post"}],"author":[{"embeddable":true,"href":"https:\/\/denoticiasonline.com\/index.php\/wp-json\/wp\/v2\/users\/1"}],"replies":[{"embeddable":true,"href":"https:\/\/denoticiasonline.com\/index.php\/wp-json\/wp\/v2\/comments?post=50531"}],"version-history":[{"count":1,"href":"https:\/\/denoticiasonline.com\/index.php\/wp-json\/wp\/v2\/posts\/50531\/revisions"}],"predecessor-version":[{"id":50533,"href":"https:\/\/denoticiasonline.com\/index.php\/wp-json\/wp\/v2\/posts\/50531\/revisions\/50533"}],"wp:featuredmedia":[{"embeddable":true,"href":"https:\/\/denoticiasonline.com\/index.php\/wp-json\/wp\/v2\/media\/50532"}],"wp:attachment":[{"href":"https:\/\/denoticiasonline.com\/index.php\/wp-json\/wp\/v2\/media?parent=50531"}],"wp:term":[{"taxonomy":"category","embeddable":true,"href":"https:\/\/denoticiasonline.com\/index.php\/wp-json\/wp\/v2\/categories?post=50531"},{"taxonomy":"post_tag","embeddable":true,"href":"https:\/\/denoticiasonline.com\/index.php\/wp-json\/wp\/v2\/tags?post=50531"}],"curies":[{"name":"wp","href":"https:\/\/api.w.org\/{rel}","templated":true}]}}