{"id":50012,"date":"2025-01-20T11:44:38","date_gmt":"2025-01-20T11:44:38","guid":{"rendered":"https:\/\/denoticiasonline.com\/?p=50012"},"modified":"2025-01-20T16:38:48","modified_gmt":"2025-01-20T16:38:48","slug":"senado-inicio-de-sesiones-y-semanas-clave-para-villarruel","status":"publish","type":"post","link":"https:\/\/denoticiasonline.com\/index.php\/2025\/01\/20\/senado-inicio-de-sesiones-y-semanas-clave-para-villarruel\/","title":{"rendered":"SENADO: INICIO DE SESIONES Y SEMANAS CLAVE PARA VILLARRUEL"},"content":{"rendered":"\n<p>La vicepresidenta actu\u00f3 sin recibir instrucciones directas del Gobierno, que opta por gestionar las negociaciones de manera independiente con los distintos bloques. Ajustes en las autoridades y el reto de superar sin conflictos la delicada etapa preparatoria de febrero.<\/p>\n\n\n\n<p>Las sesiones extraordinarias que comienzan este lunes en el Congreso, durante un mes, se convertir\u00e1n en un\u00a0<strong>doble desaf\u00edo para la vicepresidenta<\/strong>\u00a0y titular del Senado,\u00a0<strong>Victoria Villarruel<\/strong>:\u00a0<strong>tendr\u00e1 que avanzar con la agenda libertaria en un escenario muy delicado de votos<\/strong>\u00a0y, sobre todo, deber\u00e1 sobrepasar sin heridas una tensa sesi\u00f3n preparatoria que ocurrir\u00e1 a fines de febrero, cuando aparezcan inevitables cambios en las autoridades de la C\u00e1mara alta. Es decir, el coraz\u00f3n de un d\u00eda a d\u00eda que podr\u00eda complicar a\u00fan m\u00e1s la convivencia, en todo sentido.<\/p>\n\n\n\n<p>Veamos primero las extraordinarias. El Gobierno lanz\u00f3, tras semanas de promociones exageradas,<a href=\"https:\/\/www.infobae.com\/politica\/2025\/01\/13\/llego-al-congreso-el-dnu-de-sesiones-extraordinarias-que-convoco-el-gobierno\/\" target=\"_blank\" rel=\"noreferrer noopener\">\u00a0un temario que no carga -por ahora- demasiado al Senado<\/a>, ya que la \u00fanica ley dictaminada y lista para ir al recinto de la C\u00e1mara alta es la de \u201cantimafias\u201d. D\u00edas atr\u00e1s, el santacruce\u00f1o<strong>\u00a0Jos\u00e9 Mar\u00eda Carambia<\/strong>\u00a0asegur\u00f3 que solicitar\u00eda \u201calgunas modificaciones\u201d, y dej\u00f3 a la iniciativa al borde de ser modificada, lo que obligar\u00eda un regreso en segunda revisi\u00f3n a Diputados.<\/p>\n\n\n\n<p>Como cuesti\u00f3n de mayor relevancia s\u00ed aparecen, en stand by y sin dictamen oficial, los dos pliegos de los candidatos propuestos para integrar la Corte Suprema de Justicia: Ariel Lijo y Manuel Garc\u00eda-Mansilla.<\/p>\n\n\n\n<p>\u00bfPor qu\u00e9 es espinoso el panorama previo en el Senado? Enfrentado a la Casa Rosada aparece el kirchnerismo, que cuenta a 33 legisladores y tendr\u00e1 34 desde la pr\u00f3xima sesi\u00f3n, cuando la camporista\u00a0<strong>Stefan\u00eda Cora<\/strong>\u00a0asuma una de las tres bancas entrerrianas, en reemplazo del expulsado\u00a0<strong>Edgardo Kueider, preso en Paraguay<\/strong>. En tanto, del otro lado aparecen un oficialismo y una oposici\u00f3n -cada vez menos- \u201cdialoguista\u201d, que suma 37.<\/p>\n\n\n\n<p>El total da 70 integrantes, y no 72, el pleno de la C\u00e1mara alta. Esto es por Cora y el radical\u00a0<strong>V\u00edctor Zimmermann<\/strong>, que extendi\u00f3 una licencia sin goce de sueldo -hasta que finalice febrero pr\u00f3ximo- por un cargo en el Ejecutivo de Chaco. Su suplente es la experimentada ex diputada\u00a0<strong>Alicia \u201cponja\u201d Terada<\/strong>, amiga \u00edntima de<strong>\u00a0Elisa Carri\u00f3<\/strong>\u00a0y, por tanto, lejana al oficialismo.<\/p>\n\n\n\n<figure class=\"wp-block-image size-full\"><img data-recalc-dims=\"1\" loading=\"lazy\" decoding=\"async\" width=\"696\" height=\"392\" src=\"https:\/\/i0.wp.com\/denoticiasonline.com\/wp-content\/uploads\/2025\/01\/image-12.png?resize=696%2C392&#038;ssl=1\" alt=\"\" class=\"wp-image-50013\" srcset=\"https:\/\/i0.wp.com\/denoticiasonline.com\/wp-content\/uploads\/2025\/01\/image-12.png?w=992&amp;ssl=1 992w, https:\/\/i0.wp.com\/denoticiasonline.com\/wp-content\/uploads\/2025\/01\/image-12.png?resize=300%2C169&amp;ssl=1 300w, https:\/\/i0.wp.com\/denoticiasonline.com\/wp-content\/uploads\/2025\/01\/image-12.png?resize=768%2C432&amp;ssl=1 768w, https:\/\/i0.wp.com\/denoticiasonline.com\/wp-content\/uploads\/2025\/01\/image-12.png?resize=150%2C84&amp;ssl=1 150w, https:\/\/i0.wp.com\/denoticiasonline.com\/wp-content\/uploads\/2025\/01\/image-12.png?resize=696%2C392&amp;ssl=1 696w, https:\/\/i0.wp.com\/denoticiasonline.com\/wp-content\/uploads\/2025\/01\/image-12.png?resize=747%2C420&amp;ssl=1 747w\" sizes=\"auto, (max-width: 696px) 100vw, 696px\" \/><\/figure>\n\n\n\n<p><strong>De esta manera, el Gobierno s\u00f3lo cuenta, en el mejor de los casos, con 37 senadores libertarios y de la oposici\u00f3n dialoguista. Es el quorum justo para iniciar una sesi\u00f3n y tambi\u00e9n para votar<\/strong>. No obstante, en ese lote se encuentran los santacruce\u00f1os Carambia y&nbsp;<strong>Natalia Gadano<\/strong>&nbsp;-ofuscados con la Casa Rosada por la falta de respuesta a reclamos provinciales-; radicales como&nbsp;<strong>Mart\u00edn Lousteau<\/strong>&nbsp;-presidente del partido a nivel nacional-, que en muchas ocasiones coincidi\u00f3 en el recinto con el cristinismo; y otras bancadas que, a esta altura, caminan con pies de plomo para evitar mayores tropel\u00edas legislativas.<\/p>\n\n\n\n<p>Mucho m\u00e1s viscoso es el terreno que afrontar\u00e1 Villarruel el mes pr\u00f3ximo. Durante las \u00faltimas semanas, la vicepresidenta ejecut\u00f3 corrimientos de funcionarios que, horas antes de ser eyectados, participaron de una cena de fin de a\u00f1o en uno de los edificios anexos de la C\u00e1mara alta, sobre la avenida Entre R\u00edos. Tambi\u00e9n hubo una designaci\u00f3n en el \u00e1rea de Seguridad que en varios despachos llam\u00f3 demasiado la atenci\u00f3n y encendi\u00f3 un pu\u00f1ado de alertas.<\/p>\n\n\n\n<p>A pesar de todo ello, lo trascendental a saldar en febrero es la preparatoria. Seg\u00fan el reglamento, el 24 de ese mes \u201co el d\u00eda inmediato h\u00e1bil anterior en caso que sea feriado\u201d, el pleno se debe reunir \u201ca fin de designar autoridades y fijar los d\u00edas y horas de sesiones ordinarias\u201d.<\/p>\n\n\n\n<p><strong>Hay un paso anunciado hace largu\u00edsimas semanas: habr\u00e1 una persona nueva a cargo de la secretar\u00eda administrativa del Cuerpo, la tan deseada caja del Senado. Esto es, sin lugar a dudas, una batalla de primera magnitud, y la quita de funciones y poderes que la propia Villarruel ejecut\u00f3 sobre este cargo no hacen m\u00e1s que agitar el clima interno de la C\u00e1mara alta<\/strong>. Justo, en un \u00e1rea en la que ten\u00eda resultados para mostrar y con gremios muy nerviosos y siempre atentos a la obra social del Congreso.<\/p>\n\n\n\n<p>Quien se regocija con esto es el cristinismo, que sue\u00f1a en grande tras la expulsi\u00f3n de Kueider y ahora pretende quedarse con alg\u00fan puesto de relevancia, en connivencia con los sindicatos. Tambi\u00e9n la Casa Rosada, que sue\u00f1a con una intervenci\u00f3n total para derrotar en todo sentido a la vicepresidenta.<\/p>\n\n\n\n<p><strong>Hay dos bibliotecas que describen la actualidad del Senado. La primera y m\u00e1s sensata apunta a errores no forzados que Villarruel acumul\u00f3 demasiado r\u00e1pido&nbsp;<\/strong>desde noviembre pasado y que taparon -en parte- un a\u00f1o legislativo donde, con s\u00f3lo siete de 72 integrantes, se votaron leyes importantes y, sobre todas las cosas, se gan\u00f3 much\u00edsimo tiempo ante inevitables derrotas. A medida que transcurren las semanas,&nbsp;<strong>la vicepresidenta se muestra m\u00e1s cerrada en cuanto a su c\u00edrculo chico y hay varias dudas sobre qu\u00e9 tipo de relaci\u00f3n tiene hoy en d\u00eda con Javier Milei<\/strong>&nbsp;y su entorno, tras sagas de peleas y reconciliaciones sobre las que se empieza a desconfiar.<img data-recalc-dims=\"1\" loading=\"lazy\" decoding=\"async\" alt=\"El senador por Santa Cruz\" height=\"392\" src=\"https:\/\/i0.wp.com\/www.infobae.com\/resizer\/v2\/T33C74IV2JEM3DM5ALG4WKKUFU.jpg?resize=696%2C392&#038;ssl=1\" width=\"696\">El senador por Santa Cruz Jos\u00e9 Mar\u00eda Carambia analiza cambios para la ley anti mafias del Gobierno y se demorar\u00eda su sanci\u00f3n. Si es modificada, volver\u00e1 en segunda revisi\u00f3n a Diputados<\/p>\n\n\n\n<p>Ayer, el vocero presidencial,&nbsp;<strong>Manuel Adorni<\/strong>, fue prudente sobre Villarruel -de m\u00ednima, aport\u00f3 una pizca de seriedad- y se\u00f1al\u00f3 en declaraciones radiales que \u201cmientras que las cuestiones institucionales funcionen, son relaciones que pueden ser m\u00e1s o menos intensas o cercanas\u201d. En esa l\u00ednea, agreg\u00f3: \u201c<strong>Creo que ella, como presidente del Senado, hace su trabajo institucional de la forma que cree correcto y est\u00e1 muy bien.&nbsp;<\/strong>Por otro lado, el Presidente ejerce el poder como cabeza del Ejecutivo haciendo lo que cree mejor. No hay m\u00e1s para analizar\u201d.<\/p>\n\n\n\n<p>Quien estuvo la semana pasada con la titular de la C\u00e1mara alta fue el jefe de bloque de la Uni\u00f3n C\u00edvica Radical (UCR),&nbsp;<strong>Eduardo Vischi<\/strong>. El correntino no pudo hacer pie en 2024 y, en varias sesiones, la bancada dijo una cosa y despu\u00e9s hizo otra, lo que dej\u00f3 al centenario partido m\u00e1s que devaluado, con legisladores que parecen libertarios y, otros, kirchneristas. Todo, en simult\u00e1neo.<\/p>\n\n\n\n<p>Otra bancada en monta\u00f1a rusa constante es la del PRO, que ahora espera el regreso de vacaciones y la renuncia formal de&nbsp;<strong>Luis Juez<\/strong>&nbsp;como presidente de dicho espacio en el Senado. El cordob\u00e9s busca un abrazo y ba\u00f1o de t\u00e9mpera libertaria para ser postulante (una vez m\u00e1s) a gobernador de su provincia, en 2027.<\/p>\n\n\n\n<p>Como si fuera poco, los silvestres provinciales ya saben que, sin ellos, no hay quorum posible y se regodean con el seguro llamado del Gobierno en modo SOS. Las acciones escalan con el correr de las horas y la C\u00e1mara alta se ver\u00e1 rodeada de pedidos para las provincias. Ser\u00e1 interesante ver la cintura pol\u00edtica del Ejecutivo:&nbsp;<strong>cuando gan\u00f3, se colg\u00f3 algunas medallas que no eran del todo suyas; en las derrotas, se borr\u00f3 y ni se inmut\u00f3 para criticar -sin argumentos s\u00f3lidos- a Villarruel.<\/strong><\/p>\n\n\n\n<p>Mientras muchas cuestiones est\u00e1n en pleno desarrollo, casi toda la oposici\u00f3n todav\u00eda se pregunta por qu\u00e9 perdi\u00f3 en 2023.<\/p>\n","protected":false},"excerpt":{"rendered":"<p>La vicepresidenta actu\u00f3 sin recibir instrucciones directas del Gobierno, que opta por gestionar las negociaciones de manera independiente con los distintos bloques. Ajustes en las autoridades y el reto de superar sin conflictos la delicada etapa preparatoria de febrero. Las sesiones extraordinarias que comienzan este lunes en el Congreso, durante un mes, se convertir\u00e1n en [&hellip;]<\/p>\n","protected":false},"author":21,"featured_media":50014,"comment_status":"closed","ping_status":"closed","sticky":false,"template":"","format":"standard","meta":{"_jetpack_memberships_contains_paid_content":false,"footnotes":""},"categories":[7664],"tags":[621,11239,434,10555],"class_list":{"0":"post-50012","1":"post","2":"type-post","3":"status-publish","4":"format-standard","5":"has-post-thumbnail","7":"category-politica-nacional","8":"tag-argentina","9":"tag-seiones-extraordinarias","10":"tag-sociedad","11":"tag-victoria-villaruel"},"jetpack_featured_media_url":"https:\/\/denoticiasonline.com\/wp-content\/uploads\/2025\/01\/BPUOYXJOFVELJETTTL6G62DLOQ.avif","jetpack_sharing_enabled":true,"_links":{"self":[{"href":"https:\/\/denoticiasonline.com\/index.php\/wp-json\/wp\/v2\/posts\/50012","targetHints":{"allow":["GET"]}}],"collection":[{"href":"https:\/\/denoticiasonline.com\/index.php\/wp-json\/wp\/v2\/posts"}],"about":[{"href":"https:\/\/denoticiasonline.com\/index.php\/wp-json\/wp\/v2\/types\/post"}],"author":[{"embeddable":true,"href":"https:\/\/denoticiasonline.com\/index.php\/wp-json\/wp\/v2\/users\/21"}],"replies":[{"embeddable":true,"href":"https:\/\/denoticiasonline.com\/index.php\/wp-json\/wp\/v2\/comments?post=50012"}],"version-history":[{"count":1,"href":"https:\/\/denoticiasonline.com\/index.php\/wp-json\/wp\/v2\/posts\/50012\/revisions"}],"predecessor-version":[{"id":50015,"href":"https:\/\/denoticiasonline.com\/index.php\/wp-json\/wp\/v2\/posts\/50012\/revisions\/50015"}],"wp:featuredmedia":[{"embeddable":true,"href":"https:\/\/denoticiasonline.com\/index.php\/wp-json\/wp\/v2\/media\/50014"}],"wp:attachment":[{"href":"https:\/\/denoticiasonline.com\/index.php\/wp-json\/wp\/v2\/media?parent=50012"}],"wp:term":[{"taxonomy":"category","embeddable":true,"href":"https:\/\/denoticiasonline.com\/index.php\/wp-json\/wp\/v2\/categories?post=50012"},{"taxonomy":"post_tag","embeddable":true,"href":"https:\/\/denoticiasonline.com\/index.php\/wp-json\/wp\/v2\/tags?post=50012"}],"curies":[{"name":"wp","href":"https:\/\/api.w.org\/{rel}","templated":true}]}}