{"id":49839,"date":"2025-01-06T11:45:29","date_gmt":"2025-01-06T11:45:29","guid":{"rendered":"https:\/\/denoticiasonline.com\/?p=49839"},"modified":"2025-01-06T11:45:31","modified_gmt":"2025-01-06T11:45:31","slug":"conmocion-en-el-motociclismo-por-la-muerte-de-una-joven-promesa","status":"publish","type":"post","link":"https:\/\/denoticiasonline.com\/index.php\/2025\/01\/06\/conmocion-en-el-motociclismo-por-la-muerte-de-una-joven-promesa\/","title":{"rendered":"CONMOCI\u00d3N EN EL MOTOCICLISMO POR LA MUERTE DE UNA JOVEN PROMESA"},"content":{"rendered":"\n<p>Luc\u00eda Morales falleci\u00f3 tras enfrentar complicaciones m\u00e9dicas durante varios d\u00edas en la unidad de cuidados intensivos. &#8220;Demostr\u00f3 una fortaleza incomparable hasta el final&#8221;, expres\u00f3 su familia con profunda tristeza.<\/p>\n\n\n\n<p>El mundo del motociclismo se encuentra de luto tras el fallecimiento de<strong>\u00a0Sid Veijer<\/strong>, un prometedor piloto de tan solo<strong>\u00a0siete a\u00f1os<\/strong>\u00a0que sufri\u00f3 un tr\u00e1gico accidente mientras entrenaba en una mini moto. El incidente ocurri\u00f3 el pasado 22 de diciembre en un karting cubierto en Swalmen, Limburg, durante una sesi\u00f3n de entrenamiento en minimotos.<\/p>\n\n\n\n<p>Sid, quien ya se hab\u00eda consagrado como<strong>\u00a0campe\u00f3n en la categor\u00eda junior<\/strong>\u00a0de minibikes en los Pa\u00edses Bajos, perdi\u00f3 la vida dos semanas despu\u00e9s de ser ingresado en el hospital, como inform\u00f3 su familia.<\/p>\n\n\n\n<p>Seg\u00fan detallaron fuentes locales y la familia del joven piloto, Sid Veijer se sali\u00f3 de la pista durante el entrenamiento y colision\u00f3 con fuerza. Inmediatamente\u00a0<strong>fue trasladado en ambulancia a la localidad de Echt<\/strong>\u00a0y, posteriormente, en un avi\u00f3n ambulancia al hospital de Maastricht. Durante su estancia en el hospital,\u00a0<strong>Sid permaneci\u00f3 en estado cr\u00edtico\u00a0<\/strong>debido a severas lesiones en la cabeza y el rostro.<\/p>\n\n\n\n<p>A pesar de haber sido sometido a cuatro operaciones quir\u00fargicas, el peque\u00f1o talento no pudo superar sus heridas.<\/p>\n\n\n\n<p>\u201cLa familia calific\u00f3 las lesiones de Sid como \u2018muy graves\u2019\u201d, report\u00f3 el medio\u00a0<em>Dutch News NL<\/em>\u00a0tras el accidente. Durante su estad\u00eda en el hospital,<strong>\u00a0los familiares compartieron actualizaciones sobre su condici\u00f3n,<\/strong>\u00a0manteniendo viva la esperanza despu\u00e9s de observar un leve progreso inicial. Sin embargo, el desenlace fue devastador.<\/p>\n\n\n\n<figure class=\"wp-block-image size-full\"><img data-recalc-dims=\"1\" loading=\"lazy\" decoding=\"async\" width=\"696\" height=\"464\" src=\"https:\/\/i0.wp.com\/denoticiasonline.com\/wp-content\/uploads\/2025\/01\/image-3.png?resize=696%2C464&#038;ssl=1\" alt=\"\" class=\"wp-image-49840\" srcset=\"https:\/\/i0.wp.com\/denoticiasonline.com\/wp-content\/uploads\/2025\/01\/image-3.png?w=992&amp;ssl=1 992w, https:\/\/i0.wp.com\/denoticiasonline.com\/wp-content\/uploads\/2025\/01\/image-3.png?resize=300%2C200&amp;ssl=1 300w, https:\/\/i0.wp.com\/denoticiasonline.com\/wp-content\/uploads\/2025\/01\/image-3.png?resize=768%2C512&amp;ssl=1 768w, https:\/\/i0.wp.com\/denoticiasonline.com\/wp-content\/uploads\/2025\/01\/image-3.png?resize=150%2C100&amp;ssl=1 150w, https:\/\/i0.wp.com\/denoticiasonline.com\/wp-content\/uploads\/2025\/01\/image-3.png?resize=696%2C464&amp;ssl=1 696w, https:\/\/i0.wp.com\/denoticiasonline.com\/wp-content\/uploads\/2025\/01\/image-3.png?resize=630%2C420&amp;ssl=1 630w\" sizes=\"auto, (max-width: 696px) 100vw, 696px\" \/><\/figure>\n\n\n\n<p>\u201cEl lunes pasado hubo una peque\u00f1a luz de esperanza en torno a la situaci\u00f3n de Sid. Al final de la semana,<strong>&nbsp;esa luz brillante se transform\u00f3 en el escenario m\u00e1s oscuro&nbsp;<\/strong>y se convirti\u00f3 en una pelea injusta que Sid no pudo ganar.&nbsp;<strong>Sid luch\u00f3 como un le\u00f3n\u201d<\/strong>, comparti\u00f3 la familia en un emotivo comunicado tras su fallecimiento.<\/p>\n\n\n\n<p>Sid Veijer no solo hab\u00eda demostrado un asombroso talento para su edad, sino que tambi\u00e9n estaba catalogado como<strong>&nbsp;una de las grandes esperanzas del motociclismo&nbsp;<\/strong>juvenil en su pa\u00eds. En octubre, se proclam\u00f3 campe\u00f3n de los Pa\u00edses Bajos en la categor\u00eda Junior A de miniciclismo, consolid\u00e1ndose como una promesa destacada en este deporte.<\/p>\n\n\n\n<p>El impacto de su muerte reson\u00f3 en los c\u00edrculos del motociclismo, recibiendo homenajes de distintas figuras del deporte y familiares. Su primo&nbsp;<strong>Collin Veijer<\/strong>, quien cerr\u00f3 el a\u00f1o con un notable tercer puesto en el campeonato mundial de Moto3, le dedic\u00f3 un mensaje en su cuenta de Instagram:&nbsp;<strong>\u201cLuchaste tan duro como pudiste contra todo lo que pas\u00f3<\/strong>, pero no pudiste ganar esta dura y dif\u00edcil batalla. Me das m\u00e1s motivaci\u00f3n para trabajar igual de duro, para luchar como lo hiciste. Te amo, Sid\u201d.<\/p>\n\n\n\n<p>La cuenta oficial de&nbsp;<strong>MotoGP&nbsp;<\/strong>tambi\u00e9n expres\u00f3 su pesar en respuesta al mensaje de Collin:&nbsp;<strong>\u201cLamentamos mucho tu p\u00e9rdida, Collin.<\/strong>&nbsp;Te enviamos a ti y a tu familia todo nuestro amor. Sigue fuerte\u201d.<\/p>\n\n\n\n<p>La corta pero destacada trayectoria de Sid Veijer dej\u00f3 claro que el joven piloto ten\u00eda&nbsp;<strong>un futuro brillante por delante.&nbsp;<\/strong>A pesar de su corta edad, Sid ya hab\u00eda demostrado sobresalientes habilidades en el motociclismo, un deporte conocido por su alto nivel de exigencia y compromiso.<\/p>\n\n\n\n<figure class=\"wp-block-image size-full\"><img data-recalc-dims=\"1\" loading=\"lazy\" decoding=\"async\" width=\"696\" height=\"392\" src=\"https:\/\/i0.wp.com\/denoticiasonline.com\/wp-content\/uploads\/2025\/01\/image-4.png?resize=696%2C392&#038;ssl=1\" alt=\"\" class=\"wp-image-49841\" srcset=\"https:\/\/i0.wp.com\/denoticiasonline.com\/wp-content\/uploads\/2025\/01\/image-4.png?w=992&amp;ssl=1 992w, https:\/\/i0.wp.com\/denoticiasonline.com\/wp-content\/uploads\/2025\/01\/image-4.png?resize=300%2C169&amp;ssl=1 300w, https:\/\/i0.wp.com\/denoticiasonline.com\/wp-content\/uploads\/2025\/01\/image-4.png?resize=768%2C432&amp;ssl=1 768w, https:\/\/i0.wp.com\/denoticiasonline.com\/wp-content\/uploads\/2025\/01\/image-4.png?resize=150%2C84&amp;ssl=1 150w, https:\/\/i0.wp.com\/denoticiasonline.com\/wp-content\/uploads\/2025\/01\/image-4.png?resize=696%2C392&amp;ssl=1 696w, https:\/\/i0.wp.com\/denoticiasonline.com\/wp-content\/uploads\/2025\/01\/image-4.png?resize=747%2C420&amp;ssl=1 747w\" sizes=\"auto, (max-width: 696px) 100vw, 696px\" \/><\/figure>\n","protected":false},"excerpt":{"rendered":"<p>Luc\u00eda Morales falleci\u00f3 tras enfrentar complicaciones m\u00e9dicas durante varios d\u00edas en la unidad de cuidados intensivos. &#8220;Demostr\u00f3 una fortaleza incomparable hasta el final&#8221;, expres\u00f3 su familia con profunda tristeza. El mundo del motociclismo se encuentra de luto tras el fallecimiento de\u00a0Sid Veijer, un prometedor piloto de tan solo\u00a0siete a\u00f1os\u00a0que sufri\u00f3 un tr\u00e1gico accidente mientras entrenaba [&hellip;]<\/p>\n","protected":false},"author":21,"featured_media":49842,"comment_status":"closed","ping_status":"closed","sticky":false,"template":"","format":"standard","meta":{"_jetpack_memberships_contains_paid_content":false,"footnotes":""},"categories":[8509],"tags":[665,11199,929,11198,6073,434],"class_list":{"0":"post-49839","1":"post","2":"type-post","3":"status-publish","4":"format-standard","5":"has-post-thumbnail","7":"category-internacional","8":"tag-accidente","9":"tag-mini-moto","10":"tag-muerte","11":"tag-nino","12":"tag-paises-bajos","13":"tag-sociedad"},"jetpack_featured_media_url":"https:\/\/denoticiasonline.com\/wp-content\/uploads\/2025\/01\/LYH5MMMT3ZGQFKF7XHLIUZCNLI.avif","jetpack_sharing_enabled":true,"_links":{"self":[{"href":"https:\/\/denoticiasonline.com\/index.php\/wp-json\/wp\/v2\/posts\/49839","targetHints":{"allow":["GET"]}}],"collection":[{"href":"https:\/\/denoticiasonline.com\/index.php\/wp-json\/wp\/v2\/posts"}],"about":[{"href":"https:\/\/denoticiasonline.com\/index.php\/wp-json\/wp\/v2\/types\/post"}],"author":[{"embeddable":true,"href":"https:\/\/denoticiasonline.com\/index.php\/wp-json\/wp\/v2\/users\/21"}],"replies":[{"embeddable":true,"href":"https:\/\/denoticiasonline.com\/index.php\/wp-json\/wp\/v2\/comments?post=49839"}],"version-history":[{"count":1,"href":"https:\/\/denoticiasonline.com\/index.php\/wp-json\/wp\/v2\/posts\/49839\/revisions"}],"predecessor-version":[{"id":49843,"href":"https:\/\/denoticiasonline.com\/index.php\/wp-json\/wp\/v2\/posts\/49839\/revisions\/49843"}],"wp:featuredmedia":[{"embeddable":true,"href":"https:\/\/denoticiasonline.com\/index.php\/wp-json\/wp\/v2\/media\/49842"}],"wp:attachment":[{"href":"https:\/\/denoticiasonline.com\/index.php\/wp-json\/wp\/v2\/media?parent=49839"}],"wp:term":[{"taxonomy":"category","embeddable":true,"href":"https:\/\/denoticiasonline.com\/index.php\/wp-json\/wp\/v2\/categories?post=49839"},{"taxonomy":"post_tag","embeddable":true,"href":"https:\/\/denoticiasonline.com\/index.php\/wp-json\/wp\/v2\/tags?post=49839"}],"curies":[{"name":"wp","href":"https:\/\/api.w.org\/{rel}","templated":true}]}}