{"id":49836,"date":"2025-01-03T15:43:59","date_gmt":"2025-01-03T15:43:59","guid":{"rendered":"https:\/\/denoticiasonline.com\/?p=49836"},"modified":"2025-01-03T15:44:00","modified_gmt":"2025-01-03T15:44:00","slug":"se-retiro-del-futbol-mauro-pajon","status":"publish","type":"post","link":"https:\/\/denoticiasonline.com\/index.php\/2025\/01\/03\/se-retiro-del-futbol-mauro-pajon\/","title":{"rendered":"SE RETIR\u00d3 DEL F\u00daTBOL MAURO PAJ\u00d3N"},"content":{"rendered":"\n<p>El emblem\u00e1tico mediocampista e \u00eddolo del Deportivo Merlo, Mauro Paj\u00f3n, anunci\u00f3 su retiro del f\u00fatbol profesional a los 38 a\u00f1os. Su desempe\u00f1o fue fundamental en el hist\u00f3rico ascenso a la Primera B.<\/p>\n\n\n\n<p>Se confirm\u00f3 una noticia que afecta a todo el mundo de Deportivo Merlo: el hist\u00f3rico volante, e \u00eddolo del club, Mauro Paj\u00f3n no seguir\u00e1 jugando m\u00e1s al f\u00fatbol. El mediocampista decidi\u00f3 colgar los botines a los 38 a\u00f1os, en el club donde consigui\u00f3 el ascenso a la Primera Nacional en el 2009.<\/p>\n\n\n\n<p>Mauro Paj\u00f3n debut\u00f3 como profesional en Deportivo Espa\u00f1ol en el a\u00f1o 2004. Tras tres a\u00f1os en el club, tuvo un paso por Temperley, antes de firmar contrato con Deportivo Merlo. Tras dos temporadas en el Charro, firm\u00f3 contrato con varios equipos de la categor\u00eda: Gimnasia y Esgrima de Jujuy, Atlanta y Chacarita Juniors, antes de volver al club del Parque San Mart\u00edn.<\/p>\n\n\n\n<p>Tras un a\u00f1o en el Charro, Paj\u00f3n firm\u00f3 contrato nuevamente con Gimnasia y Esgrima de Jujuy, Los Andes, Douglas Haig de Pergamino y Atl\u00e9tico Paran\u00e1. Desde el 2017 se encontraba vistiendo los colores de Deportivo Merlo, donde logr\u00f3 el ascenso a la Primera B.<\/p>\n\n\n\n<p>Justamente, el volante fue clave en el ascenso de ese Deportivo Merlo a la Primera B del f\u00fatbol argentino. Con un gran equipo, que contaba con figuras como Clemente Rodr\u00edguez o L\u00e1zaro Romero, venci\u00f3 en la final a Dock Sud por 2-1. En ese encuentro, Paj\u00f3n fue clave: ingres\u00f3 desde el banco de suplentes y en sus dos primeras intervenciones dio vuelta el partido. Primero, un centro preciso a la cabeza de Romero para estampar el 1-1 parcial. Luego, de tiro libre, le dio la victoria al Charro.<\/p>\n\n\n\n<p>Ahora, Mauro Paj\u00f3n continuar\u00e1 ligado al club de Parque San Mart\u00edn, pero desde otro rol: ser\u00e1 el ayudante de campo de Walter Marchesi, en la lucha por volver a la Primera Nacional. En total, el volante jug\u00f3 m\u00e1s de 450 partidos como profesional.<\/p>\n","protected":false},"excerpt":{"rendered":"<p>El emblem\u00e1tico mediocampista e \u00eddolo del Deportivo Merlo, Mauro Paj\u00f3n, anunci\u00f3 su retiro del f\u00fatbol profesional a los 38 a\u00f1os. Su desempe\u00f1o fue fundamental en el hist\u00f3rico ascenso a la Primera B. Se confirm\u00f3 una noticia que afecta a todo el mundo de Deportivo Merlo: el hist\u00f3rico volante, e \u00eddolo del club, Mauro Paj\u00f3n no [&hellip;]<\/p>\n","protected":false},"author":21,"featured_media":49837,"comment_status":"closed","ping_status":"closed","sticky":false,"template":"","format":"standard","meta":{"_jetpack_memberships_contains_paid_content":false,"footnotes":""},"categories":[37],"tags":[270,3364,11197,58,6446,434],"class_list":{"0":"post-49836","1":"post","2":"type-post","3":"status-publish","4":"format-standard","5":"has-post-thumbnail","7":"category-deportes-merlo","8":"tag-deportes","9":"tag-deportivo-merlo","10":"tag-mauro-pajon","11":"tag-merlo","12":"tag-retiro","13":"tag-sociedad"},"jetpack_featured_media_url":"https:\/\/i0.wp.com\/denoticiasonline.com\/wp-content\/uploads\/2025\/01\/pajon_862x485.jpg?fit=862%2C485&ssl=1","jetpack_sharing_enabled":true,"_links":{"self":[{"href":"https:\/\/denoticiasonline.com\/index.php\/wp-json\/wp\/v2\/posts\/49836","targetHints":{"allow":["GET"]}}],"collection":[{"href":"https:\/\/denoticiasonline.com\/index.php\/wp-json\/wp\/v2\/posts"}],"about":[{"href":"https:\/\/denoticiasonline.com\/index.php\/wp-json\/wp\/v2\/types\/post"}],"author":[{"embeddable":true,"href":"https:\/\/denoticiasonline.com\/index.php\/wp-json\/wp\/v2\/users\/21"}],"replies":[{"embeddable":true,"href":"https:\/\/denoticiasonline.com\/index.php\/wp-json\/wp\/v2\/comments?post=49836"}],"version-history":[{"count":1,"href":"https:\/\/denoticiasonline.com\/index.php\/wp-json\/wp\/v2\/posts\/49836\/revisions"}],"predecessor-version":[{"id":49838,"href":"https:\/\/denoticiasonline.com\/index.php\/wp-json\/wp\/v2\/posts\/49836\/revisions\/49838"}],"wp:featuredmedia":[{"embeddable":true,"href":"https:\/\/denoticiasonline.com\/index.php\/wp-json\/wp\/v2\/media\/49837"}],"wp:attachment":[{"href":"https:\/\/denoticiasonline.com\/index.php\/wp-json\/wp\/v2\/media?parent=49836"}],"wp:term":[{"taxonomy":"category","embeddable":true,"href":"https:\/\/denoticiasonline.com\/index.php\/wp-json\/wp\/v2\/categories?post=49836"},{"taxonomy":"post_tag","embeddable":true,"href":"https:\/\/denoticiasonline.com\/index.php\/wp-json\/wp\/v2\/tags?post=49836"}],"curies":[{"name":"wp","href":"https:\/\/api.w.org\/{rel}","templated":true}]}}