{"id":49598,"date":"2024-12-10T12:55:53","date_gmt":"2024-12-10T12:55:53","guid":{"rendered":"https:\/\/denoticiasonline.com\/?p=49598"},"modified":"2024-12-10T12:55:54","modified_gmt":"2024-12-10T12:55:54","slug":"lula-da-silva-fue-operado-con-exito-de-una-hemorragia-cerebral","status":"publish","type":"post","link":"https:\/\/denoticiasonline.com\/index.php\/2024\/12\/10\/lula-da-silva-fue-operado-con-exito-de-una-hemorragia-cerebral\/","title":{"rendered":"LULA DA SILVA FUE OPERADO CON \u00c9XITO DE UNA HEMORRAGIA CEREBRAL"},"content":{"rendered":"\n<p>Luego de una ca\u00edda ocurrida el 19 de octubre en su residencia, el presidente brasile\u00f1o tuvo que ser sometido a una cirug\u00eda de urgencia para drenar un hematoma subdural.<\/p>\n\n\n\n<p>El procedimiento se realiz\u00f3 la noche del lunes en el Hospital Sirio-Liban\u00e9s de San Pablo. A trav\u00e9s de un bolet\u00edn publicado en las redes de Lula, aseguran que la intervenci\u00f3n quir\u00fargica se desarroll\u00f3 sin ning\u00fan problema y que, actualmente, Lula se encuentra \u201cbien\u201d en la unidad de cuidados intensivos.<\/p>\n\n\n\n<p>\u201cLa cirug\u00eda transcurri\u00f3 sin complicaciones. Por el momento, el presidente se encuentra bien, bajo seguimiento en una cama de Unidad de Cuidados Intensivos\u201d, inform\u00f3 el Hospital Sirio-Liban\u00e9s a trav\u00e9s del bolet\u00edn.<\/p>\n\n\n\n<p>Seg\u00fan explicaron los m\u00e9dicos, el lunes por la noche, Lula acudi\u00f3 al hospital por un dolor de cabeza, al realizarle una resonancia magn\u00e9tica encontraron una hemorragia intracraneal.<\/p>\n\n\n\n<p>Por consecuencia de su accidente y recomendaci\u00f3n m\u00e9dica, el mandatario debi\u00f3 cancelar su viaje a Rusia, en donde se desarroll\u00f3 la cumbre de los Brics, y su participaci\u00f3n en la cumbre de Naciones Unidas sobre el clima COP29 en Bak\u00fa, la capital de Azerbaiy\u00e1n.<\/p>\n","protected":false},"excerpt":{"rendered":"<p>Luego de una ca\u00edda ocurrida el 19 de octubre en su residencia, el presidente brasile\u00f1o tuvo que ser sometido a una cirug\u00eda de urgencia para drenar un hematoma subdural. El procedimiento se realiz\u00f3 la noche del lunes en el Hospital Sirio-Liban\u00e9s de San Pablo. A trav\u00e9s de un bolet\u00edn publicado en las redes de Lula, [&hellip;]<\/p>\n","protected":false},"author":21,"featured_media":49599,"comment_status":"closed","ping_status":"closed","sticky":false,"template":"","format":"standard","meta":{"_jetpack_memberships_contains_paid_content":false,"footnotes":""},"categories":[8509],"tags":[11111,5314,11110,3084,434],"class_list":{"0":"post-49598","1":"post","2":"type-post","3":"status-publish","4":"format-standard","5":"has-post-thumbnail","7":"category-internacional","8":"tag-hemorragia-cerebral","9":"tag-lula-da-silva","10":"tag-operado","11":"tag-san-pablo","12":"tag-sociedad"},"jetpack_featured_media_url":"https:\/\/i0.wp.com\/denoticiasonline.com\/wp-content\/uploads\/2024\/12\/197319.jpg?fit=950%2C499&ssl=1","jetpack_sharing_enabled":true,"_links":{"self":[{"href":"https:\/\/denoticiasonline.com\/index.php\/wp-json\/wp\/v2\/posts\/49598","targetHints":{"allow":["GET"]}}],"collection":[{"href":"https:\/\/denoticiasonline.com\/index.php\/wp-json\/wp\/v2\/posts"}],"about":[{"href":"https:\/\/denoticiasonline.com\/index.php\/wp-json\/wp\/v2\/types\/post"}],"author":[{"embeddable":true,"href":"https:\/\/denoticiasonline.com\/index.php\/wp-json\/wp\/v2\/users\/21"}],"replies":[{"embeddable":true,"href":"https:\/\/denoticiasonline.com\/index.php\/wp-json\/wp\/v2\/comments?post=49598"}],"version-history":[{"count":1,"href":"https:\/\/denoticiasonline.com\/index.php\/wp-json\/wp\/v2\/posts\/49598\/revisions"}],"predecessor-version":[{"id":49600,"href":"https:\/\/denoticiasonline.com\/index.php\/wp-json\/wp\/v2\/posts\/49598\/revisions\/49600"}],"wp:featuredmedia":[{"embeddable":true,"href":"https:\/\/denoticiasonline.com\/index.php\/wp-json\/wp\/v2\/media\/49599"}],"wp:attachment":[{"href":"https:\/\/denoticiasonline.com\/index.php\/wp-json\/wp\/v2\/media?parent=49598"}],"wp:term":[{"taxonomy":"category","embeddable":true,"href":"https:\/\/denoticiasonline.com\/index.php\/wp-json\/wp\/v2\/categories?post=49598"},{"taxonomy":"post_tag","embeddable":true,"href":"https:\/\/denoticiasonline.com\/index.php\/wp-json\/wp\/v2\/tags?post=49598"}],"curies":[{"name":"wp","href":"https:\/\/api.w.org\/{rel}","templated":true}]}}