{"id":49443,"date":"2024-11-27T18:24:57","date_gmt":"2024-11-27T18:24:57","guid":{"rendered":"https:\/\/denoticiasonline.com\/?p=49443"},"modified":"2024-11-27T18:24:58","modified_gmt":"2024-11-27T18:24:58","slug":"en-merlo-se-celebra-la-semana-de-la-educacion","status":"publish","type":"post","link":"https:\/\/denoticiasonline.com\/index.php\/2024\/11\/27\/en-merlo-se-celebra-la-semana-de-la-educacion\/","title":{"rendered":"EN MERLO SE CELEBRA LA SEMANA DE LA EDUCACI\u00d3N"},"content":{"rendered":"\n<p>M\u00e1s de 250 escuelas del municipio participaron en una exposici\u00f3n de proyectos durante la semana de la educaci\u00f3n. Con la presencia de autoridades municipales y la comunidad educativa, el fil\u00f3sofo Dar\u00edo Sztajnszrajber ofreci\u00f3 una charla dedicada a la filosof\u00eda.<\/p>\n\n\n\n<p>Estudiantes de 250 escuelas y centros socioeducativos fueron parte de la primera jornada de este evento con una muestra de proyectos institucionales. La Semana de la&nbsp; Educaci\u00f3n Merlense se enmarca en el cierre del&nbsp;<strong>Proyecto Educativo Distrital 2024<\/strong>. Hasta el 05\/12 en la Casa de la Cultura, de 17 a 21 hs. Entrada libre y gratuita.<\/p>\n\n\n\n<p>Participaron estudiantes, docentes, orientadores vocacionales y autoridades municipales y educativas, como la Secretaria de Educaci\u00f3n, Cultura, Deportes y Recreaci\u00f3n, Silvana Zahana y el Subsecretario de Educaci\u00f3n, Rafael D\u00edaz.<\/p>\n\n\n\n<figure class=\"wp-block-image\"><a href=\"https:\/\/i0.wp.com\/merloconvos.com\/wp-content\/uploads\/2024\/11\/DSC01689.jpg?resize=696%2C392&amp;ssl=1\"><img decoding=\"async\" src=\"https:\/\/i0.wp.com\/merloconvos.com\/wp-content\/uploads\/2024\/11\/DSC01689.jpg?resize=696%2C392&amp;ssl=1\" alt=\"\" class=\"wp-image-28258\"\/><\/a><\/figure>\n\n\n\n<p>Por su parte, el docente<strong>&nbsp;Dar\u00edo Sztajnszrajber&nbsp;<\/strong>realiz\u00f3 una reflexi\u00f3n sobre el rol de la educaci\u00f3n y, en este sentido, se\u00f1al\u00f3 que \u201cTrat\u00e9 de relacionar un esbozo de la filosof\u00eda con la educaci\u00f3n. Estoy feliz de poder compartir este espacio con los docentes y la comunidad educativa de Merlo\u201d.<\/p>\n\n\n\n<h2 class=\"wp-block-heading\"><strong>El encuentro cont\u00f3 con la presencia del Intendente Gustavo Men\u00e9ndez y del fil\u00f3sofo Dar\u00edo Sztajnszrajber.<\/strong><\/h2>\n\n\n\n<p>Se trat\u00f3 la centralidad de la ense\u00f1anza y el fortalecimiento de las trayectorias educativas en todos los niveles y modalidades. Hubo muestras de&nbsp;<strong>proyectos de aprendizaje, ajedrez, taller de m\u00fasica, pr\u00e1cticas deportivas, expo arte, taller literario y ecol\u00f3gico, ESI y juegos din\u00e1micos<\/strong>.<\/p>\n\n\n\n<figure class=\"wp-block-image\"><a href=\"https:\/\/i0.wp.com\/merloconvos.com\/wp-content\/uploads\/2024\/11\/DSC07373.jpg?resize=696%2C392&amp;ssl=1\"><img decoding=\"async\" src=\"https:\/\/i0.wp.com\/merloconvos.com\/wp-content\/uploads\/2024\/11\/DSC07373.jpg?resize=696%2C392&amp;ssl=1\" alt=\"\" class=\"wp-image-28256\"\/><\/a><\/figure>\n\n\n\n<p><em>\u201cEl trabajo de la juventud es fenomenal. Siempre son acompa\u00f1ados por los docentes, directivos, la jefatura distrital, la jefatura regional, el consejo escolar, las familias y eso es una fortaleza muy grande que debemos proteger\u201d,<\/em>&nbsp;expres\u00f3 el jefe comunal&nbsp;<strong>Gustavo Men\u00e9ndez<\/strong>.<\/p>\n","protected":false},"excerpt":{"rendered":"<p>M\u00e1s de 250 escuelas del municipio participaron en una exposici\u00f3n de proyectos durante la semana de la educaci\u00f3n. Con la presencia de autoridades municipales y la comunidad educativa, el fil\u00f3sofo Dar\u00edo Sztajnszrajber ofreci\u00f3 una charla dedicada a la filosof\u00eda. Estudiantes de 250 escuelas y centros socioeducativos fueron parte de la primera jornada de este evento [&hellip;]<\/p>\n","protected":false},"author":21,"featured_media":49444,"comment_status":"closed","ping_status":"closed","sticky":false,"template":"","format":"standard","meta":{"_jetpack_memberships_contains_paid_content":false,"footnotes":""},"categories":[41],"tags":[11065,518,1879,107,58,1365,434],"class_list":{"0":"post-49443","1":"post","2":"type-post","3":"status-publish","4":"format-standard","5":"has-post-thumbnail","7":"category-educacion-merlo","8":"tag-dario-sztajnszrajber-2","9":"tag-educacion","10":"tag-entrada-libre-y-gratuita","11":"tag-gustavo-menendez","12":"tag-merlo","13":"tag-municipio-de-merlo","14":"tag-sociedad"},"jetpack_featured_media_url":"https:\/\/i0.wp.com\/denoticiasonline.com\/wp-content\/uploads\/2024\/11\/DSC07421.jpg?fit=1200%2C675&ssl=1","jetpack_sharing_enabled":true,"_links":{"self":[{"href":"https:\/\/denoticiasonline.com\/index.php\/wp-json\/wp\/v2\/posts\/49443","targetHints":{"allow":["GET"]}}],"collection":[{"href":"https:\/\/denoticiasonline.com\/index.php\/wp-json\/wp\/v2\/posts"}],"about":[{"href":"https:\/\/denoticiasonline.com\/index.php\/wp-json\/wp\/v2\/types\/post"}],"author":[{"embeddable":true,"href":"https:\/\/denoticiasonline.com\/index.php\/wp-json\/wp\/v2\/users\/21"}],"replies":[{"embeddable":true,"href":"https:\/\/denoticiasonline.com\/index.php\/wp-json\/wp\/v2\/comments?post=49443"}],"version-history":[{"count":1,"href":"https:\/\/denoticiasonline.com\/index.php\/wp-json\/wp\/v2\/posts\/49443\/revisions"}],"predecessor-version":[{"id":49445,"href":"https:\/\/denoticiasonline.com\/index.php\/wp-json\/wp\/v2\/posts\/49443\/revisions\/49445"}],"wp:featuredmedia":[{"embeddable":true,"href":"https:\/\/denoticiasonline.com\/index.php\/wp-json\/wp\/v2\/media\/49444"}],"wp:attachment":[{"href":"https:\/\/denoticiasonline.com\/index.php\/wp-json\/wp\/v2\/media?parent=49443"}],"wp:term":[{"taxonomy":"category","embeddable":true,"href":"https:\/\/denoticiasonline.com\/index.php\/wp-json\/wp\/v2\/categories?post=49443"},{"taxonomy":"post_tag","embeddable":true,"href":"https:\/\/denoticiasonline.com\/index.php\/wp-json\/wp\/v2\/tags?post=49443"}],"curies":[{"name":"wp","href":"https:\/\/api.w.org\/{rel}","templated":true}]}}