{"id":49288,"date":"2024-11-14T14:47:34","date_gmt":"2024-11-14T14:47:34","guid":{"rendered":"https:\/\/denoticiasonline.com\/?p=49288"},"modified":"2024-11-14T14:47:36","modified_gmt":"2024-11-14T14:47:36","slug":"uno-egresaron-nuevos-profesionales","status":"publish","type":"post","link":"https:\/\/denoticiasonline.com\/index.php\/2024\/11\/14\/uno-egresaron-nuevos-profesionales\/","title":{"rendered":"UNO: EGRESARON NUEVOS PROFESIONALES"},"content":{"rendered":"\n<p>La Universidad Nacional del Oeste (UNO) celebr\u00f3 la graduaci\u00f3n de m\u00e1s de 1200 estudiantes que completaron sus estudios en el ciclo 2024.<\/p>\n\n\n\n<p>Por tercera vez en el a\u00f1o, la casa de altos estudios realiz\u00f3 un acto de colaci\u00f3n para los nuevos licenciados en Educaci\u00f3n F\u00edsica, Administraci\u00f3n, Ingenier\u00eda Qu\u00edmica, Enfermer\u00eda e Inform\u00e1tica.<\/p>\n\n\n\n<p><strong>Con la presencia del Intendente Gustavo Men\u00e9ndez, el rector Roberto Gallo encabez\u00f3 el acto de colaci\u00f3n en el nuevo Campus ubicado en Av. Balb\u00edn y Castagnari.<\/strong><\/p>\n\n\n\n<p>El Jefe Comunal particip\u00f3 de la entrega de t\u00edtulos y expres\u00f3&nbsp;<em>\u201cHoy la universidad le devuelve a la sociedad una generaci\u00f3n de profesionales empoderados y formados en la construcci\u00f3n de una sociedad m\u00e1s justa. Son el orgullo de todos los merlenses\u201d.<\/em><\/p>\n\n\n\n<p>La&nbsp;<a href=\"https:\/\/www.uno.edu.ar\/\">Universidad Nacional del Oeste<\/a>&nbsp;cerr\u00f3 el ciclo lectivo 2024 y se prepara para iniciar el 2025 con nuevos estudiantes y el proyecto de construcci\u00f3n de nuevos m\u00f3dulos en el campus ubicado en Av. Balvin y Castagnari.<\/p>\n\n\n\n<p>Por su parte, el rector Roberto Gallo destac\u00f3&nbsp;<em>\u201cEste acto reconfigura esa grandeza de haber construido una universidad en el conurbano bonaerense. Miles de trabajadores e hijos de trabajadores se forman en nuestra casa y es un gran orgullo\u201d,&nbsp;<\/em>y se\u00f1al\u00f3 que&nbsp;<em>\u201cEl apoyo del Estado municipal y provincial es constante y fundamental para que podamos seguir formando al pueblo de Merlo<\/em>\u201d.<\/p>\n\n\n\n<p>El vicerrector de la UNO, Gustavo Soos, expres\u00f3: \u201c<em>Cada vez tenemos&nbsp; mayor cantidad de alumnos y mayor calidad educativa. Es una universidad joven con estudiantes que demuestran que la universidad p\u00fablica es trascendente para nuestro pa\u00eds<\/em>\u201d.<\/p>\n\n\n\n<p>Los nuevos profesionales al finalizar el acto de colaci\u00f3n cantaron \u00abUniversidad de los trabajadores, al que no le gusta se jode\u00bb con sus t\u00edtulos en mano. Familiares, docentes y no docentes se emocionaron con una camada de m\u00e1s de 1200 estudiantes que finalizaron sus carreras en el distrito de Merlo.<\/p>\n","protected":false},"excerpt":{"rendered":"<p>La Universidad Nacional del Oeste (UNO) celebr\u00f3 la graduaci\u00f3n de m\u00e1s de 1200 estudiantes que completaron sus estudios en el ciclo 2024. Por tercera vez en el a\u00f1o, la casa de altos estudios realiz\u00f3 un acto de colaci\u00f3n para los nuevos licenciados en Educaci\u00f3n F\u00edsica, Administraci\u00f3n, Ingenier\u00eda Qu\u00edmica, Enfermer\u00eda e Inform\u00e1tica. Con la presencia del [&hellip;]<\/p>\n","protected":false},"author":21,"featured_media":49289,"comment_status":"closed","ping_status":"closed","sticky":false,"template":"","format":"standard","meta":{"_jetpack_memberships_contains_paid_content":false,"footnotes":""},"categories":[41],"tags":[518,11026,107,1757,434,1136],"class_list":{"0":"post-49288","1":"post","2":"type-post","3":"status-publish","4":"format-standard","5":"has-post-thumbnail","7":"category-educacion-merlo","8":"tag-educacion","9":"tag-graduacion","10":"tag-gustavo-menendez","11":"tag-roberto-gallo","12":"tag-sociedad","13":"tag-uno"},"jetpack_featured_media_url":"https:\/\/i0.wp.com\/denoticiasonline.com\/wp-content\/uploads\/2024\/11\/Captura-de-pantalla-2024-11-14-114453.png?fit=754%2C531&ssl=1","jetpack_sharing_enabled":true,"_links":{"self":[{"href":"https:\/\/denoticiasonline.com\/index.php\/wp-json\/wp\/v2\/posts\/49288","targetHints":{"allow":["GET"]}}],"collection":[{"href":"https:\/\/denoticiasonline.com\/index.php\/wp-json\/wp\/v2\/posts"}],"about":[{"href":"https:\/\/denoticiasonline.com\/index.php\/wp-json\/wp\/v2\/types\/post"}],"author":[{"embeddable":true,"href":"https:\/\/denoticiasonline.com\/index.php\/wp-json\/wp\/v2\/users\/21"}],"replies":[{"embeddable":true,"href":"https:\/\/denoticiasonline.com\/index.php\/wp-json\/wp\/v2\/comments?post=49288"}],"version-history":[{"count":1,"href":"https:\/\/denoticiasonline.com\/index.php\/wp-json\/wp\/v2\/posts\/49288\/revisions"}],"predecessor-version":[{"id":49290,"href":"https:\/\/denoticiasonline.com\/index.php\/wp-json\/wp\/v2\/posts\/49288\/revisions\/49290"}],"wp:featuredmedia":[{"embeddable":true,"href":"https:\/\/denoticiasonline.com\/index.php\/wp-json\/wp\/v2\/media\/49289"}],"wp:attachment":[{"href":"https:\/\/denoticiasonline.com\/index.php\/wp-json\/wp\/v2\/media?parent=49288"}],"wp:term":[{"taxonomy":"category","embeddable":true,"href":"https:\/\/denoticiasonline.com\/index.php\/wp-json\/wp\/v2\/categories?post=49288"},{"taxonomy":"post_tag","embeddable":true,"href":"https:\/\/denoticiasonline.com\/index.php\/wp-json\/wp\/v2\/tags?post=49288"}],"curies":[{"name":"wp","href":"https:\/\/api.w.org\/{rel}","templated":true}]}}