{"id":48922,"date":"2024-10-22T15:48:51","date_gmt":"2024-10-22T15:48:51","guid":{"rendered":"https:\/\/denoticiasonline.com\/?p=48922"},"modified":"2024-10-22T15:48:53","modified_gmt":"2024-10-22T15:48:53","slug":"libertadores-river-y-mineiro-cara-a-cara-en-brasil","status":"publish","type":"post","link":"https:\/\/denoticiasonline.com\/index.php\/2024\/10\/22\/libertadores-river-y-mineiro-cara-a-cara-en-brasil\/","title":{"rendered":"LIBERTADORES: RIVER Y MINEIRO CARA  A CARA EN BRASIL"},"content":{"rendered":"\n<p>Gallardo podr\u00eda alinear a tres centrales para aprovechar a Acu\u00f1a y Bustos en las bandas y generar peligro a los dirigidos por Gaby Milito. Se espera un gran clima en el estadio.<\/p>\n\n\n\n<p><strong>River<\/strong>&nbsp;&nbsp;ser\u00e1 el primero de los tres equipos argentinos que habr\u00e1n de presentarse esta semana en Brasil por la ida de las semifinales de las copas continentales.&nbsp;&nbsp;<strong>Desde las 21.30 y con transmisi\u00f3n de Telef\u00e9 y Fox Sports,&nbsp;<\/strong>&nbsp;el equipo que dirige Marcelo Gallardo empezar\u00e1 a jugarse ante&nbsp;&nbsp;<strong>Atl\u00e9tico Mineiro<\/strong>&nbsp;&nbsp;el pase a la final de la&nbsp;&nbsp;<strong>Copa Libertadores<\/strong>&nbsp;. El partido se disputar\u00e1 en la Arena MRV de Belo Horizonte y ser\u00e1 arbitrado por el venezolano Jes\u00fas Valenzuela&nbsp;e inicia desde las 21.30hs.<\/p>\n\n\n\n<p>Lejos de la pelea por el t\u00edtulo en la Liga Profesional (qued\u00f3 a una vez puntos del l\u00edder V\u00e9lez),&nbsp;&nbsp;<strong>River, \u00fanico invicto de la Libertadores, apunta de lleno a ganarla por tercera vez en los \u00faltimos diez a\u00f1os.<\/strong><\/p>\n\n\n\n<figure class=\"wp-block-embed is-type-rich is-provider-twitter wp-block-embed-twitter\"><div class=\"wp-block-embed__wrapper\">\n<blockquote class=\"twitter-tweet\" data-width=\"550\" data-dnt=\"true\"><p lang=\"es\" dir=\"ltr\">\ud83d\udcdd Los convocados por Marcelo Gallardo para viajar a Brasil por el partido de ida de las semifinales de la <a href=\"https:\/\/twitter.com\/hashtag\/Libertadores?src=hash&amp;ref_src=twsrc%5Etfw\">#Libertadores<\/a> \ud83c\udd9a Atl\u00e9tico Mineiro. \u26bd\ud83d\udcaa<a href=\"https:\/\/twitter.com\/hashtag\/VamosRiver?src=hash&amp;ref_src=twsrc%5Etfw\">#VamosRiver<\/a> \u26aa\ud83d\udd34\u26aa <a href=\"https:\/\/t.co\/N0rfE7rKaX\">pic.twitter.com\/N0rfE7rKaX<\/a><\/p>&mdash; River Plate (@RiverPlate) <a href=\"https:\/\/twitter.com\/RiverPlate\/status\/1848171647531925510?ref_src=twsrc%5Etfw\">October 21, 2024<\/a><\/blockquote><script async src=\"https:\/\/platform.twitter.com\/widgets.js\" charset=\"utf-8\"><\/script>\n<\/div><\/figure>\n","protected":false},"excerpt":{"rendered":"<p>Gallardo podr\u00eda alinear a tres centrales para aprovechar a Acu\u00f1a y Bustos en las bandas y generar peligro a los dirigidos por Gaby Milito. Se espera un gran clima en el estadio. River&nbsp;&nbsp;ser\u00e1 el primero de los tres equipos argentinos que habr\u00e1n de presentarse esta semana en Brasil por la ida de las semifinales de [&hellip;]<\/p>\n","protected":false},"author":21,"featured_media":48923,"comment_status":"closed","ping_status":"closed","sticky":false,"template":"","format":"standard","meta":{"_jetpack_memberships_contains_paid_content":false,"footnotes":""},"categories":[8490],"tags":[621,10931,605,3859,434],"class_list":{"0":"post-48922","1":"post","2":"type-post","3":"status-publish","4":"format-standard","5":"has-post-thumbnail","7":"category-deportes-nacionales","8":"tag-argentina","9":"tag-atletico-mineiro","10":"tag-copa-libertadores","11":"tag-river-plate","12":"tag-sociedad"},"jetpack_featured_media_url":"https:\/\/i0.wp.com\/denoticiasonline.com\/wp-content\/uploads\/2024\/10\/river-mineiro-copa-libertadores-1896001.jpg?fit=720%2C410&ssl=1","jetpack_sharing_enabled":true,"_links":{"self":[{"href":"https:\/\/denoticiasonline.com\/index.php\/wp-json\/wp\/v2\/posts\/48922","targetHints":{"allow":["GET"]}}],"collection":[{"href":"https:\/\/denoticiasonline.com\/index.php\/wp-json\/wp\/v2\/posts"}],"about":[{"href":"https:\/\/denoticiasonline.com\/index.php\/wp-json\/wp\/v2\/types\/post"}],"author":[{"embeddable":true,"href":"https:\/\/denoticiasonline.com\/index.php\/wp-json\/wp\/v2\/users\/21"}],"replies":[{"embeddable":true,"href":"https:\/\/denoticiasonline.com\/index.php\/wp-json\/wp\/v2\/comments?post=48922"}],"version-history":[{"count":1,"href":"https:\/\/denoticiasonline.com\/index.php\/wp-json\/wp\/v2\/posts\/48922\/revisions"}],"predecessor-version":[{"id":48924,"href":"https:\/\/denoticiasonline.com\/index.php\/wp-json\/wp\/v2\/posts\/48922\/revisions\/48924"}],"wp:featuredmedia":[{"embeddable":true,"href":"https:\/\/denoticiasonline.com\/index.php\/wp-json\/wp\/v2\/media\/48923"}],"wp:attachment":[{"href":"https:\/\/denoticiasonline.com\/index.php\/wp-json\/wp\/v2\/media?parent=48922"}],"wp:term":[{"taxonomy":"category","embeddable":true,"href":"https:\/\/denoticiasonline.com\/index.php\/wp-json\/wp\/v2\/categories?post=48922"},{"taxonomy":"post_tag","embeddable":true,"href":"https:\/\/denoticiasonline.com\/index.php\/wp-json\/wp\/v2\/tags?post=48922"}],"curies":[{"name":"wp","href":"https:\/\/api.w.org\/{rel}","templated":true}]}}