{"id":48812,"date":"2024-10-15T18:01:06","date_gmt":"2024-10-15T18:01:06","guid":{"rendered":"https:\/\/denoticiasonline.com\/?p=48812"},"modified":"2024-10-15T18:01:09","modified_gmt":"2024-10-15T18:01:09","slug":"merlo-el-municipo-hizo-entrega-de-kits-escolares-a-instituciones","status":"publish","type":"post","link":"https:\/\/denoticiasonline.com\/index.php\/2024\/10\/15\/merlo-el-municipo-hizo-entrega-de-kits-escolares-a-instituciones\/","title":{"rendered":"MERLO: EL MUNICIPO HIZO ENTREGA DE KITS ESCOLARES A INSTITUCIONES"},"content":{"rendered":"\n<p>Las escuelas del distrito, tanto de nivel inicial, primario como secundario, recibieron kits escolares gracias a un operativo organizado por la Subsecretar\u00eda de Educaci\u00f3n. El reparto se realiz\u00f3 de manera coordinada, y aquellas escuelas interesadas en obtener los kits deben presentar una nota de solicitud en la oficina municipal, ubicada en la intersecci\u00f3n de Juncal y Riobamba, de lunes a viernes, en el horario de 08 a 17 hs.<\/p>\n\n\n\n<p>Ante la crisis que viven muchas familias, el Municipio realiza el acompa\u00f1amiento pertinente para colaborar con los estudiantes y puedan cursar con los elementos necesarios.<\/p>\n\n\n\n<figure class=\"wp-block-image is-resized\"><img data-recalc-dims=\"1\" decoding=\"async\" src=\"https:\/\/i0.wp.com\/www.merlo.gob.ar\/portal\/wp-content\/uploads\/2024\/10\/DSC_9156.jpg?w=696&#038;ssl=1\" alt=\"\" style=\"width:1068px;height:auto\"\/><\/figure>\n\n\n\n<figure class=\"wp-block-image size-large\"><img data-recalc-dims=\"1\" loading=\"lazy\" decoding=\"async\" width=\"696\" height=\"431\" src=\"https:\/\/i0.wp.com\/denoticiasonline.com\/wp-content\/uploads\/2024\/10\/image-4-1024x634.png?resize=696%2C431&#038;ssl=1\" alt=\"\" class=\"wp-image-48815\" srcset=\"https:\/\/i0.wp.com\/denoticiasonline.com\/wp-content\/uploads\/2024\/10\/image-4.png?resize=1024%2C634&amp;ssl=1 1024w, https:\/\/i0.wp.com\/denoticiasonline.com\/wp-content\/uploads\/2024\/10\/image-4.png?resize=300%2C186&amp;ssl=1 300w, https:\/\/i0.wp.com\/denoticiasonline.com\/wp-content\/uploads\/2024\/10\/image-4.png?resize=768%2C476&amp;ssl=1 768w, https:\/\/i0.wp.com\/denoticiasonline.com\/wp-content\/uploads\/2024\/10\/image-4.png?resize=1536%2C952&amp;ssl=1 1536w, https:\/\/i0.wp.com\/denoticiasonline.com\/wp-content\/uploads\/2024\/10\/image-4.png?resize=150%2C93&amp;ssl=1 150w, https:\/\/i0.wp.com\/denoticiasonline.com\/wp-content\/uploads\/2024\/10\/image-4.png?resize=696%2C431&amp;ssl=1 696w, https:\/\/i0.wp.com\/denoticiasonline.com\/wp-content\/uploads\/2024\/10\/image-4.png?resize=1068%2C662&amp;ssl=1 1068w, https:\/\/i0.wp.com\/denoticiasonline.com\/wp-content\/uploads\/2024\/10\/image-4.png?resize=678%2C420&amp;ssl=1 678w, https:\/\/i0.wp.com\/denoticiasonline.com\/wp-content\/uploads\/2024\/10\/image-4.png?resize=356%2C220&amp;ssl=1 356w, https:\/\/i0.wp.com\/denoticiasonline.com\/wp-content\/uploads\/2024\/10\/image-4.png?w=1601&amp;ssl=1 1601w, https:\/\/i0.wp.com\/denoticiasonline.com\/wp-content\/uploads\/2024\/10\/image-4.png?w=1392 1392w\" sizes=\"auto, (max-width: 696px) 100vw, 696px\" \/><\/figure>\n\n\n\n<ul class=\"wp-block-list\">\n<li><strong>Los kits cuentan con:<\/strong><\/li>\n\n\n\n<li>Cartulinas<\/li>\n\n\n\n<li>Crayones de colores<\/li>\n\n\n\n<li>Cuadernos de tapa dura<\/li>\n\n\n\n<li>Gomas de borrar<\/li>\n\n\n\n<li>L\u00e1pices<\/li>\n\n\n\n<li>Papel glac\u00e9<\/li>\n\n\n\n<li>Pinceles<\/li>\n\n\n\n<li>Plasticolas<\/li>\n\n\n\n<li>Sacapuntas<\/li>\n\n\n\n<li>T\u00e9mperas<\/li>\n\n\n\n<li><\/li>\n<\/ul>\n\n\n\n<p>De esa forma, ning\u00fan alumno o alumna podr\u00eda perderse las clases, al menos desde los elementos que solicitan los docentes para llevar una cursa adecuada. A su vez, que la educaci\u00f3n sea un acceso igualitario para los estudiantes de Merlo.<\/p>\n","protected":false},"excerpt":{"rendered":"<p>Las escuelas del distrito, tanto de nivel inicial, primario como secundario, recibieron kits escolares gracias a un operativo organizado por la Subsecretar\u00eda de Educaci\u00f3n. El reparto se realiz\u00f3 de manera coordinada, y aquellas escuelas interesadas en obtener los kits deben presentar una nota de solicitud en la oficina municipal, ubicada en la intersecci\u00f3n de Juncal [&hellip;]<\/p>\n","protected":false},"author":21,"featured_media":48814,"comment_status":"closed","ping_status":"closed","sticky":false,"template":"","format":"standard","meta":{"_jetpack_memberships_contains_paid_content":false,"footnotes":""},"categories":[41],"tags":[518,10905,107,3587,58,434],"class_list":{"0":"post-48812","1":"post","2":"type-post","3":"status-publish","4":"format-standard","5":"has-post-thumbnail","7":"category-educacion-merlo","8":"tag-educacion","9":"tag-entrega-de-kits-escolares","10":"tag-gustavo-menendez","11":"tag-intendencia-menendez","12":"tag-merlo","13":"tag-sociedad"},"jetpack_featured_media_url":"https:\/\/i0.wp.com\/denoticiasonline.com\/wp-content\/uploads\/2024\/10\/DSC_9187.jpg?fit=1620%2C1080&ssl=1","jetpack_sharing_enabled":true,"_links":{"self":[{"href":"https:\/\/denoticiasonline.com\/index.php\/wp-json\/wp\/v2\/posts\/48812","targetHints":{"allow":["GET"]}}],"collection":[{"href":"https:\/\/denoticiasonline.com\/index.php\/wp-json\/wp\/v2\/posts"}],"about":[{"href":"https:\/\/denoticiasonline.com\/index.php\/wp-json\/wp\/v2\/types\/post"}],"author":[{"embeddable":true,"href":"https:\/\/denoticiasonline.com\/index.php\/wp-json\/wp\/v2\/users\/21"}],"replies":[{"embeddable":true,"href":"https:\/\/denoticiasonline.com\/index.php\/wp-json\/wp\/v2\/comments?post=48812"}],"version-history":[{"count":1,"href":"https:\/\/denoticiasonline.com\/index.php\/wp-json\/wp\/v2\/posts\/48812\/revisions"}],"predecessor-version":[{"id":48816,"href":"https:\/\/denoticiasonline.com\/index.php\/wp-json\/wp\/v2\/posts\/48812\/revisions\/48816"}],"wp:featuredmedia":[{"embeddable":true,"href":"https:\/\/denoticiasonline.com\/index.php\/wp-json\/wp\/v2\/media\/48814"}],"wp:attachment":[{"href":"https:\/\/denoticiasonline.com\/index.php\/wp-json\/wp\/v2\/media?parent=48812"}],"wp:term":[{"taxonomy":"category","embeddable":true,"href":"https:\/\/denoticiasonline.com\/index.php\/wp-json\/wp\/v2\/categories?post=48812"},{"taxonomy":"post_tag","embeddable":true,"href":"https:\/\/denoticiasonline.com\/index.php\/wp-json\/wp\/v2\/tags?post=48812"}],"curies":[{"name":"wp","href":"https:\/\/api.w.org\/{rel}","templated":true}]}}