{"id":48437,"date":"2024-09-19T17:09:06","date_gmt":"2024-09-19T17:09:06","guid":{"rendered":"https:\/\/denoticiasonline.com\/?p=48437"},"modified":"2024-09-19T17:09:08","modified_gmt":"2024-09-19T17:09:08","slug":"a-pesar-de-que-el-gobierno-nos-quiera-asfixiar-vamos-a-seguir-ampliando-derechos-asi-lo-expreso-kicillof","status":"publish","type":"post","link":"https:\/\/denoticiasonline.com\/index.php\/2024\/09\/19\/a-pesar-de-que-el-gobierno-nos-quiera-asfixiar-vamos-a-seguir-ampliando-derechos-asi-lo-expreso-kicillof\/","title":{"rendered":"\u201cA PESAR DE QUE EL GOBIERNO NOS QUIERA ASFIXIAR, VAMOS A SEGUIR AMPLIANDO DERECHOS\u201d AS\u00cd LO EXPRES\u00d3 KICILLOF"},"content":{"rendered":"\n<p>El gobernador de la provincia de Buenos Aires, Axel Kicillof, critic\u00f3 la gesti\u00f3n de Javier Milei durante un acto de entrega de viviendas y escrituras que tuvo lugar ayer en Rauch. \u201cAquellos que hablan de la libertad como si fuera un asunto de individualismo deber\u00edan recorrer la provincia de Buenos Aires para entender los verdaderos problemas de nuestra gente\u201d, expres\u00f3 el mandatario provincial.<\/p>\n\n\n\n<p>Asimismo, Kicillof destac\u00f3 que\u00a0<strong>\u201cno se trata de recurrir a teor\u00edas extranjeras que no se aplican en ning\u00fan lado,<\/strong>\u00a0sino de cumplir con la Constituci\u00f3n Nacional que consagra al acceso a la vivienda digna como un derecho. Tambi\u00e9n remarc\u00f3 que a pesar del intento del Gobierno nacional de\u00a0 \u201casfixiar\u201d a la Provincia, siempre van a \u201cseguir construyendo casas, entregando escrituras y ampliando\u00a0<strong>derechos porque no solo le\u00edmos la Constituci\u00f3n, tambi\u00e9n la cumplimos<\/strong>\u201d.<\/p>\n\n\n\n<figure class=\"wp-block-embed is-type-rich is-provider-twitter wp-block-embed-twitter\"><div class=\"wp-block-embed__wrapper\">\n<blockquote class=\"twitter-tweet\" data-width=\"550\" data-dnt=\"true\"><p lang=\"es\" dir=\"ltr\">En <a href=\"https:\/\/twitter.com\/hashtag\/Rauch?src=hash&amp;ref_src=twsrc%5Etfw\">#Rauch<\/a>\u00a0demostramos lo que sucede cuando hay decisi\u00f3n pol\u00edtica de transformar la realidad de los bonaerenses. \u00a118 nuevas viviendas y 187 escrituras entregadas para garantizar el derecho al hogar de las familias del distrito! <a href=\"https:\/\/t.co\/MCCIQHcXGg\">pic.twitter.com\/MCCIQHcXGg<\/a><\/p>&mdash; Axel Kicillof (@Kicillofok) <a href=\"https:\/\/twitter.com\/Kicillofok\/status\/1836508704729923662?ref_src=twsrc%5Etfw\">September 18, 2024<\/a><\/blockquote><script async src=\"https:\/\/platform.twitter.com\/widgets.js\" charset=\"utf-8\"><\/script>\n<\/div><figcaption class=\"wp-element-caption\">En el acto que se realiz\u00f3 en el barrio UDER, se entregaron 18 viviendas mediante una inversi\u00f3n de $545 millones del Programa Bonaerense II \u2013 Solidaridad con Municipios. \u00a0Tambi\u00e9n, en el mismo evento se otorgaron 187 escrituras mediante el programa \u201cMi Escritura Mi Casa\u201d.<br>La ministra de H\u00e1bitat y Desarrollo Urbano, Silvina Batakis; su par de Justicia y Derechos Humanos, Juan Mart\u00edn Mena; y el intendente local, Maximiliano Suescun estuvieron presente en la entrega. \u201cEste es el resultado del trabajo articulado que lleva adelante el Gobierno bonaerense con todos los municipios para ampliar derechos y dar respuestas efectivas a las necesidades de los vecinos y vecinas\u201d, afirm\u00f3 Batakis.<\/figcaption><\/figure>\n","protected":false},"excerpt":{"rendered":"<p>El gobernador de la provincia de Buenos Aires, Axel Kicillof, critic\u00f3 la gesti\u00f3n de Javier Milei durante un acto de entrega de viviendas y escrituras que tuvo lugar ayer en Rauch. \u201cAquellos que hablan de la libertad como si fuera un asunto de individualismo deber\u00edan recorrer la provincia de Buenos Aires para entender los verdaderos [&hellip;]<\/p>\n","protected":false},"author":21,"featured_media":48438,"comment_status":"closed","ping_status":"closed","sticky":false,"template":"","format":"standard","meta":{"_jetpack_memberships_contains_paid_content":false,"footnotes":""},"categories":[7664],"tags":[621,232,5013,434],"class_list":{"0":"post-48437","1":"post","2":"type-post","3":"status-publish","4":"format-standard","5":"has-post-thumbnail","7":"category-politica-nacional","8":"tag-argentina","9":"tag-axel-kicillof","10":"tag-javier-milei","11":"tag-sociedad"},"jetpack_featured_media_url":"https:\/\/i0.wp.com\/denoticiasonline.com\/wp-content\/uploads\/2024\/09\/0d096b9a-19d2-4a40-825a-e8a70aaa0a52_16-9-discover-aspect-ratio_default_0.jpg?fit=1200%2C675&ssl=1","jetpack_sharing_enabled":true,"_links":{"self":[{"href":"https:\/\/denoticiasonline.com\/index.php\/wp-json\/wp\/v2\/posts\/48437","targetHints":{"allow":["GET"]}}],"collection":[{"href":"https:\/\/denoticiasonline.com\/index.php\/wp-json\/wp\/v2\/posts"}],"about":[{"href":"https:\/\/denoticiasonline.com\/index.php\/wp-json\/wp\/v2\/types\/post"}],"author":[{"embeddable":true,"href":"https:\/\/denoticiasonline.com\/index.php\/wp-json\/wp\/v2\/users\/21"}],"replies":[{"embeddable":true,"href":"https:\/\/denoticiasonline.com\/index.php\/wp-json\/wp\/v2\/comments?post=48437"}],"version-history":[{"count":1,"href":"https:\/\/denoticiasonline.com\/index.php\/wp-json\/wp\/v2\/posts\/48437\/revisions"}],"predecessor-version":[{"id":48439,"href":"https:\/\/denoticiasonline.com\/index.php\/wp-json\/wp\/v2\/posts\/48437\/revisions\/48439"}],"wp:featuredmedia":[{"embeddable":true,"href":"https:\/\/denoticiasonline.com\/index.php\/wp-json\/wp\/v2\/media\/48438"}],"wp:attachment":[{"href":"https:\/\/denoticiasonline.com\/index.php\/wp-json\/wp\/v2\/media?parent=48437"}],"wp:term":[{"taxonomy":"category","embeddable":true,"href":"https:\/\/denoticiasonline.com\/index.php\/wp-json\/wp\/v2\/categories?post=48437"},{"taxonomy":"post_tag","embeddable":true,"href":"https:\/\/denoticiasonline.com\/index.php\/wp-json\/wp\/v2\/tags?post=48437"}],"curies":[{"name":"wp","href":"https:\/\/api.w.org\/{rel}","templated":true}]}}