{"id":48049,"date":"2024-09-03T13:43:05","date_gmt":"2024-09-03T13:43:05","guid":{"rendered":"https:\/\/denoticiasonline.com\/?p=48049"},"modified":"2024-09-03T13:43:07","modified_gmt":"2024-09-03T13:43:07","slug":"programa-gratuito-de-actividad-fisica-y-salud-en-merlo","status":"publish","type":"post","link":"https:\/\/denoticiasonline.com\/index.php\/2024\/09\/03\/programa-gratuito-de-actividad-fisica-y-salud-en-merlo\/","title":{"rendered":"PROGRAMA GRATUITO DE ACTIVIDAD F\u00cdSICA Y SALUD EN MERLO"},"content":{"rendered":"\n<p>La Subsecretar\u00eda de Deportes de Merlo ha inaugurado las inscripciones para su programa de bienestar f\u00edsico, que ofrece una variedad de actividades deportivas para la comunidad. El principal prop\u00f3sito de esta iniciativa es fomentar un estilo de vida m\u00e1s saludable entre los residentes de Merlo.<\/p>\n\n\n\n<p>Las clases de baile, localizada, aerobox y running son dictadas por profesionales con amplia experiencia en movilidad f\u00edsica, que incentivan a los vecinos y vecinas a hacer deporte y adentrarse al mundo fitness.<\/p>\n\n\n\n<p>La actividad f\u00edsica es esencial para el mantenimiento y mejora de la salud y la prevenci\u00f3n de las enfermedades, para todas las personas y a cualquier edad. Adem\u00e1s, ayuda a controlar el sobrepeso, la obesidad y el porcentaje de grasa corporal.<\/p>\n\n\n\n<p>Aquellos interesados se podr\u00e1n anotar de lunes a viernes de 9 a 14 hs en la Subsecretar\u00eda de Deportes, ubicada en Av. Constituci\u00f3n 152.&nbsp;<\/p>\n\n\n\n<p><strong>Las actividades que est\u00e1n a disposici\u00f3n de la comunidad son:<\/strong><\/p>\n\n\n\n<h5 class=\"wp-block-heading\"><strong>FUNCIONAL Y LOCALIZADA<\/strong><\/h5>\n\n\n\n<p><strong>Polideportivo El Tri\u00e1ngulo,<\/strong><em>&nbsp;Vidt y Podest\u00e1<\/em><\/p>\n\n\n\n<ul class=\"wp-block-list\">\n<li>Mi\u00e9rcoles y Viernes, de 09 a 10 hs<\/li>\n\n\n\n<li>Martes y Jueves, de 14 a 15 hs<\/li>\n<\/ul>\n\n\n\n<p><em><strong>Localizada<\/strong><\/em><\/p>\n\n\n\n<ul class=\"wp-block-list\">\n<li>Mi\u00e9rcoles y Viernes, de 10 a 11 hs<\/li>\n\n\n\n<li>Lunes, Mi\u00e9rcoles y Viernes, de 17:30 a 18:30 hs<\/li>\n<\/ul>\n\n\n\n<h5 class=\"wp-block-heading\"><strong>LOCALIZADA<\/strong><\/h5>\n\n\n\n<p><strong>Plaza Belgrano,&nbsp;<\/strong><em>G\u00f3mez Fretes y Caaguaz\u00fa<\/em><\/p>\n\n\n\n<ul class=\"wp-block-list\">\n<li>Mi\u00e9rcoles, de 08 a 09 hs<\/li>\n<\/ul>\n\n\n\n<p><strong>Parque Municipal N\u00e9stor Kirchner,<\/strong>&nbsp;<em>Av. Constituci\u00f3n 152<\/em><\/p>\n\n\n\n<ul class=\"wp-block-list\">\n<li>Lunes y Viernes, de 08 a 10 hs<\/li>\n\n\n\n<li>Martes y Jueves, de 18 a 19 hs<\/li>\n<\/ul>\n\n\n\n<h5 class=\"wp-block-heading\"><strong>ZUMBA<\/strong><\/h5>\n\n\n\n<p><strong>Parque Cultural de Libertad,&nbsp;<\/strong><em>Eva Per\u00f3n y Colombia<\/em><\/p>\n\n\n\n<ul class=\"wp-block-list\">\n<li>Mi\u00e9rcoles, de 08 a 09 hs<\/li>\n<\/ul>\n\n\n\n<p><strong>Parque de la Unidad Nacional,<\/strong>&nbsp;<em>Calle 33 y Espa\u00f1a<\/em><\/p>\n\n\n\n<ul class=\"wp-block-list\">\n<li>Martes y Jueves, de 17 a 18 hs<\/li>\n<\/ul>\n\n\n\n<p><strong>Parque Municipal N\u00e9stor Kirchner,<\/strong>&nbsp;<em>Av. Constituci\u00f3n 152<\/em><\/p>\n\n\n\n<ul class=\"wp-block-list\">\n<li>Martes y Jueves, de 15:30 a 16:30 hs<\/li>\n<\/ul>\n\n\n\n<h5 class=\"wp-block-heading\"><strong>DANZAMOS LAS EMOCIONES<\/strong><\/h5>\n\n\n\n<p><strong>Parque Cultural de Libertad,&nbsp;<\/strong><em>Av. Eva Per\u00f3n y Colombia<\/em><\/p>\n\n\n\n<ul class=\"wp-block-list\">\n<li>Viernes, de 08 a 09 hs<\/li>\n<\/ul>\n\n\n\n<p><strong>Parque de la Unidad Nacional,&nbsp;<\/strong><em>Calle 33 y Espa\u00f1a<\/em><\/p>\n\n\n\n<ul class=\"wp-block-list\">\n<li>Lunes, de 08 a 09 hs<\/li>\n<\/ul>\n\n\n\n<p><strong>Parque Municipal N\u00e9stor Kirchner,&nbsp;<\/strong><em>Av. Constituci\u00f3n 152<\/em><\/p>\n\n\n\n<ul class=\"wp-block-list\">\n<li>Jueves, de 14:30 a 15:30 hs<\/li>\n\n\n\n<li>S\u00e1bado, de 10 a 11 hs<\/li>\n<\/ul>\n\n\n\n<h5 class=\"wp-block-heading\"><strong>FUNCIONAL, RUNNING, AEROBOX Y GAP<\/strong><\/h5>\n\n\n\n<p><strong>El Tejadito,&nbsp;<\/strong><em>Av. Constituci\u00f3n 152<\/em><\/p>\n\n\n\n<ul class=\"wp-block-list\">\n<li>Martes y Jueves,\u00a0<em>Funcional y Running<\/em>, de 08 a 10 hs \/\u00a0<em>Aerobox<\/em>, de 10 a 11 hs<\/li>\n<\/ul>\n\n\n\n<p><strong>Plaza Belgrano,&nbsp;<\/strong><em>G\u00f3mez Fretes y Caaguaz\u00fa<\/em><\/p>\n\n\n\n<ul class=\"wp-block-list\">\n<li>S\u00e1bado,\u00a0<em>Aerobox<\/em>, de 10 a 11 hs \/\u00a0<em>GAP<\/em>, de 11 a 12 hs<\/li>\n<\/ul>\n","protected":false},"excerpt":{"rendered":"<p>La Subsecretar\u00eda de Deportes de Merlo ha inaugurado las inscripciones para su programa de bienestar f\u00edsico, que ofrece una variedad de actividades deportivas para la comunidad. El principal prop\u00f3sito de esta iniciativa es fomentar un estilo de vida m\u00e1s saludable entre los residentes de Merlo. Las clases de baile, localizada, aerobox y running son dictadas [&hellip;]<\/p>\n","protected":false},"author":21,"featured_media":48050,"comment_status":"closed","ping_status":"closed","sticky":false,"template":"","format":"standard","meta":{"_jetpack_memberships_contains_paid_content":false,"footnotes":""},"categories":[37],"tags":[270,107,3587,1365,10641,247,434],"class_list":{"0":"post-48049","1":"post","2":"type-post","3":"status-publish","4":"format-standard","5":"has-post-thumbnail","7":"category-deportes-merlo","8":"tag-deportes","9":"tag-gustavo-menendez","10":"tag-intendencia-menendez","11":"tag-municipio-de-merlo","12":"tag-programa-gratuito","13":"tag-salud","14":"tag-sociedad"},"jetpack_featured_media_url":"https:\/\/i0.wp.com\/denoticiasonline.com\/wp-content\/uploads\/2024\/09\/D-EMOCIONES-3.webp?fit=696%2C464&ssl=1","jetpack_sharing_enabled":true,"_links":{"self":[{"href":"https:\/\/denoticiasonline.com\/index.php\/wp-json\/wp\/v2\/posts\/48049","targetHints":{"allow":["GET"]}}],"collection":[{"href":"https:\/\/denoticiasonline.com\/index.php\/wp-json\/wp\/v2\/posts"}],"about":[{"href":"https:\/\/denoticiasonline.com\/index.php\/wp-json\/wp\/v2\/types\/post"}],"author":[{"embeddable":true,"href":"https:\/\/denoticiasonline.com\/index.php\/wp-json\/wp\/v2\/users\/21"}],"replies":[{"embeddable":true,"href":"https:\/\/denoticiasonline.com\/index.php\/wp-json\/wp\/v2\/comments?post=48049"}],"version-history":[{"count":1,"href":"https:\/\/denoticiasonline.com\/index.php\/wp-json\/wp\/v2\/posts\/48049\/revisions"}],"predecessor-version":[{"id":48051,"href":"https:\/\/denoticiasonline.com\/index.php\/wp-json\/wp\/v2\/posts\/48049\/revisions\/48051"}],"wp:featuredmedia":[{"embeddable":true,"href":"https:\/\/denoticiasonline.com\/index.php\/wp-json\/wp\/v2\/media\/48050"}],"wp:attachment":[{"href":"https:\/\/denoticiasonline.com\/index.php\/wp-json\/wp\/v2\/media?parent=48049"}],"wp:term":[{"taxonomy":"category","embeddable":true,"href":"https:\/\/denoticiasonline.com\/index.php\/wp-json\/wp\/v2\/categories?post=48049"},{"taxonomy":"post_tag","embeddable":true,"href":"https:\/\/denoticiasonline.com\/index.php\/wp-json\/wp\/v2\/tags?post=48049"}],"curies":[{"name":"wp","href":"https:\/\/api.w.org\/{rel}","templated":true}]}}