{"id":47735,"date":"2024-08-19T16:09:14","date_gmt":"2024-08-19T16:09:14","guid":{"rendered":"https:\/\/denoticiasonline.com\/?p=47735"},"modified":"2024-08-19T16:09:16","modified_gmt":"2024-08-19T16:09:16","slug":"marcos-acuna-sera-el-nuevo-refuerzo-de-river","status":"publish","type":"post","link":"https:\/\/denoticiasonline.com\/index.php\/2024\/08\/19\/marcos-acuna-sera-el-nuevo-refuerzo-de-river\/","title":{"rendered":"MARCOS ACU\u00d1A SER\u00c1 EL NUEVO REFUERZO DE RIVER"},"content":{"rendered":"\n<p>Marcos Acu\u00f1a se unir\u00e1 a River Plate y arribar\u00e1 al pa\u00eds este lunes para someterse a la revisi\u00f3n m\u00e9dica el martes.<\/p>\n\n\n\n<figure class=\"wp-block-image size-full\"><img data-recalc-dims=\"1\" loading=\"lazy\" decoding=\"async\" width=\"696\" height=\"391\" src=\"https:\/\/i0.wp.com\/denoticiasonline.com\/wp-content\/uploads\/2024\/08\/image-11.png?resize=696%2C391&#038;ssl=1\" alt=\"\" class=\"wp-image-47736\" srcset=\"https:\/\/i0.wp.com\/denoticiasonline.com\/wp-content\/uploads\/2024\/08\/image-11.png?w=696&amp;ssl=1 696w, https:\/\/i0.wp.com\/denoticiasonline.com\/wp-content\/uploads\/2024\/08\/image-11.png?resize=300%2C169&amp;ssl=1 300w, https:\/\/i0.wp.com\/denoticiasonline.com\/wp-content\/uploads\/2024\/08\/image-11.png?resize=150%2C84&amp;ssl=1 150w\" sizes=\"auto, (max-width: 696px) 100vw, 696px\" \/><\/figure>\n\n\n\n<p>El futbolista campe\u00f3n del mundo con la albiceleste que juega en Sevilla, ser\u00e1 parte del conjunto de Marcelo Gallardo para afrontar la parte m\u00e1s importante del semestre del 2024.<\/p>\n\n\n\n<p>El volante mixto de 32 a\u00f1os, surgido de&nbsp;<strong>Ferro de Caballito, de paso importante por Racing Club y en Europa<\/strong>&nbsp;hace unos a\u00f1os, tendr\u00e1 en River un contrato de tres a\u00f1os y medio.<\/p>\n\n\n\n<p>Retorna al f\u00fatbol argentino luego de varios a\u00f1os tras su paso en Europa y jug\u00f3 en&nbsp;<strong>La Liga de Espa\u00f1a en el club de Sevilla<\/strong>&nbsp;donde comparti\u00f3 equipo con varios argentinos y consigui\u00f3 la&nbsp;<strong>Europa League en 2023<\/strong>.<\/p>\n\n\n\n<p>Actualmente, se consagr\u00f3<strong>&nbsp;Bicampe\u00f3n de Am\u00e9rica<\/strong>&nbsp;con la&nbsp;<strong>Selecci\u00f3n Argentina&nbsp;<\/strong>hace apenas un mes en la competici\u00f3n que se disput\u00f3 en Estados Unidos.&nbsp;<strong>Marcos \u201cHuevo\u201d Acu\u00f1a<\/strong>&nbsp;fue fundamental para el ciclo de&nbsp;<strong>Lionel Scaloni<\/strong>, ya que siempre fue convocado al seleccionado desde que asumi\u00f3 como entrenador. Adem\u00e1s, consigui\u00f3 la&nbsp;<strong>Finalissima 2022 y la Copa del Mundo en Qatar 2022<\/strong>.<\/p>\n\n\n\n<p>De ese modo, River sumar\u00e1 a otro&nbsp;<strong>Campe\u00f3n del Mundo<\/strong>&nbsp;en su plantel:&nbsp;<strong>Franco Armani y Germ\u00e1n Pezzella<\/strong>. Es uno de los pocos equipos en el mundo futbol\u00edstico que cuenta con&nbsp;<strong>tres vigentes campeones&nbsp;<\/strong>de la Copa del Mundo.&nbsp;<strong>Atl\u00e9tico Madrid&nbsp;<\/strong>cuenta con cuatro campeones vigentes.<\/p>\n\n\n\n<p><strong>Acu\u00f1a&nbsp;<\/strong>se perfila para ser titular en la defensa que arme River y lo acompa\u00f1ar\u00edan ser\u00e1n:&nbsp;<strong>Fabricio Bustos, Germ\u00e1n Pezzella y Paulo D\u00edaz<\/strong>.<\/p>\n\n\n\n<figure class=\"wp-block-image\"><img decoding=\"async\" src=\"https:\/\/i0.wp.com\/www.neuquenpost.com\/files\/image\/21\/21495\/665877177db41_905_510!.jpg?w=696&amp;ssl=1\" alt=\"\"\/><\/figure>\n","protected":false},"excerpt":{"rendered":"<p>Marcos Acu\u00f1a se unir\u00e1 a River Plate y arribar\u00e1 al pa\u00eds este lunes para someterse a la revisi\u00f3n m\u00e9dica el martes. El futbolista campe\u00f3n del mundo con la albiceleste que juega en Sevilla, ser\u00e1 parte del conjunto de Marcelo Gallardo para afrontar la parte m\u00e1s importante del semestre del 2024. El volante mixto de 32 [&hellip;]<\/p>\n","protected":false},"author":21,"featured_media":47737,"comment_status":"closed","ping_status":"closed","sticky":false,"template":"","format":"standard","meta":{"_jetpack_memberships_contains_paid_content":false,"footnotes":""},"categories":[8490],"tags":[270,6394,8342,3859,434],"class_list":{"0":"post-47735","1":"post","2":"type-post","3":"status-publish","4":"format-standard","5":"has-post-thumbnail","7":"category-deportes-nacionales","8":"tag-deportes","9":"tag-marcos-acuna","10":"tag-nuevo-refuerzo","11":"tag-river-plate","12":"tag-sociedad"},"jetpack_featured_media_url":"https:\/\/i0.wp.com\/denoticiasonline.com\/wp-content\/uploads\/2024\/08\/huevo-acuna.webp?fit=1200%2C675&ssl=1","jetpack_sharing_enabled":true,"_links":{"self":[{"href":"https:\/\/denoticiasonline.com\/index.php\/wp-json\/wp\/v2\/posts\/47735","targetHints":{"allow":["GET"]}}],"collection":[{"href":"https:\/\/denoticiasonline.com\/index.php\/wp-json\/wp\/v2\/posts"}],"about":[{"href":"https:\/\/denoticiasonline.com\/index.php\/wp-json\/wp\/v2\/types\/post"}],"author":[{"embeddable":true,"href":"https:\/\/denoticiasonline.com\/index.php\/wp-json\/wp\/v2\/users\/21"}],"replies":[{"embeddable":true,"href":"https:\/\/denoticiasonline.com\/index.php\/wp-json\/wp\/v2\/comments?post=47735"}],"version-history":[{"count":1,"href":"https:\/\/denoticiasonline.com\/index.php\/wp-json\/wp\/v2\/posts\/47735\/revisions"}],"predecessor-version":[{"id":47738,"href":"https:\/\/denoticiasonline.com\/index.php\/wp-json\/wp\/v2\/posts\/47735\/revisions\/47738"}],"wp:featuredmedia":[{"embeddable":true,"href":"https:\/\/denoticiasonline.com\/index.php\/wp-json\/wp\/v2\/media\/47737"}],"wp:attachment":[{"href":"https:\/\/denoticiasonline.com\/index.php\/wp-json\/wp\/v2\/media?parent=47735"}],"wp:term":[{"taxonomy":"category","embeddable":true,"href":"https:\/\/denoticiasonline.com\/index.php\/wp-json\/wp\/v2\/categories?post=47735"},{"taxonomy":"post_tag","embeddable":true,"href":"https:\/\/denoticiasonline.com\/index.php\/wp-json\/wp\/v2\/tags?post=47735"}],"curies":[{"name":"wp","href":"https:\/\/api.w.org\/{rel}","templated":true}]}}