{"id":47283,"date":"2024-07-25T16:33:21","date_gmt":"2024-07-25T16:33:21","guid":{"rendered":"https:\/\/denoticiasonline.com\/?p=47283"},"modified":"2024-07-25T16:33:24","modified_gmt":"2024-07-25T16:33:24","slug":"la-juventud-es-el-motor-del-cambio-declaro-fernando-espinoza","status":"publish","type":"post","link":"https:\/\/denoticiasonline.com\/index.php\/2024\/07\/25\/la-juventud-es-el-motor-del-cambio-declaro-fernando-espinoza\/","title":{"rendered":"\u201cLA JUVENTUD ES EL MOTOR DEL CAMBIO\u201d DECLAR\u00d3 FERNANDO ESPINOZA"},"content":{"rendered":"\n<p>Fernando Espinoza, intendente de La Matanza y presidente de la Federaci\u00f3n Argentina de Municipios (FAM), se encontr\u00f3 con dirigentes estudiantiles del distrito en la sede de la Comuna en San Justo. Durante la reuni\u00f3n, Espinoza enfatiz\u00f3 que &#8216;la juventud es el motor del cambio y la renovaci\u00f3n&#8217; en Argentina.<\/p>\n\n\n\n<p>\u201cNos gu\u00eda hacia un futuro lleno de esperanzas y oportunidades. Sus intereses y preocupaciones por una Argentina mejor es lo que necesitamos escuchar para seguir progresando\u201d, seg\u00fan detall\u00f3 el mandatario local Fernando Espinoza y agreg\u00f3 que \u201cdebemos trabajar en conjunto para implementar acciones y pol\u00edticas p\u00fablicas que les brinden nuevas oportunidades y posibilidades de desarrollo\u201d.<\/p>\n\n\n\n<p>Adem\u00e1s, el intendente del distrito resalt\u00f3 que \u201cqueremos que vean a su municipio como un lugar donde pueden cumplir sus metas y construir su futuro. Vamos a buscar soluciones, cuidar, proteger y estar siempre al lado de nuestras y nuestros estudiantes y j\u00f3venes\u201d.<\/p>\n","protected":false},"excerpt":{"rendered":"<p>Fernando Espinoza, intendente de La Matanza y presidente de la Federaci\u00f3n Argentina de Municipios (FAM), se encontr\u00f3 con dirigentes estudiantiles del distrito en la sede de la Comuna en San Justo. Durante la reuni\u00f3n, Espinoza enfatiz\u00f3 que &#8216;la juventud es el motor del cambio y la renovaci\u00f3n&#8217; en Argentina. \u201cNos gu\u00eda hacia un futuro lleno [&hellip;]<\/p>\n","protected":false},"author":21,"featured_media":47284,"comment_status":"closed","ping_status":"closed","sticky":false,"template":"","format":"standard","meta":{"_jetpack_memberships_contains_paid_content":false,"footnotes":""},"categories":[7664],"tags":[10416,80,81,1015,434],"class_list":{"0":"post-47283","1":"post","2":"type-post","3":"status-publish","4":"format-standard","5":"has-post-thumbnail","7":"category-politica-nacional","8":"tag-fam","9":"tag-fernando-espinoza","10":"tag-la-matanza","11":"tag-policiales","12":"tag-sociedad"},"jetpack_featured_media_url":"https:\/\/i0.wp.com\/denoticiasonline.com\/wp-content\/uploads\/2024\/07\/Espi-.png?fit=668%2C411&ssl=1","jetpack_sharing_enabled":true,"_links":{"self":[{"href":"https:\/\/denoticiasonline.com\/index.php\/wp-json\/wp\/v2\/posts\/47283","targetHints":{"allow":["GET"]}}],"collection":[{"href":"https:\/\/denoticiasonline.com\/index.php\/wp-json\/wp\/v2\/posts"}],"about":[{"href":"https:\/\/denoticiasonline.com\/index.php\/wp-json\/wp\/v2\/types\/post"}],"author":[{"embeddable":true,"href":"https:\/\/denoticiasonline.com\/index.php\/wp-json\/wp\/v2\/users\/21"}],"replies":[{"embeddable":true,"href":"https:\/\/denoticiasonline.com\/index.php\/wp-json\/wp\/v2\/comments?post=47283"}],"version-history":[{"count":1,"href":"https:\/\/denoticiasonline.com\/index.php\/wp-json\/wp\/v2\/posts\/47283\/revisions"}],"predecessor-version":[{"id":47285,"href":"https:\/\/denoticiasonline.com\/index.php\/wp-json\/wp\/v2\/posts\/47283\/revisions\/47285"}],"wp:featuredmedia":[{"embeddable":true,"href":"https:\/\/denoticiasonline.com\/index.php\/wp-json\/wp\/v2\/media\/47284"}],"wp:attachment":[{"href":"https:\/\/denoticiasonline.com\/index.php\/wp-json\/wp\/v2\/media?parent=47283"}],"wp:term":[{"taxonomy":"category","embeddable":true,"href":"https:\/\/denoticiasonline.com\/index.php\/wp-json\/wp\/v2\/categories?post=47283"},{"taxonomy":"post_tag","embeddable":true,"href":"https:\/\/denoticiasonline.com\/index.php\/wp-json\/wp\/v2\/tags?post=47283"}],"curies":[{"name":"wp","href":"https:\/\/api.w.org\/{rel}","templated":true}]}}