{"id":44864,"date":"2024-04-10T17:46:08","date_gmt":"2024-04-10T17:46:08","guid":{"rendered":"https:\/\/denoticiasonline.com\/?p=44864"},"modified":"2024-04-10T17:46:11","modified_gmt":"2024-04-10T17:46:11","slug":"embajador-frances-inaugura-obra-energetica-en-san-miguel","status":"publish","type":"post","link":"https:\/\/denoticiasonline.com\/index.php\/2024\/04\/10\/embajador-frances-inaugura-obra-energetica-en-san-miguel\/","title":{"rendered":"EMBAJADOR FRANC\u00c9S INAUGURA OBRA ENERG\u00c9TICA EN SAN MIGUEL"},"content":{"rendered":"\n<p class=\"wp-block-paragraph\">Durante su visita a San Miguel, el embajador de Francia, Romain Louis Nadal, inaugur\u00f3 una obra de eficiencia energ\u00e9tica en el Centro de Desarrollo Infanto Familiar de Santa Br\u00edgida, como parte del proyecto &#8220;Edificios Municipales Energ\u00e9ticamente Sustentables&#8221;. Este hito resalta la colaboraci\u00f3n franco-argentina en la promoci\u00f3n de pr\u00e1cticas ambientales innovadoras y fortalece los lazos entre ambos pa\u00edses.<\/p>\n\n\n\n<figure class=\"wp-block-image size-full\"><img data-recalc-dims=\"1\" loading=\"lazy\" decoding=\"async\" width=\"696\" height=\"464\" src=\"https:\/\/i0.wp.com\/denoticiasonline.com\/wp-content\/uploads\/2024\/04\/image-13.png?resize=696%2C464&#038;ssl=1\" alt=\"\" class=\"wp-image-44866\" srcset=\"https:\/\/i0.wp.com\/denoticiasonline.com\/wp-content\/uploads\/2024\/04\/image-13.png?w=696&amp;ssl=1 696w, https:\/\/i0.wp.com\/denoticiasonline.com\/wp-content\/uploads\/2024\/04\/image-13.png?resize=300%2C200&amp;ssl=1 300w, https:\/\/i0.wp.com\/denoticiasonline.com\/wp-content\/uploads\/2024\/04\/image-13.png?resize=150%2C100&amp;ssl=1 150w, https:\/\/i0.wp.com\/denoticiasonline.com\/wp-content\/uploads\/2024\/04\/image-13.png?resize=630%2C420&amp;ssl=1 630w\" sizes=\"auto, (max-width: 696px) 100vw, 696px\" \/><\/figure>\n\n\n\n<p class=\"wp-block-paragraph\">Este programa, fue impulsado por la Red Argentina de Municipios frente al Cambio Clim\u00e1tico, ya que cont\u00f3 con el financiamiento de la Agencia Francesa de Desarrollo, a trav\u00e9s del Programa EuroClima de la Uni\u00f3n Europea.<strong>&nbsp;La reforma, realizada en el techo del CDIF, permiti\u00f3 mejorar el aislamiento t\u00e9rmico del edificio.<\/strong><\/p>\n\n\n\n<p class=\"wp-block-paragraph\">De esta forma,&nbsp;<strong>se disminuy\u00f3 m\u00e1s de 10 grados la temperatura interior, lo que reduce el consumo de energ\u00eda el\u00e9ctrica asociado a la climatizaci\u00f3n de los ambientes.<\/strong>&nbsp;El embajador, sostuvo que el CDIF&nbsp;<em>\u00abdesempe\u00f1a un papel crucial para la comunidad local, proporcionando un espacio de integraci\u00f3n, educaci\u00f3n y nutrici\u00f3n para familias vulnerables y sus hijos. Al invertir en la sostenibilidad energ\u00e9tica de esta instituci\u00f3n estamos ayudando a mejorar las condiciones de vida de las personas que asisten y trabajan en el lugar\u00bb.<\/em><\/p>\n\n\n\n<figure class=\"wp-block-image\"><a href=\"https:\/\/i0.wp.com\/noticiastres.com\/wp-content\/uploads\/2024\/04\/Autoridades-reunidas-en-el-municipio-de-San-Miguel.jpeg?resize=696%2C550&amp;ssl=1\"><img decoding=\"async\" src=\"https:\/\/i0.wp.com\/noticiastres.com\/wp-content\/uploads\/2024\/04\/Autoridades-reunidas-en-el-municipio-de-San-Miguel.jpeg?resize=696%2C550&amp;ssl=1\" alt=\"\" class=\"wp-image-61195\"\/><\/a><\/figure>\n\n\n\n<h2 class=\"wp-block-heading\"><a href=\"https:\/\/noticiastres.com\/index.php\/2024\/04\/08\/gustavo-menendez-y-roxana-monzon-presentes-con-el-embajador-de-francia\/\">EL EMBAJADOR FRANCES CREA LAZOS CON ZONA OESTE<\/a><\/h2>\n\n\n\n<p class=\"wp-block-paragraph\"><strong>El diplomatico Romain Nadal, tambi\u00e9n se reuni\u00f3 con el Intendente de Merlo Gustavo Men\u00e9ndez y la diputada nacional Roxana Monz\u00f3n para crear lazos&nbsp;<\/strong>con los ciudadanos de Merlo.<\/p>\n\n\n\n<p class=\"wp-block-paragraph\">As\u00ed lo explicaba la reuni\u00f3n Gustavo Men\u00e9ndez en sus redes sociales oficiales: \u201cCon gran alegr\u00eda y mucha esperanza junto a nuestra Diputada Nacional&nbsp;<a href=\"https:\/\/www.instagram.com\/roxanamonzon\/\">@roxanamonzon<\/a>&nbsp;y el Lic. en Comercio Internacional&nbsp;<a href=\"https:\/\/www.instagram.com\/arielnicosotelo\/\">@arielnicosotelo<\/a>&nbsp;mantuvimos una interesante y productiva jornada de trabajo junto al Embajador de la Republica Francesa&nbsp;<a href=\"https:\/\/www.instagram.com\/nadaldiplo\/\">@nadaldiplo<\/a>&nbsp;y parte de su equipo.<br>Avanzamos en la idea de generar acuerdos en diversas disciplinas como cultura, educaci\u00f3n, ciencias, investigaci\u00f3n, turismo, producci\u00f3n,industria, etc.\u201d.<\/p>\n","protected":false},"excerpt":{"rendered":"<p>Durante su visita a San Miguel, el embajador de Francia, Romain Louis Nadal, inaugur\u00f3 una obra de eficiencia energ\u00e9tica en el Centro de Desarrollo Infanto Familiar de Santa Br\u00edgida, como parte del proyecto &#8220;Edificios Municipales Energ\u00e9ticamente Sustentables&#8221;. Este hito resalta la colaboraci\u00f3n franco-argentina en la promoci\u00f3n de pr\u00e1cticas ambientales innovadoras y fortalece los lazos entre [&hellip;]<\/p>\n","protected":false},"author":21,"featured_media":44865,"comment_status":"closed","ping_status":"closed","sticky":false,"template":"","format":"standard","meta":{"_jetpack_memberships_contains_paid_content":false,"footnotes":""},"categories":[108],"tags":[9671,413,9670,775],"class_list":["post-44864","post","type-post","status-publish","format-standard","has-post-thumbnail","hentry","category-sociedad-nacional","tag-embajador-frances","tag-francia","tag-obra-energetica","tag-san-miguel"],"jetpack_featured_media_url":"https:\/\/i0.wp.com\/denoticiasonline.com\/wp-content\/uploads\/2024\/04\/El-intendente-de-San-Miguel-y-el-embajador-de-Francia-1024x792-1.jpeg?fit=1024%2C792&ssl=1","jetpack_sharing_enabled":true,"_links":{"self":[{"href":"https:\/\/denoticiasonline.com\/index.php\/wp-json\/wp\/v2\/posts\/44864","targetHints":{"allow":["GET"]}}],"collection":[{"href":"https:\/\/denoticiasonline.com\/index.php\/wp-json\/wp\/v2\/posts"}],"about":[{"href":"https:\/\/denoticiasonline.com\/index.php\/wp-json\/wp\/v2\/types\/post"}],"author":[{"embeddable":true,"href":"https:\/\/denoticiasonline.com\/index.php\/wp-json\/wp\/v2\/users\/21"}],"replies":[{"embeddable":true,"href":"https:\/\/denoticiasonline.com\/index.php\/wp-json\/wp\/v2\/comments?post=44864"}],"version-history":[{"count":1,"href":"https:\/\/denoticiasonline.com\/index.php\/wp-json\/wp\/v2\/posts\/44864\/revisions"}],"predecessor-version":[{"id":44867,"href":"https:\/\/denoticiasonline.com\/index.php\/wp-json\/wp\/v2\/posts\/44864\/revisions\/44867"}],"wp:featuredmedia":[{"embeddable":true,"href":"https:\/\/denoticiasonline.com\/index.php\/wp-json\/wp\/v2\/media\/44865"}],"wp:attachment":[{"href":"https:\/\/denoticiasonline.com\/index.php\/wp-json\/wp\/v2\/media?parent=44864"}],"wp:term":[{"taxonomy":"category","embeddable":true,"href":"https:\/\/denoticiasonline.com\/index.php\/wp-json\/wp\/v2\/categories?post=44864"},{"taxonomy":"post_tag","embeddable":true,"href":"https:\/\/denoticiasonline.com\/index.php\/wp-json\/wp\/v2\/tags?post=44864"}],"curies":[{"name":"wp","href":"https:\/\/api.w.org\/{rel}","templated":true}]}}