{"id":44795,"date":"2024-04-08T16:20:54","date_gmt":"2024-04-08T16:20:54","guid":{"rendered":"https:\/\/denoticiasonline.com\/?p=44795"},"modified":"2024-04-08T16:20:56","modified_gmt":"2024-04-08T16:20:56","slug":"el-intendente-de-merlo-y-roxana-monzon-reunidos-con-el-embajador-de-francia","status":"publish","type":"post","link":"https:\/\/denoticiasonline.com\/index.php\/2024\/04\/08\/el-intendente-de-merlo-y-roxana-monzon-reunidos-con-el-embajador-de-francia\/","title":{"rendered":"EL INTENDENTE DE MERLO Y ROXANA MONZ\u00d3N REUNIDOS CON EL EMBAJADOR DE FRANCIA"},"content":{"rendered":"\n<p>El encuentro con el diplom\u00e1tico franc\u00e9s Romain Nadal se centr\u00f3 en la presentaci\u00f3n de nuevos acuerdos relacionados con la educaci\u00f3n, el deporte, la cultura y la ciencia, en colaboraci\u00f3n con la Universidad Nacional del Oeste (UNO).<\/p>\n\n\n\n<p>De ese modo, el Intendente de Merlo junto a la Diputada Roxana Monz\u00f3n se reunieron con el Embajador de Francia Romain Nadal para crear lazos con el pa\u00eds Galo y los ciudadanos de Merlo.<\/p>\n\n\n\n<figure class=\"wp-block-image\"><img decoding=\"async\" src=\"https:\/\/i0.wp.com\/soloprovincia.com.ar\/wp-content\/uploads\/2024\/04\/Captura-de-pantalla-2024-04-08-124424.png?resize=408%2C332&amp;ssl=1\" alt=\"\" class=\"wp-image-47725\"\/><\/figure>\n\n\n\n<p>As\u00ed lo explicaba la reuni\u00f3n Gustavo Men\u00e9ndez en sus redes sociales oficiales:&nbsp;<em>\u201cCon gran alegr\u00eda y mucha esperanza junto a nuestra Diputada Nacional&nbsp;<a href=\"https:\/\/www.instagram.com\/roxanamonzon\/\">@roxanamonzon<\/a>&nbsp;y el Lic. en Comercio Internacional&nbsp;<a href=\"https:\/\/www.instagram.com\/arielnicosotelo\/\">@arielnicosotelo<\/a>&nbsp;mantuvimos una interesante y productiva jornada de trabajo junto al Embajador de la Republica Francesa&nbsp;<a href=\"https:\/\/www.instagram.com\/nadaldiplo\/\">@nadaldiplo<\/a>&nbsp;y parte de su equipo.<br>Avanzamos en la idea de generar acuerdos en diversas disciplinas como cultura, educaci\u00f3n, ciencias, investigaci\u00f3n, turismo, producci\u00f3n,industria, etc.\u201d<\/em>.<\/p>\n\n\n\n<p>Al mismo tiempo, la posibilidad de que alumnos y alumnas emprendan un intercambio cultural y educativo con instituciones de Francia y viceversa en Argentina. El Municipio de Merlo logr\u00f3 un avance importante que no todos cuentan con este aporte.<\/p>\n\n\n\n<p>Para cerrar, agreg\u00f3 que:&nbsp;<em>\u201cTrabajaremos para vincular a nuestra universidad Nacional del Oeste y nuestras escuelas t\u00e9cnicas con instituciones similares de Francia a trav\u00e9s de convenios, intercambios y programas de becas\u201d<\/em>, finaliz\u00f3 Men\u00e9ndez.<\/p>\n","protected":false},"excerpt":{"rendered":"<p>El encuentro con el diplom\u00e1tico franc\u00e9s Romain Nadal se centr\u00f3 en la presentaci\u00f3n de nuevos acuerdos relacionados con la educaci\u00f3n, el deporte, la cultura y la ciencia, en colaboraci\u00f3n con la Universidad Nacional del Oeste (UNO). De ese modo, el Intendente de Merlo junto a la Diputada Roxana Monz\u00f3n se reunieron con el Embajador de [&hellip;]<\/p>\n","protected":false},"author":21,"featured_media":44796,"comment_status":"closed","ping_status":"closed","sticky":false,"template":"","format":"standard","meta":{"_jetpack_memberships_contains_paid_content":false,"footnotes":""},"categories":[41],"tags":[9639,107,58,9640,8331,434,1136],"class_list":{"0":"post-44795","1":"post","2":"type-post","3":"status-publish","4":"format-standard","5":"has-post-thumbnail","7":"category-educacion-merlo","8":"tag-embajador-de-francia","9":"tag-gustavo-menendez","10":"tag-merlo","11":"tag-romain-nadal","12":"tag-roxana-monzon-3","13":"tag-sociedad","14":"tag-uno"},"jetpack_featured_media_url":"https:\/\/i0.wp.com\/denoticiasonline.com\/wp-content\/uploads\/2024\/04\/434863783_954537272712726_1499278194695314153_n.jpg?fit=1280%2C976&ssl=1","jetpack_sharing_enabled":true,"_links":{"self":[{"href":"https:\/\/denoticiasonline.com\/index.php\/wp-json\/wp\/v2\/posts\/44795","targetHints":{"allow":["GET"]}}],"collection":[{"href":"https:\/\/denoticiasonline.com\/index.php\/wp-json\/wp\/v2\/posts"}],"about":[{"href":"https:\/\/denoticiasonline.com\/index.php\/wp-json\/wp\/v2\/types\/post"}],"author":[{"embeddable":true,"href":"https:\/\/denoticiasonline.com\/index.php\/wp-json\/wp\/v2\/users\/21"}],"replies":[{"embeddable":true,"href":"https:\/\/denoticiasonline.com\/index.php\/wp-json\/wp\/v2\/comments?post=44795"}],"version-history":[{"count":1,"href":"https:\/\/denoticiasonline.com\/index.php\/wp-json\/wp\/v2\/posts\/44795\/revisions"}],"predecessor-version":[{"id":44797,"href":"https:\/\/denoticiasonline.com\/index.php\/wp-json\/wp\/v2\/posts\/44795\/revisions\/44797"}],"wp:featuredmedia":[{"embeddable":true,"href":"https:\/\/denoticiasonline.com\/index.php\/wp-json\/wp\/v2\/media\/44796"}],"wp:attachment":[{"href":"https:\/\/denoticiasonline.com\/index.php\/wp-json\/wp\/v2\/media?parent=44795"}],"wp:term":[{"taxonomy":"category","embeddable":true,"href":"https:\/\/denoticiasonline.com\/index.php\/wp-json\/wp\/v2\/categories?post=44795"},{"taxonomy":"post_tag","embeddable":true,"href":"https:\/\/denoticiasonline.com\/index.php\/wp-json\/wp\/v2\/tags?post=44795"}],"curies":[{"name":"wp","href":"https:\/\/api.w.org\/{rel}","templated":true}]}}