{"id":44252,"date":"2024-03-04T12:12:33","date_gmt":"2024-03-04T12:12:33","guid":{"rendered":"https:\/\/denoticiasonline.com\/?p=44252"},"modified":"2024-03-04T12:21:51","modified_gmt":"2024-03-04T12:21:51","slug":"sandra-pattovello-denuncia-la-manipulacion-de-la-vulnerabilidad-por-parte-de-las-organizaciones-sociales","status":"publish","type":"post","link":"https:\/\/denoticiasonline.com\/index.php\/2024\/03\/04\/sandra-pattovello-denuncia-la-manipulacion-de-la-vulnerabilidad-por-parte-de-las-organizaciones-sociales\/","title":{"rendered":"SANDRA PETTOVELLO DENUNCIA LA MANIPULACI\u00d3N DE LA VULNERABILIDAD POR PARTE DE LAS ORGANIZACIONES SOCIALES"},"content":{"rendered":"\n<p>En su primera comparecencia como ministra de Desarrollo Social, Mar\u00eda L\u00f3pez hizo hincapi\u00e9 en las presuntas &#8220;inequidades&#8221; perpetradas por los dirigentes de las ONGs en la adquisici\u00f3n y entrega de insumos b\u00e1sicos para los refugios gestionados durante el mandato anterior: &#8220;Es repugnante capitalizar la necesidad de los m\u00e1s desfavorecidos&#8221;.<\/p>\n\n\n\n<p>La funcionaria de Javier Milei habl\u00f3 este domingo luego que el dirigente social,\u00a0<strong>Juan Grabois<\/strong>, la denunciara penalmente acus\u00e1ndola de incumplimiento de los deberes de funcionario p\u00fablico por no disponer de la entrega de alimentos en comedores comunitarios. \u201cSaben que pasa con cada alimento que se reparte porque no reparten ninguno. La casta come todos los d\u00edas, los pibes no\u201d, manifest\u00f3 el titular del\u00a0<strong>Movimiento de Trabajadores Excluidos<\/strong>\u00a0<strong>(MTE)<\/strong>\u00a0en su cuenta de\u00a0<em>X<\/em>.<\/p>\n\n\n\n<p>En di\u00e1logo con&nbsp;<em>LN+<\/em>, Pettovello evit\u00f3 responderle directamente a Grabois, pero se\u00f1al\u00f3 que \u201cel problema\u201d de los referentes sociales \u201ces que les importa mucho el modo en el que se proyecta la pol\u00edtica alimentaria y nosotros planificamos que sea de otra manera, de&nbsp;<strong>una manera que no les conviene quiz\u00e1s\u201d<\/strong>. \u201cNosotros&nbsp;<strong>queremos transparencia<\/strong>, la \u00fanica mediaci\u00f3n que admitimos es la transparencia a trav\u00e9s de organismos internacionales que auditan el dinero que nosotros les damos a las organizaciones\u201d, agreg\u00f3.<\/p>\n\n\n\n<p>\u201cAlguien, que sabe mucho del tema social, me coment\u00f3 que compraban fideos de segunda o tercera calidad para la gente. Nosotros pensamos la pol\u00edtica alimentaria de otro modo,<strong>\u00a0que los chicos se puedan nutrir adecuadamente y que no se hagan negocios con los alimentos. Es abominable aprovechar la vulnerabilidad de la gente para hacer negocio<\/strong>\u201d, continu\u00f3.<\/p>\n\n\n\n<p>Pettovell\u00f3 aclar\u00f3 que no va a acusar a nadie, pero que el Ministerio est\u00e1 llevando a cabo auditor\u00edas: \u201cDe todo lo que fuimos encontrando hicimos las denuncias correspondientes. Cada uno sabr\u00e1 lo que hace\u201d.<\/p>\n\n\n\n<p><img loading=\"lazy\" decoding=\"async\" alt=\"Sandra Pettovello y su equipo del Ministerio de Capital Humano\" height=\"562\" width=\"999\" src=\"https:\/\/www.infobae.com\/new-resizer\/pdx-l5bvmXdNtGLC6ZBE2r62wNQ=\/420x236\/filters:format(webp):quality(85)\/cloudfront-us-east-1.images.arcpublishing.com\/infobae\/IYXYA5E7E5AJHNBQESHYZQGA5Q.jpg%20420w\" srcset=\"https:\/\/www.infobae.com\/new-resizer\/pdx-l5bvmXdNtGLC6ZBE2r62wNQ=\/420x236\/filters:format(webp):quality(85)\/cloudfront-us-east-1.images.arcpublishing.com\/infobae\/IYXYA5E7E5AJHNBQESHYZQGA5Q.jpg 420w,https:\/\/www.infobae.com\/new-resizer\/eZ6yY3bPY8pwgVrsC8fFjOJFxvE=\/768x432\/filters:format(webp):quality(85)\/cloudfront-us-east-1.images.arcpublishing.com\/infobae\/IYXYA5E7E5AJHNBQESHYZQGA5Q.jpg 768w,https:\/\/www.infobae.com\/new-resizer\/SrUaAI1A4Wu23RAAupJUBrM_Vt0=\/992x558\/filters:format(webp):quality(85)\/cloudfront-us-east-1.images.arcpublishing.com\/infobae\/IYXYA5E7E5AJHNBQESHYZQGA5Q.jpg 992w,https:\/\/www.infobae.com\/new-resizer\/INPFaAQDTorBXsf1ajfrk7SCTfI=\/1200x675\/filters:format(webp):quality(85)\/cloudfront-us-east-1.images.arcpublishing.com\/infobae\/IYXYA5E7E5AJHNBQESHYZQGA5Q.jpg 1200w,https:\/\/www.infobae.com\/new-resizer\/I63eQAEdUfr4FE7I8F3LFP3tHjY=\/1440x810\/filters:format(webp):quality(85)\/cloudfront-us-east-1.images.arcpublishing.com\/infobae\/IYXYA5E7E5AJHNBQESHYZQGA5Q.jpg 1440w\">Sandra Pettovello y su equipo del Ministerio de Capital Humano<\/p>\n\n\n\n<p>En efecto, de acuerdo a los primeros resultados -a los que tuvo acceso Infobae- de una de las auditor\u00edas realizadas en Capital Humano sobresalen\u00a0<strong>sobreprecios de hasta un 500%; cartelizaci\u00f3n en las compras; direccionamiento hacia empresas y sociedades; y \u201cfalta de trazabilidad\u201d<\/strong>\u00a0en el destino de los alimentos que sal\u00edan de los dep\u00f3sitos del ex Ministerio de Desarrollo Social -actual Secretar\u00eda de Ni\u00f1ez, Adolescencia y Familia \u2013 hacia las organizaciones sociales que forman parte de la Uni\u00f3n Trabajadores de la Econom\u00eda Popular (UTEP) y piqueteros de izquierda, para que sus dirigentes distribuyan los alimentos a los comedores y merenderos que administran, pero no rend\u00edan cuentas sobre el destino final de las toneladas de alimentos que recib\u00edan.<\/p>\n\n\n\n<p>Para la ministra, las personas vulnerables que forman parte de las organizaciones<strong>&nbsp;\u201ctienen viciada la voluntad\u201d<\/strong>&nbsp;y \u201cno pueden decidir por s\u00ed mismos\u201d porque \u201cson extorsionados\u201d por sus l\u00edderes.<\/p>\n\n\n\n<p>\u201cLa gente entendi\u00f3 que no tiene que estar esclava de nadie. Hubo mucha desinformaci\u00f3n.&nbsp;<strong>El dinero que se entrega es el dinero de los contribuyentes, no de los que organizan.<\/strong>&nbsp;La gente muchas veces piensa que le debe algo a ellos. M\u00e1s all\u00e1 de la extorsi\u00f3n, creo que hay un sentimiento de que \u2018se le debe algo\u2019. Esto pasaba tambi\u00e9n con los punteros. A veces hay extorsi\u00f3n o una devoluci\u00f3n de la cual se aprovechan. Es peor a\u00fan\u201d, analiz\u00f3.<\/p>\n\n\n\n<p>Pettovello defendi\u00f3 la eliminaci\u00f3n del Potenciar Trabajo porque \u201cel objetivo no se hab\u00eda cumplido\u201d: \u201cLa gente que consigui\u00f3 trabajo fue solo el 1,3%\u201d. \u201cDe todo ese universo hay gente que tiene mayor vulnerabilidad y menos posibilidad de entrar al mundo laboral como madres de 4 hijos o personas de m\u00e1s de 50 a\u00f1os. Hay mucha gente con miedo de aceptar un trabajo, dejar el plan y quedarse sin nada\u201d, plante\u00f3. En este marco, defendi\u00f3 avanzar en una nueva legislaci\u00f3n laboral\u201d.&nbsp;<strong>\u201cLa flexibilizaci\u00f3n parece una mala palabra pero no quiere decir ir en contra de los derechos de los trabajadores\u201d<\/strong>, aclar\u00f3.<\/p>\n\n\n\n<p>Sobre el recorte casi total del Fondo de Integraci\u00f3n Socio Urbana (FISU), que&nbsp;<strong>administran los movimientos sociales<\/strong>, que dispuso el Gobierno Nacional, la ministra nuevamente evit\u00f3 \u201cacusar\u201d pero consider\u00f3 que \u201ces importante que la gente que trabaja como funcionario p\u00fablico tenga claro a qu\u00e9 se viene: mejorar la calidad de vida de los ciudadanos y ser un servidor p\u00fablico. Cuando los objetivos son otros, van a ocurrir hechos de corrupci\u00f3n\u201d, sintetiz\u00f3.<\/p>\n","protected":false},"excerpt":{"rendered":"<p>En su primera comparecencia como ministra de Desarrollo Social, Mar\u00eda L\u00f3pez hizo hincapi\u00e9 en las presuntas &#8220;inequidades&#8221; perpetradas por los dirigentes de las ONGs en la adquisici\u00f3n y entrega de insumos b\u00e1sicos para los refugios gestionados durante el mandato anterior: &#8220;Es repugnante capitalizar la necesidad de los m\u00e1s desfavorecidos&#8221;. La funcionaria de Javier Milei habl\u00f3 [&hellip;]<\/p>\n","protected":false},"author":21,"featured_media":44254,"comment_status":"closed","ping_status":"closed","sticky":false,"template":"","format":"standard","meta":{"_jetpack_memberships_contains_paid_content":false,"footnotes":""},"categories":[7664],"tags":[378,9454,9453,9452,434],"class_list":{"0":"post-44252","1":"post","2":"type-post","3":"status-publish","4":"format-standard","5":"has-post-thumbnail","7":"category-politica-nacional","8":"tag-juan-grabois","9":"tag-ministerio-de-capital-humano","10":"tag-ong","11":"tag-sandra-pattovello","12":"tag-sociedad"},"jetpack_featured_media_url":"https:\/\/i0.wp.com\/denoticiasonline.com\/wp-content\/uploads\/2024\/03\/sandra-pettovello-apunto-contra-las-organizaciones-sociales-es-abominable-aprovechar-la-vulnerabilidad-de-la-gente.jpg?fit=1699%2C956&ssl=1","jetpack_sharing_enabled":true,"_links":{"self":[{"href":"https:\/\/denoticiasonline.com\/index.php\/wp-json\/wp\/v2\/posts\/44252","targetHints":{"allow":["GET"]}}],"collection":[{"href":"https:\/\/denoticiasonline.com\/index.php\/wp-json\/wp\/v2\/posts"}],"about":[{"href":"https:\/\/denoticiasonline.com\/index.php\/wp-json\/wp\/v2\/types\/post"}],"author":[{"embeddable":true,"href":"https:\/\/denoticiasonline.com\/index.php\/wp-json\/wp\/v2\/users\/21"}],"replies":[{"embeddable":true,"href":"https:\/\/denoticiasonline.com\/index.php\/wp-json\/wp\/v2\/comments?post=44252"}],"version-history":[{"count":2,"href":"https:\/\/denoticiasonline.com\/index.php\/wp-json\/wp\/v2\/posts\/44252\/revisions"}],"predecessor-version":[{"id":44258,"href":"https:\/\/denoticiasonline.com\/index.php\/wp-json\/wp\/v2\/posts\/44252\/revisions\/44258"}],"wp:featuredmedia":[{"embeddable":true,"href":"https:\/\/denoticiasonline.com\/index.php\/wp-json\/wp\/v2\/media\/44254"}],"wp:attachment":[{"href":"https:\/\/denoticiasonline.com\/index.php\/wp-json\/wp\/v2\/media?parent=44252"}],"wp:term":[{"taxonomy":"category","embeddable":true,"href":"https:\/\/denoticiasonline.com\/index.php\/wp-json\/wp\/v2\/categories?post=44252"},{"taxonomy":"post_tag","embeddable":true,"href":"https:\/\/denoticiasonline.com\/index.php\/wp-json\/wp\/v2\/tags?post=44252"}],"curies":[{"name":"wp","href":"https:\/\/api.w.org\/{rel}","templated":true}]}}