{"id":43595,"date":"2024-01-12T12:31:55","date_gmt":"2024-01-12T12:31:55","guid":{"rendered":"https:\/\/denoticiasonline.com\/?p=43595"},"modified":"2024-01-12T12:31:57","modified_gmt":"2024-01-12T12:31:57","slug":"moyano-enojo-a-milei-con-una-contundente-frase","status":"publish","type":"post","link":"https:\/\/denoticiasonline.com\/index.php\/2024\/01\/12\/moyano-enojo-a-milei-con-una-contundente-frase\/","title":{"rendered":"MOYANO ENOJ\u00d3 A MILEI CON UNA CONTUNDENTE FRASE"},"content":{"rendered":"\n<p><br>El presidente expres\u00f3 su descontento ante el llamado del camionero inst\u00e1ndolo a &#8220;voltear el DNU y la ley \u00f3mnibus&#8221;, consider\u00e1ndolo una postura contraproducente. En la Confederaci\u00f3n General del Trabajo (CGT), la interpretaci\u00f3n es que esta declaraci\u00f3n precipit\u00f3 la decisi\u00f3n de intimar a los gremios a abonar la suma de $40 millones por los da\u00f1os derivados de la protesta en Tribunales. Este episodio deja una curiosa postal que resalta la presencia del trotskismo en medio de las tensiones laborales y pol\u00edticas.<\/p>\n\n\n\n<p><strong>Javier Milei\u00a0<\/strong>orden\u00f3 a la ministra\u00a0<strong>Patricia Bullrich<\/strong>\u00a0que intimara cuanto antes a los sindicatos que organizaron la protesta de la CGT del 27 de diciembre para que\u00a0<strong>paguen los costos del operativo\u00a0<\/strong>desplegado ante el Palacio de Tribunales. \u00bfPor qu\u00e9 lo hizo? En la CGT creen que fue una decisi\u00f3n que se tom\u00f3 en el Gobierno despu\u00e9s de las declaraciones de\u00a0<strong>Pablo Moyano<\/strong>\u00a0acerca de que el objetivo del gremialismo peronista es<strong>\u00a0\u201cvoltear\u201d<\/strong>\u00a0el DNU y la Ley \u00d3mnibus.<\/p>\n\n\n\n<p>Por eso, estiman los gremialistas, el presidente le contest\u00f3 duramente al dirigente del Sindicato de Camioneros al publicar este jueves en las redes sociales un mensaje en el que lo calific\u00f3 como uno de los \u201cenemigos de la reforma\u201d, de \u201clos que quieren voltear la ley&nbsp;<strong>para que nada cambie, para mantener sus privilegios\u201d.<\/strong><\/p>\n\n\n\n<p>En el sindicalismo entienden que hay una relaci\u00f3n de causalidad entre la frase amenazante del hijo de Hugo Moyano, el enojo de Milei y la instrucci\u00f3n que recibi\u00f3 la ministra de Seguridad de exigirles a los dirigentes gremiales\u00a0<strong>el pago de 40 millones de pesos\u00a0<\/strong>por la movilizaci\u00f3n para rechazar el DNU que incluye la reforma laboral.<\/p>\n\n\n\n<p>Es lo que transmiten en la c\u00fapula cegetista para explicar por qu\u00e9 el Gobierno sigue&nbsp;<strong>endureciendo&nbsp;<\/strong>su postura contra el sindicalismo y<strong>&nbsp;cort\u00f3 todo tipo de di\u00e1logo&nbsp;<\/strong>para tratar de encarrilar la relaci\u00f3n.&nbsp;<strong>\u201cAhora s\u00ed la pelea es a todo o nada\u201d,&nbsp;<\/strong>interpretan en la central obrera acerca de lo que desatar\u00e1 la actitud de Milei, que por primera vez se&nbsp;<strong>involucr\u00f3 personalmente&nbsp;<\/strong>en el choque con la dirigencia gremial.<\/p>\n\n\n\n<p><img loading=\"lazy\" decoding=\"async\" alt=\"La CGT reuni\u00f3 a las delegaciones regionales para profundizar el paro general del 24 de enero\" height=\"1282\" width=\"1920\" src=\"https:\/\/www.infobae.com\/new-resizer\/_2JQUUmVoJZiwNYKfMaSn3tvpIk=\/420x280\/filters:format(webp):quality(85)\/cloudfront-us-east-1.images.arcpublishing.com\/infobae\/QFDS5XVFEBFYZIYGK4N5WRB2QE.jpg%20420w\" srcset=\"https:\/\/www.infobae.com\/new-resizer\/_2JQUUmVoJZiwNYKfMaSn3tvpIk=\/420x280\/filters:format(webp):quality(85)\/cloudfront-us-east-1.images.arcpublishing.com\/infobae\/QFDS5XVFEBFYZIYGK4N5WRB2QE.jpg 420w,https:\/\/www.infobae.com\/new-resizer\/9TC3zI7gSF2kNgPL8iqP8KwpRLI=\/768x512\/filters:format(webp):quality(85)\/cloudfront-us-east-1.images.arcpublishing.com\/infobae\/QFDS5XVFEBFYZIYGK4N5WRB2QE.jpg 768w,https:\/\/www.infobae.com\/new-resizer\/GMuLwuRMcCB5bhhSakCdvEE0Kag=\/992x661\/filters:format(webp):quality(85)\/cloudfront-us-east-1.images.arcpublishing.com\/infobae\/QFDS5XVFEBFYZIYGK4N5WRB2QE.jpg 992w,https:\/\/www.infobae.com\/new-resizer\/C0XMG4Q3RmTzqsXRExFQq9JqrDk=\/1200x800\/filters:format(webp):quality(85)\/cloudfront-us-east-1.images.arcpublishing.com\/infobae\/QFDS5XVFEBFYZIYGK4N5WRB2QE.jpg 1200w,https:\/\/www.infobae.com\/new-resizer\/-KOu2V70oJAVPVbcPVMqiUTW7PY=\/1440x960\/filters:format(webp):quality(85)\/cloudfront-us-east-1.images.arcpublishing.com\/infobae\/QFDS5XVFEBFYZIYGK4N5WRB2QE.jpg 1440w\">La CGT reuni\u00f3 a las delegaciones regionales para profundizar el paro general del 24 de enero<\/p>\n\n\n\n<p>\u00bfHasta d\u00f3nde llegar\u00e1 la disputa entre el jefe del Estado y la CGT? Ahora queda claro que el ala dura del Gobierno no decidi\u00f3 de manera inconsulta echar a\u00a0<strong>Horacio Pitrau<\/strong>\u00a0de la Subsecretar\u00eda de Relaciones Laborales (el segundo pelda\u00f1o de poder en la Secretar\u00eda de Trabajo), haci\u00e9ndolo responsable de promover una estrategia\u00a0<strong>negociadora\u00a0<\/strong>con el sindicalismo. Detr\u00e1s de la ofensiva del jefe de Gabinete, Nicol\u00e1s Posse, y de Federico Sturzenegger, el cerebro de las reformas libertarias, est\u00e1\u00a0<strong>el propio Milei.<\/strong><\/p>\n\n\n\n<p>Para los sindicalistas, todo indica que crecer\u00e1 el escenario de&nbsp;<strong>m\u00e1xima tensi\u00f3n&nbsp;<\/strong>entre el Gobierno y el gremialismo luego de que se conoci\u00f3 el DNU 70 que contempla la reforma laboral. Lo que sucedi\u00f3 desde entonces fue una&nbsp;<strong>escalada&nbsp;<\/strong>de hechos que agravaron la pelea. Molesta porque los cambios laborales fueron&nbsp;<strong>m\u00e1s duros&nbsp;<\/strong>de lo que hab\u00eda prometido&nbsp;<strong>Guillermo Francos,&nbsp;<\/strong>ministro del Interior, la CGT inici\u00f3 una&nbsp;<strong>embestida&nbsp;<\/strong>a dos puntas: por un lado, hizo una&nbsp;<strong>presentaci\u00f3n judicial<\/strong>&nbsp;contra el DNU, que ya logr\u00f3&nbsp;<strong>frenar&nbsp;<\/strong>su aplicaci\u00f3n gracias a que la Justicia del Trabajo dict\u00f3 una medida cautelar, y, por otro, decidi\u00f3<strong>&nbsp;romper cuatro a\u00f1os de pasividad<\/strong>&nbsp;con un&nbsp;<strong>paro de 12 horas con movilizaci\u00f3n al Congreso<\/strong>&nbsp;que se har\u00e1 el 24 de enero.<\/p>\n\n\n\n<p>El desplazamiento de Pitrau simboliz\u00f3 el&nbsp;<strong>final&nbsp;<\/strong>de las estrategias desplegadas desde la&nbsp;<strong>Secretar\u00eda de Trabajo,<\/strong>&nbsp;encabezada por&nbsp;<strong>Omar Yas\u00edn,<\/strong>&nbsp;para dividir a los sindicalistas y debilitar la huelga. La principal de las jugadas de las autoridades laborales fue haber logrado, en en medio de las tensiones con la CGT por la reforma laboral que figuran en el DNU, el&nbsp;<strong>acercamiento&nbsp;<\/strong>del titular del Sindicato de Comercio,&nbsp;<strong>Armando Cavalieri,&nbsp;<\/strong>quien maneja el gremio m\u00e1s numeroso del pa\u00eds, con 1.200.000 afiliados.<\/p>\n\n\n\n<p><img loading=\"lazy\" decoding=\"async\" alt=\"Javier Milei avanza con una ofensiva contra la CGT (Foto EFE)\" height=\"2116\" width=\"3173\" src=\"https:\/\/www.infobae.com\/new-resizer\/_D9v2qoOt-sgce7Zo0iNbiqbvgk=\/420x280\/filters:format(webp):quality(85)\/cloudfront-us-east-1.images.arcpublishing.com\/infobae\/HVVYHQMRLFBS3OZMBSFAS4GN5Y.jpg%20420w\" srcset=\"https:\/\/www.infobae.com\/new-resizer\/_D9v2qoOt-sgce7Zo0iNbiqbvgk=\/420x280\/filters:format(webp):quality(85)\/cloudfront-us-east-1.images.arcpublishing.com\/infobae\/HVVYHQMRLFBS3OZMBSFAS4GN5Y.jpg 420w,https:\/\/www.infobae.com\/new-resizer\/IwpeJc_bxveJbTCMiwY8YLE-U1w=\/768x512\/filters:format(webp):quality(85)\/cloudfront-us-east-1.images.arcpublishing.com\/infobae\/HVVYHQMRLFBS3OZMBSFAS4GN5Y.jpg 768w,https:\/\/www.infobae.com\/new-resizer\/5TIfFrdwX14wSYSqvk399z7aGPc=\/992x661\/filters:format(webp):quality(85)\/cloudfront-us-east-1.images.arcpublishing.com\/infobae\/HVVYHQMRLFBS3OZMBSFAS4GN5Y.jpg 992w,https:\/\/www.infobae.com\/new-resizer\/x_IN5FVQ0w3oLYSQVIRdd5gUCKk=\/1200x800\/filters:format(webp):quality(85)\/cloudfront-us-east-1.images.arcpublishing.com\/infobae\/HVVYHQMRLFBS3OZMBSFAS4GN5Y.jpg 1200w,https:\/\/www.infobae.com\/new-resizer\/kIB8EkIZozGYJbkoOhxgztn2cBc=\/1440x960\/filters:format(webp):quality(85)\/cloudfront-us-east-1.images.arcpublishing.com\/infobae\/HVVYHQMRLFBS3OZMBSFAS4GN5Y.jpg 1440w\">Javier Milei avanza con una ofensiva contra la CGT (Foto EFE)<\/p>\n\n\n\n<p>El decreto de Milei puso l\u00edmites a las\u00a0<strong>cuotas solidarias,<\/strong>\u00a0un sistema adicional de recaudaci\u00f3n sindical a trav\u00e9s de los convenios colectivos, al establecer que pod\u00edan cobrarse s\u00f3lo si hab\u00eda un<strong>\u00a0\u201cconsentimiento expl\u00edcito\u201d\u00a0<\/strong>de los trabajadores. La clave de ese recurso de financiamiento de los sindicatos es justamente que una vez que se pacta con los empresarios en los convenios se descuenta un porcentaje determinado de los salarios a\u00a0<strong>todos los trabajadores de una actividad, sean afiliados o no.<\/strong><\/p>\n\n\n\n<p>Tras alertar que ese cambio en las cuotas solidarias iba a llevar a&nbsp;<strong>\u201cla quiebra\u201d&nbsp;<\/strong>a su sindicato, Cavalieri se reuni\u00f3 con la ministra<strong>&nbsp;Pettovello<\/strong>&nbsp;para plantear su reclamo sobre las<strong>&nbsp;cuotas solidarias&nbsp;<\/strong>y obtuvo la promesa oficial de una&nbsp;<strong>soluci\u00f3n&nbsp;<\/strong>a su reclamo. En rigor, le dijeron que, a pedido de \u00e9l, pod\u00eda emitirse un&nbsp;<strong>dictamen de interpretaci\u00f3n&nbsp;<\/strong>para que&nbsp;<strong>siguiera cobrando<\/strong>&nbsp;<strong>sin cambios<\/strong>&nbsp;las cuotas solidarias.<\/p>\n\n\n\n<p>Yas\u00edn y Pitrau imaginaron esa jugada como una forma de\u00a0<strong>meter una cu\u00f1a en el mundo sindical\u00a0<\/strong>porque cada dirigente se ver\u00eda obligado a gestionar una audiencia para pedir\u00a0<strong>el mismo dictamen<\/strong>\u00a0que hab\u00eda obtenido Cavalieri, ya que esa decisi\u00f3n oficial\u00a0<strong>no tendr\u00eda alcances generales.<\/strong>\u00a0En el fondo, era una forma de intentar\u00a0<strong>debilitar\u00a0<\/strong>a una CGT que empezaba a pintarse la cara contra el Gobierno, sac\u00e1ndole respaldos como, en este caso, el del gremio m\u00e1s numeroso de la Argentina.<\/p>\n\n\n\n<figure class=\"wp-block-image size-full\"><img data-recalc-dims=\"1\" loading=\"lazy\" decoding=\"async\" width=\"696\" height=\"464\" src=\"https:\/\/i0.wp.com\/denoticiasonline.com\/wp-content\/uploads\/2024\/01\/image-5.png?resize=696%2C464&#038;ssl=1\" alt=\"\" class=\"wp-image-43596\" srcset=\"https:\/\/i0.wp.com\/denoticiasonline.com\/wp-content\/uploads\/2024\/01\/image-5.png?w=992&amp;ssl=1 992w, https:\/\/i0.wp.com\/denoticiasonline.com\/wp-content\/uploads\/2024\/01\/image-5.png?resize=300%2C200&amp;ssl=1 300w, https:\/\/i0.wp.com\/denoticiasonline.com\/wp-content\/uploads\/2024\/01\/image-5.png?resize=768%2C512&amp;ssl=1 768w, https:\/\/i0.wp.com\/denoticiasonline.com\/wp-content\/uploads\/2024\/01\/image-5.png?resize=150%2C100&amp;ssl=1 150w, https:\/\/i0.wp.com\/denoticiasonline.com\/wp-content\/uploads\/2024\/01\/image-5.png?resize=696%2C464&amp;ssl=1 696w, https:\/\/i0.wp.com\/denoticiasonline.com\/wp-content\/uploads\/2024\/01\/image-5.png?resize=630%2C420&amp;ssl=1 630w\" sizes=\"auto, (max-width: 696px) 100vw, 696px\" \/><\/figure>\n\n\n\n<p>Pero, adem\u00e1s, Cavalieri le anunci\u00f3 a Pettovello su decisi\u00f3n de adherir desde su convenio al<strong>&nbsp;nuevo sistema de indemnizaciones&nbsp;<\/strong>previsto en el DNU con la creaci\u00f3n de un&nbsp;<strong>Fondo de Cese Laboral&nbsp;<\/strong>como el que rige en la UOCRA. Esa decisi\u00f3n iba a ser imitada por otros importantes sindicatos.<\/p>\n\n\n\n<p>Sin embargo, el acuerdo entre Pettovello y Cavalieri desat\u00f3 una&nbsp;<strong>tormenta&nbsp;<\/strong>en el Gobierno. Primero fue&nbsp;<strong>Sturzenegger<\/strong>&nbsp;quien le plante\u00f3 a la ministra su&nbsp;<strong>rechazo&nbsp;<\/strong>a la decisi\u00f3n que benefici\u00f3 a Cavalieri para el cobro de las cuotas solidarias. De una primera charla entre ambos surgi\u00f3 un encuentro presidido por el jefe de Gabinete, acompa\u00f1ado por dos abogados laboralistas de perfil duro que elaboraron la reforma laboral libertaria,&nbsp;<strong>Miguel Angel Ponte&nbsp;<\/strong>y<strong>&nbsp;Julio Cordero,<\/strong>&nbsp;vinculados con el Grupo Techint.<\/p>\n\n\n\n<p>Ahora, el enojo de Milei deriv\u00f3 en las intimaciones a los sindicatos y organizaciones sociales para exigirles que se hagan cargo de pagar el operativo de seguridad que hubo el 27 de diciembre. La CGT reaccion\u00f3 de una forma que podr\u00eda complicar la estrategia del Gobierno en la escena mundial: como anticip\u00f3 Infobae, elevar\u00e1 una&nbsp;<strong>queja contra el Gobierno<\/strong>&nbsp;con \u201csolicitud de tratamiento urgente\u201d ante la&nbsp;<strong>Organizaci\u00f3n Internacional del Trabajo (OIT).&nbsp;<\/strong>El secretario de Relaciones Internacionales de la CGT,&nbsp;<strong>Gerardo Mart\u00ednez&nbsp;<\/strong>(UOCRA), ser\u00e1 quien formalizar\u00e1 la presentaci\u00f3n en su condici\u00f3n de miembro del&nbsp;<strong>Comit\u00e9 de Libertad Sindical<\/strong>&nbsp;de aquel organismo, que fue creado en 1951 para examinar los reclamos de empleadores y trabajadores sobre violaciones a la libertad sindical.<\/p>\n\n\n\n<p><img loading=\"lazy\" decoding=\"async\" alt=\"La CGT y piqueteros se manifestaron en Tribunales el 27 de diciembre contra el DNU de Javier Milei \" height=\"1080\" width=\"1920\" src=\"https:\/\/www.infobae.com\/new-resizer\/qVp5g3WeKEgWzN74WSl6y4Pt0Us=\/420x236\/filters:format(webp):quality(85)\/cloudfront-us-east-1.images.arcpublishing.com\/infobae\/EFKLWNL2JFAMTOANWWF3DWZVOY.jpg%20420w\" srcset=\"https:\/\/www.infobae.com\/new-resizer\/qVp5g3WeKEgWzN74WSl6y4Pt0Us=\/420x236\/filters:format(webp):quality(85)\/cloudfront-us-east-1.images.arcpublishing.com\/infobae\/EFKLWNL2JFAMTOANWWF3DWZVOY.jpg 420w,https:\/\/www.infobae.com\/new-resizer\/zdNqIgS0xO9hiVnLR0XchEhM_t8=\/768x432\/filters:format(webp):quality(85)\/cloudfront-us-east-1.images.arcpublishing.com\/infobae\/EFKLWNL2JFAMTOANWWF3DWZVOY.jpg 768w,https:\/\/www.infobae.com\/new-resizer\/K-yCLOuT1lrvEHSNBcpQHbHP4Zo=\/992x558\/filters:format(webp):quality(85)\/cloudfront-us-east-1.images.arcpublishing.com\/infobae\/EFKLWNL2JFAMTOANWWF3DWZVOY.jpg 992w,https:\/\/www.infobae.com\/new-resizer\/SAHQYqwREDPp7lUAaXdmNlwMXwQ=\/1200x675\/filters:format(webp):quality(85)\/cloudfront-us-east-1.images.arcpublishing.com\/infobae\/EFKLWNL2JFAMTOANWWF3DWZVOY.jpg 1200w,https:\/\/www.infobae.com\/new-resizer\/GwQCtW8THcysJkNZDw7ncyf2j-M=\/1440x810\/filters:format(webp):quality(85)\/cloudfront-us-east-1.images.arcpublishing.com\/infobae\/EFKLWNL2JFAMTOANWWF3DWZVOY.jpg 1440w\">La CGT y piqueteros se manifestaron en Tribunales el 27 de diciembre contra el DNU de Javier Milei<\/p>\n\n\n\n<p>Pero, adem\u00e1s, la<strong>&nbsp;CTA Aut\u00f3noma,&nbsp;<\/strong>liderada por Hugo \u201cCachorro\u201d Godoy,y la&nbsp;<strong>CTA de los Trabajadores,<\/strong>&nbsp;que conduce Hugo Yasky, tambi\u00e9n presentar\u00e1n&nbsp;<strong>una queja ante la OIT<\/strong>&nbsp;por la intimaci\u00f3n oficial a los gremios y organizaciones sociales que participaron de la protesta ante Tribunales. Lo m\u00e1s probable incluso es que las tres centrales&nbsp;<strong>unifiquen&nbsp;<\/strong>su reclamo para darle&nbsp;<strong>m\u00e1s fuerza.<\/strong><\/p>\n\n\n\n<p>Rivales ac\u00e9rrimos durante muchos a\u00f1os, los dirigentes de la CGT se abroquelan ahora con sus colegas de las dos CTA en una&nbsp;<strong>in\u00e9dita&nbsp;<\/strong>muestra de unidad sindical.&nbsp;<strong>Milei lo hizo posible.<\/strong>&nbsp;De la misma forma, una comitiva cegetista mantuvo este jueves una reuni\u00f3n con diputados del&nbsp;<strong>Frente de Izquierda,<\/strong>&nbsp;dentro de la ronda de reuniones de la central obrera para tratar de frenar en el Congreso el DNU y la Ley \u00d3mnibus. Esa postal fue m\u00e1s&nbsp;<strong>impactante&nbsp;<\/strong>todav\u00eda: en una misma foto posaron exponentes de la \u201cburocracia sindical\u201d con representantes del trotskismo a quienes consideraban sus&nbsp;<strong>archienemigos,&nbsp;<\/strong>entre plenas coincidencias acerca de la necesidad de impedir las fuertes reformas del Gobierno.<\/p>\n\n\n\n<p>Unos y otros estar\u00e1n en la calle el 24 de enero para la jornada de paro con movilizaci\u00f3n de la CGT. Quiz\u00e1 sea, en el fondo, lo que quiere el Gobierno: dejar<strong>&nbsp;en evidencia&nbsp;<\/strong>a un frente pol\u00edtico y sindical cuyos integrantes dejaron sus profundas diferencias&nbsp;<strong>s\u00f3lo&nbsp;<\/strong>para detener los cambios proyectados. Ahora, al menos, la dirigencia gremial ya no puede echarle la culpa de la falta de di\u00e1logo a los&nbsp;<strong>\u201chalcones\u201d&nbsp;<\/strong>de la Casa Rosada. El \u00fanico culpable, como est\u00e1n convencidos en la CGT, es&nbsp;<strong>el \u201cle\u00f3n\u201d libertario.<\/strong><\/p>\n","protected":false},"excerpt":{"rendered":"<p>El presidente expres\u00f3 su descontento ante el llamado del camionero inst\u00e1ndolo a &#8220;voltear el DNU y la ley \u00f3mnibus&#8221;, consider\u00e1ndolo una postura contraproducente. En la Confederaci\u00f3n General del Trabajo (CGT), la interpretaci\u00f3n es que esta declaraci\u00f3n precipit\u00f3 la decisi\u00f3n de intimar a los gremios a abonar la suma de $40 millones por los da\u00f1os derivados [&hellip;]<\/p>\n","protected":false},"author":21,"featured_media":43597,"comment_status":"closed","ping_status":"closed","sticky":false,"template":"","format":"standard","meta":{"_jetpack_memberships_contains_paid_content":false,"footnotes":""},"categories":[7664],"tags":[9111,5013,9140,5470,8275],"class_list":{"0":"post-43595","1":"post","2":"type-post","3":"status-publish","4":"format-standard","5":"has-post-thumbnail","7":"category-politica-nacional","8":"tag-dnu","9":"tag-javier-milei","10":"tag-ley-omnibus","11":"tag-pablo-moyano","12":"tag-patricia-bulrich"},"jetpack_featured_media_url":"https:\/\/i0.wp.com\/denoticiasonline.com\/wp-content\/uploads\/2024\/01\/Captura355.jpg?fit=1062%2C551&ssl=1","jetpack_sharing_enabled":true,"_links":{"self":[{"href":"https:\/\/denoticiasonline.com\/index.php\/wp-json\/wp\/v2\/posts\/43595","targetHints":{"allow":["GET"]}}],"collection":[{"href":"https:\/\/denoticiasonline.com\/index.php\/wp-json\/wp\/v2\/posts"}],"about":[{"href":"https:\/\/denoticiasonline.com\/index.php\/wp-json\/wp\/v2\/types\/post"}],"author":[{"embeddable":true,"href":"https:\/\/denoticiasonline.com\/index.php\/wp-json\/wp\/v2\/users\/21"}],"replies":[{"embeddable":true,"href":"https:\/\/denoticiasonline.com\/index.php\/wp-json\/wp\/v2\/comments?post=43595"}],"version-history":[{"count":1,"href":"https:\/\/denoticiasonline.com\/index.php\/wp-json\/wp\/v2\/posts\/43595\/revisions"}],"predecessor-version":[{"id":43598,"href":"https:\/\/denoticiasonline.com\/index.php\/wp-json\/wp\/v2\/posts\/43595\/revisions\/43598"}],"wp:featuredmedia":[{"embeddable":true,"href":"https:\/\/denoticiasonline.com\/index.php\/wp-json\/wp\/v2\/media\/43597"}],"wp:attachment":[{"href":"https:\/\/denoticiasonline.com\/index.php\/wp-json\/wp\/v2\/media?parent=43595"}],"wp:term":[{"taxonomy":"category","embeddable":true,"href":"https:\/\/denoticiasonline.com\/index.php\/wp-json\/wp\/v2\/categories?post=43595"},{"taxonomy":"post_tag","embeddable":true,"href":"https:\/\/denoticiasonline.com\/index.php\/wp-json\/wp\/v2\/tags?post=43595"}],"curies":[{"name":"wp","href":"https:\/\/api.w.org\/{rel}","templated":true}]}}