{"id":41505,"date":"2023-08-31T13:15:26","date_gmt":"2023-08-31T13:15:26","guid":{"rendered":"https:\/\/denoticiasonline.com\/?p=41505"},"modified":"2023-08-31T13:15:27","modified_gmt":"2023-08-31T13:15:27","slug":"johannesburgo-el-incendio-mortal-causa-la-perdida-de-vidas-de-73-personas","status":"publish","type":"post","link":"https:\/\/denoticiasonline.com\/index.php\/2023\/08\/31\/johannesburgo-el-incendio-mortal-causa-la-perdida-de-vidas-de-73-personas\/","title":{"rendered":"JOHANNESBURGO: EL INCENDIO MORTAL CAUSA LA P\u00c9RDIDA DE VIDAS DE 73 PERSONAS"},"content":{"rendered":"\n<p>En el coraz\u00f3n de Johannesburgo, un devastador incendio redujo a cenizas un edificio de cinco plantas, dejando un saldo tr\u00e1gico de 73 personas fallecidas, seg\u00fan informaron los equipos de emergencia locales este jueves. El siniestro desat\u00f3 una respuesta fren\u00e9tica de los socorristas, quienes lucharon incansablemente entre las llamas y el humo en un intento desesperado por rescatar a los atrapados.<\/p>\n\n\n\n<p>Otras 52 personas resultaron heridas, algunas de ellas afectadas por la inhalaci\u00f3n de humo y fueron trasladadas a hospitales locales, indic\u00f3 el portavoz de los Servicios de Gesti\u00f3n de Emergencias, Robert Mulaudzi.<\/p>\n\n\n\n<p>&#8220;La \u00faltima actualizaci\u00f3n es que tenemos ahora 73 muertos y 52 personas heridas que fueron trasladadas a varios centros de salud para su atenci\u00f3n m\u00e9dica&#8221;, declar\u00f3 Mulaudzi, seg\u00fan consign\u00f3 la agencia de noticias AFP.<\/p>\n\n\n\n<p><strong>Hab\u00eda al menos siete ni\u00f1os entre los muertos&nbsp;<\/strong>por el fuego, y la v\u00edctima m\u00e1s joven ten\u00eda menos de dos a\u00f1os, dijo el portavoz.<\/p>\n\n\n\n<p>Algunas de las v\u00edctimas quedaron irreconocibles por las quemaduras, en lo que podr\u00eda ser&nbsp;<strong>uno de los incendios m\u00e1s mortales del mundo en los \u00faltimos a\u00f1os.<\/strong><\/p>\n\n\n\n<p>Los bomberos controlaron las llamas y las operaciones de b\u00fasqueda y recuperaci\u00f3n estaban en curso.<\/p>\n\n\n\n<p>&#8220;Estamos avanzando piso por piso para recuperar los cuerpos&#8221;, explic\u00f3 Mulaudzi a la televisi\u00f3n local ENCA.<\/p>\n\n\n\n<p>Los servicios de emergencia retiraban cuerpos calcinados del edificio y los tend\u00edan bajo mantas y s\u00e1banas en la calle.<\/p>\n\n\n\n<p>&#8220;Realmente es un d\u00eda triste para la ciudad de Johannesburgo (&#8230;) En m\u00e1s de 20 a\u00f1os de servicio nunca vi algo como esto&#8221;, expres\u00f3 Mulaudzi.<\/p>\n\n\n\n<p>Por el momento se desconoc\u00edan las causas del siniestro, que se declar\u00f3 en horas de la noche de este mi\u00e9rcoles.<\/p>\n\n\n\n<p>Mgcini Tshwaku, miembro del comit\u00e9 municipal de la ciudad a cargo de la seguridad p\u00fablica, se\u00f1al\u00f3 como probable causa el uso de velas para iluminar el interior del edificio.<\/p>\n\n\n\n<p>El edificio afectado se ubica en una zona deprimida de lo que sol\u00eda ser el distrito empresarial de la capital econ\u00f3mica de Sud\u00e1frica, y serv\u00eda como residencia informal, indic\u00f3 Mulaudzi.<\/p>\n\n\n\n<p>&#8220;Mucha gente pudo haber quedado atrapada en el interior cuando comenz\u00f3 el incendio&#8221;, agreg\u00f3 y precis\u00f3 que hab\u00eda indigentes viviendo en el edificio.<\/p>\n\n\n\n<p>&#8220;Dentro del edificio hab\u00eda un port\u00f3n (de seguridad) que estaba cerrado, as\u00ed que la gente no pudo salir&#8221;, seg\u00fan Tshwaku.&nbsp;&#8220;Muchos cuerpos quemados fueron hallados amontonados en ese port\u00f3n&#8221;, agreg\u00f3.<\/p>\n\n\n\n<p>Camiones de bomberos y ambulancias estacionaron frente al edificio rojo y blanco con ventanas quemadas acordonado por la polic\u00eda, mientras una multitud de curiosos se amontonaba.<\/p>\n\n\n\n<p>La ocupaci\u00f3n ilegal de edificios en desuso es com\u00fan en el centro de la ciudad, donde muchos inmuebles son controlados por grupos criminales que cobran arriendo a los ocupantes.<\/p>\n\n\n\n<p>En junio, un incendio arras\u00f3 un edificio en Johannesburgo, provocando la muerte de dos ni\u00f1os de menos de 10 a\u00f1os que hab\u00edan quedado atrapados en un apartamento.<\/p>\n","protected":false},"excerpt":{"rendered":"<p>En el coraz\u00f3n de Johannesburgo, un devastador incendio redujo a cenizas un edificio de cinco plantas, dejando un saldo tr\u00e1gico de 73 personas fallecidas, seg\u00fan informaron los equipos de emergencia locales este jueves. El siniestro desat\u00f3 una respuesta fren\u00e9tica de los socorristas, quienes lucharon incansablemente entre las llamas y el humo en un intento desesperado [&hellip;]<\/p>\n","protected":false},"author":21,"featured_media":41506,"comment_status":"closed","ping_status":"closed","sticky":false,"template":"","format":"standard","meta":{"_jetpack_memberships_contains_paid_content":false,"footnotes":""},"categories":[108],"tags":[2086,694,633,8561],"class_list":{"0":"post-41505","1":"post","2":"type-post","3":"status-publish","4":"format-standard","5":"has-post-thumbnail","7":"category-sociedad-nacional","8":"tag-edificio","9":"tag-incendio","10":"tag-muertos","11":"tag-sudafrica-2"},"jetpack_featured_media_url":"https:\/\/i0.wp.com\/denoticiasonline.com\/wp-content\/uploads\/2023\/08\/a6dad5d0-57fd-46aa-91f5-ab90640aacc3_16-9-aspect-ratio_default_0.jpg?fit=880%2C495&ssl=1","jetpack_sharing_enabled":true,"_links":{"self":[{"href":"https:\/\/denoticiasonline.com\/index.php\/wp-json\/wp\/v2\/posts\/41505","targetHints":{"allow":["GET"]}}],"collection":[{"href":"https:\/\/denoticiasonline.com\/index.php\/wp-json\/wp\/v2\/posts"}],"about":[{"href":"https:\/\/denoticiasonline.com\/index.php\/wp-json\/wp\/v2\/types\/post"}],"author":[{"embeddable":true,"href":"https:\/\/denoticiasonline.com\/index.php\/wp-json\/wp\/v2\/users\/21"}],"replies":[{"embeddable":true,"href":"https:\/\/denoticiasonline.com\/index.php\/wp-json\/wp\/v2\/comments?post=41505"}],"version-history":[{"count":1,"href":"https:\/\/denoticiasonline.com\/index.php\/wp-json\/wp\/v2\/posts\/41505\/revisions"}],"predecessor-version":[{"id":41507,"href":"https:\/\/denoticiasonline.com\/index.php\/wp-json\/wp\/v2\/posts\/41505\/revisions\/41507"}],"wp:featuredmedia":[{"embeddable":true,"href":"https:\/\/denoticiasonline.com\/index.php\/wp-json\/wp\/v2\/media\/41506"}],"wp:attachment":[{"href":"https:\/\/denoticiasonline.com\/index.php\/wp-json\/wp\/v2\/media?parent=41505"}],"wp:term":[{"taxonomy":"category","embeddable":true,"href":"https:\/\/denoticiasonline.com\/index.php\/wp-json\/wp\/v2\/categories?post=41505"},{"taxonomy":"post_tag","embeddable":true,"href":"https:\/\/denoticiasonline.com\/index.php\/wp-json\/wp\/v2\/tags?post=41505"}],"curies":[{"name":"wp","href":"https:\/\/api.w.org\/{rel}","templated":true}]}}