{"id":41377,"date":"2023-08-24T15:16:24","date_gmt":"2023-08-24T15:16:24","guid":{"rendered":"http:\/\/denoticiasonline.com\/?p=41377"},"modified":"2023-08-24T15:16:24","modified_gmt":"2023-08-24T15:16:24","slug":"patricia-bulrich-rechazo-el-ingreso-a-brics","status":"publish","type":"post","link":"https:\/\/denoticiasonline.com\/index.php\/2023\/08\/24\/patricia-bulrich-rechazo-el-ingreso-a-brics\/","title":{"rendered":"PATRICIA BULRICH RECHAZ\u00d3 EL INGRESO A BRICS"},"content":{"rendered":"\n<p><strong>En un contundente pronunciamiento ante el Consejo de las Am\u00e9ricas, Patricia Bullrich, la destacada aspirante a la presidencia por la coalici\u00f3n Juntos por el Cambio, rechaz\u00f3 de manera en\u00e9rgica la propuesta de que Argentina se sume al bloque BRICS, ante el Consejo de las Am\u00e9ricas compuesto por influyentes empresarios estadounidenses y representantes de entidades bancarias.<\/strong><\/p>\n\n\n\n<p>\u201cLa Argentina bajo nuestro gobierno no va a estar en Brics\u201d expres\u00f3 Patria Bullrich luego de la cadena nacional que efectu\u00f3 Alberto Fern\u00e1ndez donde confirm\u00f3 la integraci\u00f3n de Argentina al bloque.<\/p>\n\n\n\n<p><em>\u201cEl Presidente acaba de comprometer a la Argentina a la entrada a los Brics, mientras se desarrolla la invasi\u00f3n a Ucrania y, junto al ingreso de Ir\u00e1n, pa\u00eds con el que la Argentina tiene una herida abierta profunda por los ataques terroristas antisemitas en nuestro territorio y antiargentinos\u201d,<\/em>&nbsp;argument\u00f3 la&nbsp;<a href=\"https:\/\/www.instagram.com\/patobullrich\/?hl=es\">candidata.<\/a><\/p>\n\n\n\n<p>Asimismo, expres\u00f3 de que en caso de ganar las elecciones de octubre, plantear\u00e1 un orden democr\u00e1tico necesario para que el pa\u00eds &nbsp;pueda tener un futuro. \u201cCreemos en un orden internacional basado en reglas para preservar la paz y el respeto del derecho internacional\u201d, destac\u00f3.<\/p>\n","protected":false},"excerpt":{"rendered":"<p>En un contundente pronunciamiento ante el Consejo de las Am\u00e9ricas, Patricia Bullrich, la destacada aspirante a la presidencia por la coalici\u00f3n Juntos por el Cambio, rechaz\u00f3 de manera en\u00e9rgica la propuesta de que Argentina se sume al bloque BRICS, ante el Consejo de las Am\u00e9ricas compuesto por influyentes empresarios estadounidenses y representantes de entidades bancarias. [&hellip;]<\/p>\n","protected":false},"author":21,"featured_media":41378,"comment_status":"open","ping_status":"open","sticky":false,"template":"","format":"standard","meta":{"_jetpack_memberships_contains_paid_content":false,"footnotes":""},"categories":[7664],"tags":[621,8513,8275,5129,8515],"class_list":{"0":"post-41377","1":"post","2":"type-post","3":"status-publish","4":"format-standard","5":"has-post-thumbnail","7":"category-politica-nacional","8":"tag-argentina","9":"tag-consejo-de-las-americas","10":"tag-patricia-bulrich","11":"tag-politica-4","12":"tag-rechazo-al-brics"},"jetpack_featured_media_url":"https:\/\/i0.wp.com\/denoticiasonline.com\/wp-content\/uploads\/2023\/08\/600x400_patricia-bullrich-1000932-093836.webp?fit=600%2C400&ssl=1","jetpack_sharing_enabled":true,"_links":{"self":[{"href":"https:\/\/denoticiasonline.com\/index.php\/wp-json\/wp\/v2\/posts\/41377","targetHints":{"allow":["GET"]}}],"collection":[{"href":"https:\/\/denoticiasonline.com\/index.php\/wp-json\/wp\/v2\/posts"}],"about":[{"href":"https:\/\/denoticiasonline.com\/index.php\/wp-json\/wp\/v2\/types\/post"}],"author":[{"embeddable":true,"href":"https:\/\/denoticiasonline.com\/index.php\/wp-json\/wp\/v2\/users\/21"}],"replies":[{"embeddable":true,"href":"https:\/\/denoticiasonline.com\/index.php\/wp-json\/wp\/v2\/comments?post=41377"}],"version-history":[{"count":1,"href":"https:\/\/denoticiasonline.com\/index.php\/wp-json\/wp\/v2\/posts\/41377\/revisions"}],"predecessor-version":[{"id":41379,"href":"https:\/\/denoticiasonline.com\/index.php\/wp-json\/wp\/v2\/posts\/41377\/revisions\/41379"}],"wp:featuredmedia":[{"embeddable":true,"href":"https:\/\/denoticiasonline.com\/index.php\/wp-json\/wp\/v2\/media\/41378"}],"wp:attachment":[{"href":"https:\/\/denoticiasonline.com\/index.php\/wp-json\/wp\/v2\/media?parent=41377"}],"wp:term":[{"taxonomy":"category","embeddable":true,"href":"https:\/\/denoticiasonline.com\/index.php\/wp-json\/wp\/v2\/categories?post=41377"},{"taxonomy":"post_tag","embeddable":true,"href":"https:\/\/denoticiasonline.com\/index.php\/wp-json\/wp\/v2\/tags?post=41377"}],"curies":[{"name":"wp","href":"https:\/\/api.w.org\/{rel}","templated":true}]}}