{"id":40971,"date":"2023-08-10T13:25:21","date_gmt":"2023-08-10T13:25:21","guid":{"rendered":"http:\/\/denoticiasonline.com\/?p=40971"},"modified":"2023-08-24T17:36:20","modified_gmt":"2023-08-24T17:36:20","slug":"capturados-los-presuntos-responsables-del-homicidio-de-morena-en-lanus","status":"publish","type":"post","link":"https:\/\/denoticiasonline.com\/index.php\/2023\/08\/10\/capturados-los-presuntos-responsables-del-homicidio-de-morena-en-lanus\/","title":{"rendered":"CAPTURADOS LOS PRESUNTOS RESPONSABLES DEL HOMICIDIO DE MORENA EN LAN\u00daS"},"content":{"rendered":"\n<p>&#8220;La tragedia que estremeci\u00f3 a la naci\u00f3n tras el fallecimiento de una ni\u00f1a de 11 a\u00f1os en la comunidad de Villa Diamante, Lan\u00fas, ha dado lugar a un avance en la investigaci\u00f3n con la identificaci\u00f3n de siete individuos relacionados con el incidente. De este grupo, dos estar\u00edan se\u00f1alados como los presuntos autores materiales del asesinato.&#8221;<\/p>\n\n\n\n<p>Luego de lo que fue la gran repercusi\u00f3n del caso, la justicia se movi\u00f3 a gran velocidad y seg\u00fan las fuentes dieron con los dos autores del crimen de<strong>&nbsp;Morena Dom\u00ednguez<\/strong>, menor de edad que muri\u00f3 cuando iba de camino a su escuela.<\/p>\n\n\n\n<p>Los delincuentes fueron identificados como<strong>\u00a0Miguel y Dar\u00edo Madariaga, dos hermanastros de 25 y 28 a\u00f1os<\/strong>, que contaban con causas y pedido de captura. Tras la detenci\u00f3n de ambos se les incauto la moto con la que cometieron el delito, dos cascos y ropa similar a la que utilizaban los delincuentes.<\/p>\n\n\n\n<p>Por parte de Miguel Madariaga contaba con un pedido de captura vigente desde el 7 de agosto por solicitud del TOC 30 de CABA, mientras tanto permanec\u00eda libre por la zona.<\/p>\n\n\n\n<p>El crimen ocurri\u00f3 la ma\u00f1ana del mi\u00e9rcoles y qued\u00f3 registrado por una c\u00e1mara de seguridad del municipio. En las im\u00e1genes se refleja el ataque de los motochorros y c\u00f3mo la v\u00edctima fue arrastrada un par de metros por la moto de los delincuentes.<\/p>\n\n\n\n<p>Morena Dom\u00ednguez ten\u00eda 11 a\u00f1os, se descompens\u00f3 en el lugar del ataque tras sufrir los intensos golpes. La ambulancia tard\u00f3 minutos vitales y al llegar al Hospital Evita de Lan\u00fas falleci\u00f3 de un paro cardiorrespiratorio.<\/p>\n\n\n\n<p>La causa est\u00e1 a cargo de la fiscal Silvia Bussano, de la Unidad Funcional de Instrucci\u00f3n 7 del departamento judicial de Lan\u00fas-Avellaneda.<\/p>\n","protected":false},"excerpt":{"rendered":"<p>&#8220;La tragedia que estremeci\u00f3 a la naci\u00f3n tras el fallecimiento de una ni\u00f1a de 11 a\u00f1os en la comunidad de Villa Diamante, Lan\u00fas, ha dado lugar a un avance en la investigaci\u00f3n con la identificaci\u00f3n de siete individuos relacionados con el incidente. De este grupo, dos estar\u00edan se\u00f1alados como los presuntos autores materiales del asesinato.&#8221; [&hellip;]<\/p>\n","protected":false},"author":21,"featured_media":40972,"comment_status":"open","ping_status":"open","sticky":false,"template":"","format":"standard","meta":{"_jetpack_memberships_contains_paid_content":false,"footnotes":""},"categories":[7665],"tags":[8293,6771,8294,8289,5636,8290,8291,8292],"class_list":{"0":"post-40971","1":"post","2":"type-post","3":"status-publish","4":"format-standard","5":"has-post-thumbnail","7":"category-policiales-nacionales","8":"tag-atrapados","9":"tag-captura","10":"tag-hermanastros","11":"tag-homicidio-de-morena","12":"tag-lanus-3","13":"tag-morena-domiguez","14":"tag-motochorros-capturados","15":"tag-responsables-del-homicidio"},"jetpack_featured_media_url":"https:\/\/i0.wp.com\/denoticiasonline.com\/wp-content\/uploads\/2023\/08\/Captura-de-pantalla-2023-08-10-101025.webp?fit=696%2C465&ssl=1","jetpack_sharing_enabled":true,"_links":{"self":[{"href":"https:\/\/denoticiasonline.com\/index.php\/wp-json\/wp\/v2\/posts\/40971","targetHints":{"allow":["GET"]}}],"collection":[{"href":"https:\/\/denoticiasonline.com\/index.php\/wp-json\/wp\/v2\/posts"}],"about":[{"href":"https:\/\/denoticiasonline.com\/index.php\/wp-json\/wp\/v2\/types\/post"}],"author":[{"embeddable":true,"href":"https:\/\/denoticiasonline.com\/index.php\/wp-json\/wp\/v2\/users\/21"}],"replies":[{"embeddable":true,"href":"https:\/\/denoticiasonline.com\/index.php\/wp-json\/wp\/v2\/comments?post=40971"}],"version-history":[{"count":1,"href":"https:\/\/denoticiasonline.com\/index.php\/wp-json\/wp\/v2\/posts\/40971\/revisions"}],"predecessor-version":[{"id":40973,"href":"https:\/\/denoticiasonline.com\/index.php\/wp-json\/wp\/v2\/posts\/40971\/revisions\/40973"}],"wp:featuredmedia":[{"embeddable":true,"href":"https:\/\/denoticiasonline.com\/index.php\/wp-json\/wp\/v2\/media\/40972"}],"wp:attachment":[{"href":"https:\/\/denoticiasonline.com\/index.php\/wp-json\/wp\/v2\/media?parent=40971"}],"wp:term":[{"taxonomy":"category","embeddable":true,"href":"https:\/\/denoticiasonline.com\/index.php\/wp-json\/wp\/v2\/categories?post=40971"},{"taxonomy":"post_tag","embeddable":true,"href":"https:\/\/denoticiasonline.com\/index.php\/wp-json\/wp\/v2\/tags?post=40971"}],"curies":[{"name":"wp","href":"https:\/\/api.w.org\/{rel}","templated":true}]}}