{"id":40316,"date":"2023-07-14T18:51:47","date_gmt":"2023-07-14T18:51:47","guid":{"rendered":"http:\/\/denoticiasonline.com\/?p=40316"},"modified":"2023-07-14T18:51:48","modified_gmt":"2023-07-14T18:51:48","slug":"se-llevo-a-cabo-un-encuentro-vocacional-en-la-uno","status":"publish","type":"post","link":"https:\/\/denoticiasonline.com\/index.php\/2023\/07\/14\/se-llevo-a-cabo-un-encuentro-vocacional-en-la-uno\/","title":{"rendered":"SE LLEV\u00d3 A CABO UN ENCUENTRO VOCACIONAL EN LA UNO"},"content":{"rendered":"\n<p><strong>En el Campus de la Universidad Nacional del Oeste se llev\u00f3 a cabo una charla informativa que reuni\u00f3 a m\u00e1s de 500 alumnos y egresados del Plan FinEs. Durante este encuentro, se proporcion\u00f3 valiosa informaci\u00f3n acerca de la amplia oferta acad\u00e9mica disponible.<\/strong><\/p>\n\n\n\n<p>En el acto estuvieron presentes Karina y Gustavo Men\u00e9ndez, donde hubo m\u00e1s de 500 alumnos y egresados del Plan FinEs, se realiz\u00f3 una charla informativa en el Campus de la Universidad Nacional del Oeste. All\u00ed, bajo el nombre de \u201cEncuentro de Orientaci\u00f3n Vocacional: la educaci\u00f3n superior, un derecho de j\u00f3venes y adultos\u201d, se convers\u00f3 sobre la oferta acad\u00e9mica que brinda la instituci\u00f3n.<\/p>\n\n\n\n<p>Cabe remarcar que la jornada cont\u00f3 con la presencia de docentes, alumnos, junto a distintas autoridades educativas y municipales, como el Secretario de Desarrollo e Integraci\u00f3n Social Lucas Scarcella y la Subdirectora de Pol\u00edticas Socio-Educativas, Cecilia Riegui.<\/p>\n\n\n\n<figure class=\"wp-block-image\"><img data-recalc-dims=\"1\" decoding=\"async\" src=\"https:\/\/i0.wp.com\/notioeste.com\/wp-content\/uploads\/2023\/07\/fines-en-el-campus-10.jpg?w=696&#038;ssl=1\" alt=\"\" class=\"wp-image-71708\"\/><\/figure>\n\n\n\n<p>Gustavo Men\u00e9ndez sostuvo que apuestan \u201ca la educaci\u00f3n p\u00fablica en todas sus formas, porque iguala y contribuye a la Argentina que queremos construir\u201d. Adem\u00e1s, remarc\u00f3 que \u201cpretendemos incentivar a todos los chicos que viven en nuestros barrios a pasar por la Universidad Nacional del Oeste\u201d.<\/p>\n\n\n\n<p>Por su parte, la Secretaria de Educaci\u00f3n, Deportes y Recreaci\u00f3n, Silvana Zahana, afirm\u00f3 que \u201cesta propuesta es para que los alumnos de FinEs puedan saber que las universidades no son algo inalcanzable, sino un espacio de formaci\u00f3n y de elecci\u00f3n de vida\u201d.<\/p>\n\n\n\n<p>Otra de las personalidades que tom\u00f3 la palabra fue el Rector de la UNO, Roberto Gallo, que agraci\u00f3 a la Intendencia Men\u00e9ndez por \u201cgenerar pol\u00edticas p\u00fablicas educativas de inclusi\u00f3n, que se suman a programas nacionales y provinciales\u201d.<\/p>\n","protected":false},"excerpt":{"rendered":"<p>En el Campus de la Universidad Nacional del Oeste se llev\u00f3 a cabo una charla informativa que reuni\u00f3 a m\u00e1s de 500 alumnos y egresados del Plan FinEs. Durante este encuentro, se proporcion\u00f3 valiosa informaci\u00f3n acerca de la amplia oferta acad\u00e9mica disponible. En el acto estuvieron presentes Karina y Gustavo Men\u00e9ndez, donde hubo m\u00e1s de [&hellip;]<\/p>\n","protected":false},"author":21,"featured_media":40317,"comment_status":"open","ping_status":"open","sticky":false,"template":"","format":"standard","meta":{"_jetpack_memberships_contains_paid_content":false,"footnotes":""},"categories":[33],"tags":[518,4458,107,3587,649,1282,58,1365,434,1136],"class_list":{"0":"post-40316","1":"post","2":"type-post","3":"status-publish","4":"format-standard","5":"has-post-thumbnail","7":"category-economia-merlo","8":"tag-educacion","9":"tag-fines","10":"tag-gustavo-menendez","11":"tag-intendencia-menendez","12":"tag-karina-menendez","13":"tag-lucas-scarcella","14":"tag-merlo","15":"tag-municipio-de-merlo","16":"tag-sociedad","17":"tag-uno"},"jetpack_featured_media_url":"https:\/\/i0.wp.com\/denoticiasonline.com\/wp-content\/uploads\/2023\/07\/fines-en-el-campus-2.jpg?fit=1000%2C563&ssl=1","jetpack_sharing_enabled":true,"_links":{"self":[{"href":"https:\/\/denoticiasonline.com\/index.php\/wp-json\/wp\/v2\/posts\/40316","targetHints":{"allow":["GET"]}}],"collection":[{"href":"https:\/\/denoticiasonline.com\/index.php\/wp-json\/wp\/v2\/posts"}],"about":[{"href":"https:\/\/denoticiasonline.com\/index.php\/wp-json\/wp\/v2\/types\/post"}],"author":[{"embeddable":true,"href":"https:\/\/denoticiasonline.com\/index.php\/wp-json\/wp\/v2\/users\/21"}],"replies":[{"embeddable":true,"href":"https:\/\/denoticiasonline.com\/index.php\/wp-json\/wp\/v2\/comments?post=40316"}],"version-history":[{"count":1,"href":"https:\/\/denoticiasonline.com\/index.php\/wp-json\/wp\/v2\/posts\/40316\/revisions"}],"predecessor-version":[{"id":40319,"href":"https:\/\/denoticiasonline.com\/index.php\/wp-json\/wp\/v2\/posts\/40316\/revisions\/40319"}],"wp:featuredmedia":[{"embeddable":true,"href":"https:\/\/denoticiasonline.com\/index.php\/wp-json\/wp\/v2\/media\/40317"}],"wp:attachment":[{"href":"https:\/\/denoticiasonline.com\/index.php\/wp-json\/wp\/v2\/media?parent=40316"}],"wp:term":[{"taxonomy":"category","embeddable":true,"href":"https:\/\/denoticiasonline.com\/index.php\/wp-json\/wp\/v2\/categories?post=40316"},{"taxonomy":"post_tag","embeddable":true,"href":"https:\/\/denoticiasonline.com\/index.php\/wp-json\/wp\/v2\/tags?post=40316"}],"curies":[{"name":"wp","href":"https:\/\/api.w.org\/{rel}","templated":true}]}}