{"id":39583,"date":"2023-06-15T13:26:31","date_gmt":"2023-06-15T13:26:31","guid":{"rendered":"http:\/\/denoticiasonline.com\/?p=39583"},"modified":"2023-06-15T13:26:35","modified_gmt":"2023-06-15T13:26:35","slug":"10-anos-del-descenso-a-la-b-nacional-de-independiente","status":"publish","type":"post","link":"https:\/\/denoticiasonline.com\/index.php\/2023\/06\/15\/10-anos-del-descenso-a-la-b-nacional-de-independiente\/","title":{"rendered":"10 A\u00d1OS DEL DESCENSO A LA B NACIONAL DE INDEPENDIENTE"},"content":{"rendered":"\n<p class=\"wp-block-paragraph\"><strong>Independiente atraves\u00f3 uno de los momentos mas dolorosos de su historia ,un 15 de junio pero de 2013, luego de perder con San Lorenzo y descender a la B Nacional. <\/strong><\/p>\n\n\n\n<p class=\"wp-block-paragraph\">Una d\u00e9cada pas\u00f3 del&nbsp;<strong>descenso de<\/strong>&nbsp;<strong>Independiente: con Miguel Brindisi como t\u00e9cnico, H\u00e9ctor Cantero como presidente, el Rojo perdi\u00f3 la categor\u00eda, en lo que fue un final casi anunciado.&nbsp;<\/strong>Los p\u00e9simos manejos econ\u00f3micos, refuerzos que no estuvieron a la altura del club, y un clima tenso desde lo pol\u00edtico, el Diablo no pudo con la presi\u00f3n y perdi\u00f3 la categor\u00eda. Lejos de pasar el mal trago, el presente institucional sigue siendo similar.<\/p>\n\n\n\n<p class=\"wp-block-paragraph\">La derrota de&nbsp;<strong>Independiente&nbsp;<\/strong>ante San Lorenzo fue simplemente<strong>&nbsp;la gota que rebals\u00f3 el vaso<\/strong>: hace varios a\u00f1os que el Rojo atravesaba un mal momento institucional. El estadio Libertadores de Am\u00e9rica fue el escenario de un quiebre para todos los hinchas presentes: un antes y despu\u00e9s.<\/p>\n\n\n\n<p class=\"wp-block-paragraph\">Los problemas de\u00a0<strong>Independiente\u00a0<\/strong>en el descenso, comienzan, quiz\u00e1s, desde la presidencia de Julio Comparada. Luego de la venta de Sergio Ag\u00fcero y Oscar Ustari, el Rojo comenz\u00f3 con la renovaci\u00f3n de su estadio: demoli\u00f3 la Doble Visera y construy\u00f3 el Libertadores de Am\u00e9rica. Sin embargo,<strong>\u00a0las obras tardaron m\u00e1s de lo pautado y el nivel deportivo comenz\u00f3 a mermar<\/strong>.<\/p>\n\n\n\n<figure class=\"wp-block-image size-full\"><img data-recalc-dims=\"1\" loading=\"lazy\" decoding=\"async\" width=\"696\" height=\"462\" src=\"https:\/\/i0.wp.com\/denoticiasonline.com\/wp-content\/uploads\/2023\/06\/image-27.png?resize=696%2C462\" alt=\"\" class=\"wp-image-39584\" srcset=\"https:\/\/i0.wp.com\/denoticiasonline.com\/wp-content\/uploads\/2023\/06\/image-27.png?w=696&amp;ssl=1 696w, https:\/\/i0.wp.com\/denoticiasonline.com\/wp-content\/uploads\/2023\/06\/image-27.png?resize=300%2C199&amp;ssl=1 300w, https:\/\/i0.wp.com\/denoticiasonline.com\/wp-content\/uploads\/2023\/06\/image-27.png?resize=150%2C100&amp;ssl=1 150w, https:\/\/i0.wp.com\/denoticiasonline.com\/wp-content\/uploads\/2023\/06\/image-27.png?resize=633%2C420&amp;ssl=1 633w\" sizes=\"auto, (max-width: 696px) 100vw, 696px\" \/><\/figure>\n\n\n\n<p class=\"wp-block-paragraph\">Pese a la primavera que signific\u00f3<strong>&nbsp;ganar la Copa Sudamericana, por penales 5-3, ante el Goi\u00e1s, que hab\u00eda tenido una floja campa\u00f1a en el Brasileirao y descendi\u00f3 a la segunda divisi\u00f3n<\/strong>,&nbsp;<strong>Independiente&nbsp;<\/strong>se ahogaba en flojas campa\u00f1as en el torneo local: salvo un cuarto lugar en el Apertura 2009 y Clausura 2010, el Rojo no consegu\u00eda pelear alg\u00fan torneo y, de a poco, comenz\u00f3 a complicarse con los promedios.<\/p>\n\n\n\n<p class=\"wp-block-paragraph\">La floja campa\u00f1a de Mohamed en el Apertura 2011, decret\u00f3 en la salida del turco en la direcci\u00f3n t\u00e9cnica y<strong>\u00a0Ram\u00f3n D\u00edaz asumi\u00f3 para cambiar el rumbo deportivo del Rey de Copas<\/strong>. Sin embargo, y a pesar de que el Pelado tuvo un irregular andar con\u00a0<strong>Independiente<\/strong>, donde sum\u00f3 7 victorias, 6 empates y 6 derrotas, su contrato se vio interrumpido luego de perder cuatro partidos seguidos en el Clausura 2012.<\/p>\n\n\n\n<figure class=\"wp-block-embed is-type-video is-provider-youtube wp-block-embed-youtube wp-embed-aspect-16-9 wp-has-aspect-ratio\"><div class=\"wp-block-embed__wrapper\">\n<iframe loading=\"lazy\" title=\"Boca Juniors 4 Independiente 5 Relato Mariano Closs HD\" width=\"696\" height=\"392\" src=\"https:\/\/www.youtube.com\/embed\/yQLF76llOoY?feature=oembed\" frameborder=\"0\" allow=\"accelerometer; autoplay; clipboard-write; encrypted-media; gyroscope; picture-in-picture; web-share\" allowfullscreen><\/iframe>\n<\/div><\/figure>\n\n\n\n<p class=\"wp-block-paragraph\"><strong>Cristian D\u00edaz fue designado como entrenador interino, pero el ag\u00f3nico triunfo del Rojo por 5-4 ante Boca<\/strong>, signific\u00f3 una nueva posibilidad para un jugador hist\u00f3rico del club; no obstante, una campa\u00f1a floja en el Clausura 2012, y un p\u00e9simo arranque en el Inicial del mismo a\u00f1o, donde perdi\u00f3 el cl\u00e1sico ante Racing por 2-0, signific\u00f3 la salida del entrenador y Am\u00e9rico Rub\u00e9n Gallego lleg\u00f3 al club.<\/p>\n\n\n\n<p class=\"wp-block-paragraph\">El Tolo, lejos de comprender el problema deportivo de Independiente, lleg\u00f3 con la promesa de \u201cpelear el campeonato\u201d; muy lejos estuvo: tan solo sum\u00f3 3 victorias, 8 empates y 8 derrotas,<strong>&nbsp;por lo que el promedio del Rojo qued\u00f3 en 1,126, que lo llev\u00f3 a estar en zona de descenso directo para el comienzo del Final 2013<\/strong>. Ante esto, Daniel \u201cel Rolfi\u201d Montenegro fue uno de los pocos que regres\u00f3 al club para dar una mano y salir del mal momento.<\/p>\n\n\n\n<p class=\"wp-block-paragraph\">Gallego sigui\u00f3 en el cargo, pero el equipo no funcion\u00f3: salvo un doble triunfo seguido, ante V\u00e9lez y Racing, el Rey de Copas estuvo seis partidos sin ganar y el promedio lo complicaba cada vez m\u00e1s. Luego del 1-1 ante Uni\u00f3n,&nbsp;<strong>el Tolo se fue y Miguel Brindisi tom\u00f3 el mando del equipo: iba a tratar de apagar el incendio, con un balde de agua<\/strong>.<\/p>\n\n\n\n<p class=\"wp-block-paragraph\">Pese a una derrota con Atl\u00e9tico Rafaela, Independiente sum\u00f3 10 sobre 12 puntos y comenz\u00f3 una leve esperanza para quedarse en Primera. Sin embargo, empat\u00f3 ante Belgrano y Estudiantes, mientras que San Mart\u00edn de San Juan y Argentinos Juniors ganaban partidos ag\u00f3nicos.<strong>\u00a0La derrota ante River por 2-1 en el Monumental, catapult\u00f3 al Rey de Copas a estar en una situaci\u00f3n cr\u00edtica<\/strong>.<\/p>\n\n\n\n<figure class=\"wp-block-embed is-type-video is-provider-youtube wp-block-embed-youtube wp-embed-aspect-16-9 wp-has-aspect-ratio\"><div class=\"wp-block-embed__wrapper\">\n<iframe loading=\"lazy\" title=\"Independiente vs San Lorenzo -  Fecha 18 -  Torneo Final 2013\" width=\"696\" height=\"392\" src=\"https:\/\/www.youtube.com\/embed\/M0m_AKS3qbI?feature=oembed\" frameborder=\"0\" allow=\"accelerometer; autoplay; clipboard-write; encrypted-media; gyroscope; picture-in-picture; web-share\" allowfullscreen><\/iframe>\n<\/div><\/figure>\n\n\n\n<p class=\"wp-block-paragraph\">Con todo el panorama en su contra, Independiente recibi\u00f3 a San Lorenzo con una obligaci\u00f3n: ganar y esperar a ver qu\u00e9 suced\u00eda en otras canchas. Sin embargo, el clima tenso, las presi\u00f3n y el enojo de los hinchas, termin\u00f3 con lo peor: con gol de \u00c1ngel Correa, el Cicl\u00f3n gan\u00f3 1-0 y mand\u00f3<strong>&nbsp;al descenso a Independiente<\/strong>.<\/p>\n\n\n\n<p class=\"wp-block-paragraph\">Luego, con Omar De Felipe como t\u00e9cnico, Independiente logr\u00f3 la vuelta a Primera. Pese a conseguir la Copa Sudamericana del 2017, el Rojo no volvi\u00f3 a estar en los primeros planos y, con una situaci\u00f3n deportiva y&nbsp;<a href=\"https:\/\/tn.com.ar\/deportes\/futbol\/2023\/04\/11\/por-que-renuncio-fabian-doman-como-presidente-de-independiente\/?gclid=EAIaIQobChMI7pqUrKrF_wIVii3UAR2g5weeEAAYASAAEgJCc_D_BwE\">pol\u00edtica cr\u00edtica<\/a>,&nbsp;<strong>Ricardo Zielinski lleg\u00f3 como bombero, al igual que Brindisi<\/strong>, para evitar que el Rey de Copas vuelva a descender a la Primera Nacional.<\/p>\n","protected":false},"excerpt":{"rendered":"<p>Independiente atraves\u00f3 uno de los momentos mas dolorosos de su historia ,un 15 de junio pero de 2013, luego de perder con San Lorenzo y descender a la B Nacional. Una d\u00e9cada pas\u00f3 del&nbsp;descenso de&nbsp;Independiente: con Miguel Brindisi como t\u00e9cnico, H\u00e9ctor Cantero como presidente, el Rojo perdi\u00f3 la categor\u00eda, en lo que fue un final [&hellip;]<\/p>\n","protected":false},"author":21,"featured_media":39585,"comment_status":"open","ping_status":"open","sticky":false,"template":"","format":"standard","meta":{"_jetpack_memberships_contains_paid_content":false,"footnotes":""},"categories":[37],"tags":[3623,7621,270,4275,38],"class_list":["post-39583","post","type-post","status-publish","format-standard","has-post-thumbnail","hentry","category-deportes-merlo","tag-10-anos","tag-b-nacional","tag-deportes","tag-descenso","tag-independiente"],"jetpack_featured_media_url":"https:\/\/i0.wp.com\/denoticiasonline.com\/wp-content\/uploads\/2023\/06\/0615-independiente-g2.jpg?fit=728%2C500&ssl=1","jetpack_sharing_enabled":true,"_links":{"self":[{"href":"https:\/\/denoticiasonline.com\/index.php\/wp-json\/wp\/v2\/posts\/39583","targetHints":{"allow":["GET"]}}],"collection":[{"href":"https:\/\/denoticiasonline.com\/index.php\/wp-json\/wp\/v2\/posts"}],"about":[{"href":"https:\/\/denoticiasonline.com\/index.php\/wp-json\/wp\/v2\/types\/post"}],"author":[{"embeddable":true,"href":"https:\/\/denoticiasonline.com\/index.php\/wp-json\/wp\/v2\/users\/21"}],"replies":[{"embeddable":true,"href":"https:\/\/denoticiasonline.com\/index.php\/wp-json\/wp\/v2\/comments?post=39583"}],"version-history":[{"count":1,"href":"https:\/\/denoticiasonline.com\/index.php\/wp-json\/wp\/v2\/posts\/39583\/revisions"}],"predecessor-version":[{"id":39586,"href":"https:\/\/denoticiasonline.com\/index.php\/wp-json\/wp\/v2\/posts\/39583\/revisions\/39586"}],"wp:featuredmedia":[{"embeddable":true,"href":"https:\/\/denoticiasonline.com\/index.php\/wp-json\/wp\/v2\/media\/39585"}],"wp:attachment":[{"href":"https:\/\/denoticiasonline.com\/index.php\/wp-json\/wp\/v2\/media?parent=39583"}],"wp:term":[{"taxonomy":"category","embeddable":true,"href":"https:\/\/denoticiasonline.com\/index.php\/wp-json\/wp\/v2\/categories?post=39583"},{"taxonomy":"post_tag","embeddable":true,"href":"https:\/\/denoticiasonline.com\/index.php\/wp-json\/wp\/v2\/tags?post=39583"}],"curies":[{"name":"wp","href":"https:\/\/api.w.org\/{rel}","templated":true}]}}