{"id":39579,"date":"2023-06-15T12:53:14","date_gmt":"2023-06-15T12:53:14","guid":{"rendered":"http:\/\/denoticiasonline.com\/?p=39579"},"modified":"2023-06-15T12:53:18","modified_gmt":"2023-06-15T12:53:18","slug":"cristins-fernandez-estara-presente-en-rio-gallegos","status":"publish","type":"post","link":"https:\/\/denoticiasonline.com\/index.php\/2023\/06\/15\/cristins-fernandez-estara-presente-en-rio-gallegos\/","title":{"rendered":"CRISTINS FERN\u00c1NDEZ ESTAR\u00c1 PRESENTE EN R\u00cdO GALLEGOS"},"content":{"rendered":"\n<p class=\"wp-block-paragraph\"><strong>Este jueves en R\u00edo Gallegos, Santa Cruz, desde las 18hs la vicepresidenta de la Naci\u00f3n, hablar\u00e1 y participar\u00e1 de la inauguraci\u00f3n de la ampliaci\u00f3n del Hospital Regional donde ser\u00e1 la oradora principal. <\/strong><\/p>\n\n\n\n<p class=\"wp-block-paragraph\">El cierre de listas de este mi\u00e9rcoles trajo, como principal cambio, el renombre del Frente de Todos:&nbsp;<strong>el bloque oficialista competir\u00e1, en las elecciones de este 2023, bajo el sello de Uni\u00f3n por la Patria<\/strong>. Ante esto, y con el nuevo nombre ya enlistado,&nbsp;<strong>Cristina Fern\u00e1ndez de Kirchner encabezar\u00e1 un acto en R\u00edo Gallegos<\/strong>, provincia de Santa Cruz.<\/p>\n\n\n\n<p class=\"wp-block-paragraph\">La vicepresidenta de la Naci\u00f3n participar\u00e1 en la inauguraci\u00f3n de la ampliaci\u00f3n del Hospital Regional de R\u00edo Gallegos, una de las obras emblem\u00e1ticas del kirchnerismo, desde que N\u00e9stor Kirchner fue gobernador<strong>. El acto est\u00e1 pautado para que comience a las 18, y estar\u00e1n presentes Alicia Kirchner<\/strong>, gobernadora de la provincia<strong>, y Gabriel Katopodis<\/strong>, ministro de Obras P\u00fablicas de la Naci\u00f3n.<\/p>\n\n\n\n<p class=\"wp-block-paragraph\">Sin embargo, la inauguraci\u00f3n en s\u00ed de la obra pasar\u00eda a un segundo plano:<strong>\u00a0hay una gran expectativa sobre lo que puede llegar a decir Cristina sobre la nueva alianza electoral de Uni\u00f3n por la Patria<\/strong>. A su vez, en el correr de las \u00faltimas horas, volvi\u00f3 a aparecer un rumor de que la vicepresidenta participar\u00e1 de las Elecciones 2023, por m\u00e1s que haya dicho en m\u00e1s de una oportunidad que no lo har\u00e1.<\/p>\n\n\n\n<figure class=\"wp-block-image size-full\"><img data-recalc-dims=\"1\" loading=\"lazy\" decoding=\"async\" width=\"655\" height=\"368\" src=\"https:\/\/i0.wp.com\/denoticiasonline.com\/wp-content\/uploads\/2023\/06\/image-26.png?resize=655%2C368\" alt=\"\" class=\"wp-image-39581\" srcset=\"https:\/\/i0.wp.com\/denoticiasonline.com\/wp-content\/uploads\/2023\/06\/image-26.png?w=655&amp;ssl=1 655w, https:\/\/i0.wp.com\/denoticiasonline.com\/wp-content\/uploads\/2023\/06\/image-26.png?resize=300%2C169&amp;ssl=1 300w, https:\/\/i0.wp.com\/denoticiasonline.com\/wp-content\/uploads\/2023\/06\/image-26.png?resize=150%2C84&amp;ssl=1 150w\" sizes=\"auto, (max-width: 655px) 100vw, 655px\" \/><\/figure>\n\n\n\n<p class=\"wp-block-paragraph\">Por su parte,<a href=\"http:\/\/noticiastres.com\/index.php\/2023\/06\/15\/wado-encabeza-el-primer-acto-de-union-por-la-patria\/\">\u00a0el primer acto formal de Uni\u00f3n por la Patria lo llevar\u00e1 adelante Wado de Pedro<\/a>: el ministro del Interior estar\u00e1 presente este jueves, desde las 16, en Mor\u00f3n para participar\u00e1n de la entrega de maquinaria y equipamiento en la Reserva Urbana Natural, en Castelar Sur, partido de Mor\u00f3n.<\/p>\n","protected":false},"excerpt":{"rendered":"<p>Este jueves en R\u00edo Gallegos, Santa Cruz, desde las 18hs la vicepresidenta de la Naci\u00f3n, hablar\u00e1 y participar\u00e1 de la inauguraci\u00f3n de la ampliaci\u00f3n del Hospital Regional donde ser\u00e1 la oradora principal. El cierre de listas de este mi\u00e9rcoles trajo, como principal cambio, el renombre del Frente de Todos:&nbsp;el bloque oficialista competir\u00e1, en las elecciones [&hellip;]<\/p>\n","protected":false},"author":21,"featured_media":39580,"comment_status":"open","ping_status":"open","sticky":false,"template":"","format":"standard","meta":{"_jetpack_memberships_contains_paid_content":false,"footnotes":""},"categories":[16],"tags":[621,3674,750,451,7620,5166,7619,3600],"class_list":["post-39579","post","type-post","status-publish","format-standard","has-post-thumbnail","hentry","category-politica-merlo","tag-argentina","tag-cristina-fernandez-de-kirchner","tag-frente-de-todos","tag-politica-3","tag-rio-gallegos","tag-santa-cruz","tag-union-por-la-patria","tag-wado-de-pedro"],"jetpack_featured_media_url":"https:\/\/i0.wp.com\/denoticiasonline.com\/wp-content\/uploads\/2023\/06\/photo_2023-05-16-17.19.13-530x383-1.jpeg?fit=530%2C383&ssl=1","jetpack_sharing_enabled":true,"_links":{"self":[{"href":"https:\/\/denoticiasonline.com\/index.php\/wp-json\/wp\/v2\/posts\/39579","targetHints":{"allow":["GET"]}}],"collection":[{"href":"https:\/\/denoticiasonline.com\/index.php\/wp-json\/wp\/v2\/posts"}],"about":[{"href":"https:\/\/denoticiasonline.com\/index.php\/wp-json\/wp\/v2\/types\/post"}],"author":[{"embeddable":true,"href":"https:\/\/denoticiasonline.com\/index.php\/wp-json\/wp\/v2\/users\/21"}],"replies":[{"embeddable":true,"href":"https:\/\/denoticiasonline.com\/index.php\/wp-json\/wp\/v2\/comments?post=39579"}],"version-history":[{"count":1,"href":"https:\/\/denoticiasonline.com\/index.php\/wp-json\/wp\/v2\/posts\/39579\/revisions"}],"predecessor-version":[{"id":39582,"href":"https:\/\/denoticiasonline.com\/index.php\/wp-json\/wp\/v2\/posts\/39579\/revisions\/39582"}],"wp:featuredmedia":[{"embeddable":true,"href":"https:\/\/denoticiasonline.com\/index.php\/wp-json\/wp\/v2\/media\/39580"}],"wp:attachment":[{"href":"https:\/\/denoticiasonline.com\/index.php\/wp-json\/wp\/v2\/media?parent=39579"}],"wp:term":[{"taxonomy":"category","embeddable":true,"href":"https:\/\/denoticiasonline.com\/index.php\/wp-json\/wp\/v2\/categories?post=39579"},{"taxonomy":"post_tag","embeddable":true,"href":"https:\/\/denoticiasonline.com\/index.php\/wp-json\/wp\/v2\/tags?post=39579"}],"curies":[{"name":"wp","href":"https:\/\/api.w.org\/{rel}","templated":true}]}}