{"id":39576,"date":"2023-06-15T12:44:38","date_gmt":"2023-06-15T12:44:38","guid":{"rendered":"http:\/\/denoticiasonline.com\/?p=39576"},"modified":"2023-06-15T12:44:44","modified_gmt":"2023-06-15T12:44:44","slug":"messi-estara-presente-en-el-partido-de-despedida-a-riquelme","status":"publish","type":"post","link":"https:\/\/denoticiasonline.com\/index.php\/2023\/06\/15\/messi-estara-presente-en-el-partido-de-despedida-a-riquelme\/","title":{"rendered":"MESSI ESTAR\u00c1 PRESENTE EN EL PARTIDO DE DESPEDIDA A RIQUELME"},"content":{"rendered":"\n<p class=\"wp-block-paragraph\"><strong>Rom\u00e1n Riquelme anunci\u00f3 la fecha de su partido de despedida, se realizar\u00e1 el pr\u00f3ximo 25 de junio en el estadio de La Bombonera. Tambi\u00e9n adelant\u00f3 que Lionel Messi estar\u00e1 presente. <\/strong><\/p>\n\n\n\n<p class=\"wp-block-paragraph\">Sin ponerle suspenso, el vicepresidente de Boca Juniors, respondi\u00f3 la pregunta que todos quer\u00edan saber,&nbsp;<strong>\u201c<em>Messi va a estar\u201d<\/em><\/strong><em>, &nbsp;<\/em>indic\u00f3 para que la sala se llenara de aplausos por los periodistas partidarios de club<em>.&nbsp;<\/em>Y continuo:<em>&nbsp;\u201cPara m\u00ed tambi\u00e9n es un sue\u00f1o, el jugador m\u00e1s grande de todos los tiempos para muchos. Tuve la suerte de ver a Maradona y a \u00e9l, y ser compa\u00f1ero de los dos. Seguro que la va a pasar bien, va estar en el estadio m\u00e1s lindo del mundo, con la hinchada m\u00e1s linda del mundo\u2026 Ser\u00e1 maravilloso\u00bb<\/em>.<\/p>\n\n\n\n<p class=\"wp-block-paragraph\">Luego de confirmar la presentaci\u00f3n de astro de f\u00fatbol mundial, el \u201c10\u201d bostero dejo las puertas abiertas para que&nbsp;<strong>Carlos Bianchi<\/strong>&nbsp;tambi\u00e9n este presente.&nbsp;<em>\u00abCarlos es m\u00e1s que un entrenador para m\u00ed, es el t\u00e9cnico m\u00e1s grande de la historia de nuestro club. Nos ense\u00f1\u00f3 a competir, a so\u00f1ar y ha hecho que nuestro equipo le pueda dar alegr\u00eda a nuestros hinchas\u201d. Adem\u00e1s sostuvo \u201c\u00c9l tiene la culpa de que los hinchas exijan la Copa Libertadores. Es una maravilla para m\u00ed sentirlo de mi familia, ya volvi\u00f3 de Francia para estar en ese partido y estar\u00e1 en la cancha\u00bb<\/em>.<\/p>\n\n\n\n<p class=\"wp-block-paragraph\">A su vez, confes\u00f3 que otro de los DT que habria invitado era Alfio Basile, pero brome\u00f3 al decir que no tuvo respuesta.&nbsp;<em>\u00abA Coco (Basile) lo estoy llamando y no lo encuentro. Esperemos encontrarlo antes del 25\u00bb<\/em>&nbsp;afirm\u00f3 entre risas.<\/p>\n\n\n\n<p class=\"wp-block-paragraph\">Por otro lado, se coment\u00f3 la coincidencia de las fechas de la despedida de Maxi Rodr\u00edguez y el mismo Riquelme, donde confirm\u00f3 que no estar\u00e1 en la despedida de la fiera ya que es su cumplea\u00f1os. \u201c<em>se me complica estar ese d\u00eda porque es mi cumplea\u00f1os y siempre se festeja en Don Torcuato.&nbsp;Me da un poco de tristeza, ojal\u00e1 \u00e9l al otro d\u00eda pueda estar ac\u00e1\u00bb, manifest\u00f3<\/em>.<\/p>\n\n\n\n<p class=\"wp-block-paragraph\">Si bien no se confirm\u00f3 la lista completa de los jugadores que asistir\u00e1n, desde la instituci\u00f3n afirman que en los pr\u00f3ximos d\u00edas, el club mostrar\u00e1 la lista completa a partir de las confirmaci\u00f3n de los invitados del partido que integrar\u00e1n el Boca vs. Selecci\u00f3n Argentina en la despedida de Riquelme.<\/p>\n","protected":false},"excerpt":{"rendered":"<p>Rom\u00e1n Riquelme anunci\u00f3 la fecha de su partido de despedida, se realizar\u00e1 el pr\u00f3ximo 25 de junio en el estadio de La Bombonera. Tambi\u00e9n adelant\u00f3 que Lionel Messi estar\u00e1 presente. Sin ponerle suspenso, el vicepresidente de Boca Juniors, respondi\u00f3 la pregunta que todos quer\u00edan saber,&nbsp;\u201cMessi va a estar\u201d, &nbsp;indic\u00f3 para que la sala se llenara [&hellip;]<\/p>\n","protected":false},"author":21,"featured_media":39577,"comment_status":"open","ping_status":"open","sticky":false,"template":"","format":"standard","meta":{"_jetpack_memberships_contains_paid_content":false,"footnotes":""},"categories":[37],"tags":[270,6348,3919,160],"class_list":["post-39576","post","type-post","status-publish","format-standard","has-post-thumbnail","hentry","category-deportes-merlo","tag-deportes","tag-juan-roman-riquelme","tag-la-bombonera","tag-lionel-messi"],"jetpack_featured_media_url":"https:\/\/i0.wp.com\/denoticiasonline.com\/wp-content\/uploads\/2023\/06\/FynuND-WcAM5w8b.webp?fit=660%2C880&ssl=1","jetpack_sharing_enabled":true,"_links":{"self":[{"href":"https:\/\/denoticiasonline.com\/index.php\/wp-json\/wp\/v2\/posts\/39576","targetHints":{"allow":["GET"]}}],"collection":[{"href":"https:\/\/denoticiasonline.com\/index.php\/wp-json\/wp\/v2\/posts"}],"about":[{"href":"https:\/\/denoticiasonline.com\/index.php\/wp-json\/wp\/v2\/types\/post"}],"author":[{"embeddable":true,"href":"https:\/\/denoticiasonline.com\/index.php\/wp-json\/wp\/v2\/users\/21"}],"replies":[{"embeddable":true,"href":"https:\/\/denoticiasonline.com\/index.php\/wp-json\/wp\/v2\/comments?post=39576"}],"version-history":[{"count":1,"href":"https:\/\/denoticiasonline.com\/index.php\/wp-json\/wp\/v2\/posts\/39576\/revisions"}],"predecessor-version":[{"id":39578,"href":"https:\/\/denoticiasonline.com\/index.php\/wp-json\/wp\/v2\/posts\/39576\/revisions\/39578"}],"wp:featuredmedia":[{"embeddable":true,"href":"https:\/\/denoticiasonline.com\/index.php\/wp-json\/wp\/v2\/media\/39577"}],"wp:attachment":[{"href":"https:\/\/denoticiasonline.com\/index.php\/wp-json\/wp\/v2\/media?parent=39576"}],"wp:term":[{"taxonomy":"category","embeddable":true,"href":"https:\/\/denoticiasonline.com\/index.php\/wp-json\/wp\/v2\/categories?post=39576"},{"taxonomy":"post_tag","embeddable":true,"href":"https:\/\/denoticiasonline.com\/index.php\/wp-json\/wp\/v2\/tags?post=39576"}],"curies":[{"name":"wp","href":"https:\/\/api.w.org\/{rel}","templated":true}]}}