{"id":39572,"date":"2023-06-15T12:37:40","date_gmt":"2023-06-15T12:37:40","guid":{"rendered":"http:\/\/denoticiasonline.com\/?p=39572"},"modified":"2023-06-22T15:13:28","modified_gmt":"2023-06-22T15:13:28","slug":"primer-acto-de-union-por-la-patria","status":"publish","type":"post","link":"https:\/\/denoticiasonline.com\/index.php\/2023\/06\/15\/primer-acto-de-union-por-la-patria\/","title":{"rendered":"PRIMER ACTO DE UNI\u00d3N POR LA PATRIA"},"content":{"rendered":"\n<p class=\"wp-block-paragraph\"><strong>Este jueves se llevar\u00e1 a cabo el primer acto de Uni\u00f3n por la patria, donde se realizara en la Reserva Urbana perteneciente al Municipio de Mor\u00f3n y ser\u00e1 encabezado por el ministro del Interior, Wado de Pedro.<\/strong><\/p>\n\n\n\n<p class=\"wp-block-paragraph\">El cierre de listas tuvo como principal novedad el cambio de nombre para el \u201cFrente de Todos:&nbsp;<strong>el bloque oficialista fue renombrado como \u201cUni\u00f3n por la Patria\u201d, y ser\u00e1 el sello que tendr\u00e1 el Partido Justicialista para competir en las elecciones del 2023<\/strong>. Ante esto, uno de los posibles candidatos a presidente,<strong>&nbsp;Wado de Pedro, encabezar\u00e1 el primer acto del frente<\/strong>.<\/p>\n\n\n\n<p class=\"wp-block-paragraph\">Este jueves, desde las 16, e<strong>l ministro del Interior, junto a Mart\u00edn Insaurralde (jefe de Gabinete) y Lucas Ghi (intendente de Mor\u00f3n), visitar\u00e1 la Reserva Natural Urbana<\/strong>, ubicada en Castelar Sur. El acto contar\u00e1 con entrega de maquinaria y equipamiento, que fueron adquiridos a partir del programa Municipios de Pie.<\/p>\n\n\n\n<p class=\"wp-block-paragraph\">Sin embargo, no ser\u00e1 la \u00fanica actividad que tendr\u00e1n por delante: luego,&nbsp;<strong>ir\u00e1n para el Club Deportivo Mor\u00f3n<\/strong>, donde est\u00e1 pautado que se desarrolle el Plenario de la Militancia de Uni\u00f3n por la Patria. All\u00ed estar\u00e1n distintas organizaciones pol\u00edticas para estrenar el nuevo sello y&nbsp;<strong>contar\u00e1 con la presencia de Mart\u00edn Sabbatella<\/strong>, exintendente del Municipio, presidente del partido Nuevo Encuentro y, tambi\u00e9n, exdirector del AFSCA.<\/p>\n\n\n\n<figure class=\"wp-block-image size-full is-resized\"><img data-recalc-dims=\"1\" loading=\"lazy\" decoding=\"async\" src=\"https:\/\/i0.wp.com\/denoticiasonline.com\/wp-content\/uploads\/2023\/06\/image-25.png?resize=662%2C392\" alt=\"\" class=\"wp-image-39574\" width=\"662\" height=\"392\"\/><\/figure>\n\n\n\n<p class=\"wp-block-paragraph\">A su vez, tambi\u00e9n hay expectativa con lo que diga&nbsp;<strong>Cristina Fern\u00e1ndez de Kirchner<\/strong>: este jueves, d<strong>esde las 18, est\u00e1 pautado que, en R\u00edo Gallegos, la vicepresidenta hable en la inauguraci\u00f3n de la ampliaci\u00f3n del Hospital Regional de R\u00edo Gallegos<\/strong>. La exmandataria ser\u00e1 la oradora principal.<\/p>\n","protected":false},"excerpt":{"rendered":"<p>Este jueves se llevar\u00e1 a cabo el primer acto de Uni\u00f3n por la patria, donde se realizara en la Reserva Urbana perteneciente al Municipio de Mor\u00f3n y ser\u00e1 encabezado por el ministro del Interior, Wado de Pedro. El cierre de listas tuvo como principal novedad el cambio de nombre para el \u201cFrente de Todos:&nbsp;el bloque [&hellip;]<\/p>\n","protected":false},"author":21,"featured_media":39573,"comment_status":"open","ping_status":"open","sticky":false,"template":"","format":"standard","meta":{"_jetpack_memberships_contains_paid_content":false,"footnotes":""},"categories":[16],"tags":[3674,750,72,451,434,7619,3600],"class_list":["post-39572","post","type-post","status-publish","format-standard","has-post-thumbnail","hentry","category-politica-merlo","tag-cristina-fernandez-de-kirchner","tag-frente-de-todos","tag-moron","tag-politica-3","tag-sociedad","tag-union-por-la-patria","tag-wado-de-pedro"],"jetpack_featured_media_url":"https:\/\/i0.wp.com\/denoticiasonline.com\/wp-content\/uploads\/2023\/06\/wado-la-bancaria-2jpeg.webp?fit=655%2C368&ssl=1","jetpack_sharing_enabled":true,"_links":{"self":[{"href":"https:\/\/denoticiasonline.com\/index.php\/wp-json\/wp\/v2\/posts\/39572","targetHints":{"allow":["GET"]}}],"collection":[{"href":"https:\/\/denoticiasonline.com\/index.php\/wp-json\/wp\/v2\/posts"}],"about":[{"href":"https:\/\/denoticiasonline.com\/index.php\/wp-json\/wp\/v2\/types\/post"}],"author":[{"embeddable":true,"href":"https:\/\/denoticiasonline.com\/index.php\/wp-json\/wp\/v2\/users\/21"}],"replies":[{"embeddable":true,"href":"https:\/\/denoticiasonline.com\/index.php\/wp-json\/wp\/v2\/comments?post=39572"}],"version-history":[{"count":2,"href":"https:\/\/denoticiasonline.com\/index.php\/wp-json\/wp\/v2\/posts\/39572\/revisions"}],"predecessor-version":[{"id":39665,"href":"https:\/\/denoticiasonline.com\/index.php\/wp-json\/wp\/v2\/posts\/39572\/revisions\/39665"}],"wp:featuredmedia":[{"embeddable":true,"href":"https:\/\/denoticiasonline.com\/index.php\/wp-json\/wp\/v2\/media\/39573"}],"wp:attachment":[{"href":"https:\/\/denoticiasonline.com\/index.php\/wp-json\/wp\/v2\/media?parent=39572"}],"wp:term":[{"taxonomy":"category","embeddable":true,"href":"https:\/\/denoticiasonline.com\/index.php\/wp-json\/wp\/v2\/categories?post=39572"},{"taxonomy":"post_tag","embeddable":true,"href":"https:\/\/denoticiasonline.com\/index.php\/wp-json\/wp\/v2\/tags?post=39572"}],"curies":[{"name":"wp","href":"https:\/\/api.w.org\/{rel}","templated":true}]}}