{"id":39533,"date":"2023-06-14T12:58:27","date_gmt":"2023-06-14T12:58:27","guid":{"rendered":"http:\/\/denoticiasonline.com\/?p=39533"},"modified":"2023-06-22T16:55:12","modified_gmt":"2023-06-22T16:55:12","slug":"pedido-nacional-e-internacional-para-dos-hombres-acusados-del-asesinato-al-empresario","status":"publish","type":"post","link":"https:\/\/denoticiasonline.com\/index.php\/2023\/06\/14\/pedido-nacional-e-internacional-para-dos-hombres-acusados-del-asesinato-al-empresario\/","title":{"rendered":"PEDIDO NACIONAL E INTERNACIONAL PARA DOS HOMBRES ACUSADOS DEL ASESINATO AL EMPRESARIO"},"content":{"rendered":"\n<p><strong>Luego del violento hecho realizado en San Antonio de Padua, la Justicia orden\u00f3 el pedido de captura tanto nacional e internacional de los dos hombres acusados de ser los protagonistas. <\/strong><\/p>\n\n\n\n<p>La orden de b\u00fasqueda que lanz\u00f3 los fiscales Claudia Oviedo y Marisa Monti persigue la detenci\u00f3n de&nbsp;<strong>Gustavo Julio Alberto Mac Dougall (53)<\/strong>&nbsp;<strong>y&nbsp; Gustavo Dami\u00e1n Potenza (45)<\/strong>. Ambos son apuntados de haber protagonizado el asalto que deriv\u00f3 al asesinato del empresario&nbsp;<strong>Gabriel Izzo y el violento ataque a su esposa Silvia Pettinari en el partido de Merlo<\/strong>.<\/p>\n\n\n\n<p>Luego de un operativo donde se vigilaron las c\u00e1maras de seguridad de la zona, los investigadores dieron el posible refugio de los delincuentes, un pizzer\u00eda de la ciudad de Castelar Sur donde se secuestraron&nbsp;<strong>dos armas calibre 380 y nueve mil\u00edmetros<\/strong>. Las armas est\u00e1n a la espera de las pericias y el local era alquilado por Julio Alberto Mac Dougall.<\/p>\n\n\n\n<p>Por otro lado, en la pizzer\u00eda tambi\u00e9n se hallaron joyas que serian de las v\u00edctimas, adem\u00e1s de otros elementos que se utilizaron en el atraco. El caso solo tiene un detenido que es el propietario del alquiler,&nbsp;<strong>Walter \u00abEl uruguayo\u00bb Rodr\u00edguez Sierra<\/strong>.<\/p>\n\n\n\n<p>Otro de los datos llamativos que relacionan a estos dos es que Mc Dougall tiene papeles que le permiten conducir el Volkswagen Gol, del \u00abUruguayo\u00bb, tal auto que fue captado por las c\u00e1maras de seguridad del distrito como el utilizado en el asalto. Por parte de Potenza, fue identificado como el participe de entregar el auto despu\u00e9s del robo.<\/p>\n\n\n\n<p><strong>EL ESTADO DE SILVIA PETTINARI<\/strong><\/p>\n\n\n\n<p>Con respecto a la salud de la esposa del empresario asesinado, se encuentra grave pero con mejoras. Las fuentes indicaron que la mujer est\u00e1 consumiendo medicamentos que la mantienen en un coma farmacol\u00f3gico.<\/p>\n\n\n\n<p>Por otro lado, tambi\u00e9n se confirmo que Pettinari ya se encuentra sin respirador, pero con los ojos vendados, resultado del disparo que los malvivientes le efectuaron sobre su ojo derecho provocando la perdida de vista.<\/p>\n\n\n\n<p>La mujer se encuentra internada en el Hospital Municipal Eva Per\u00f3n, y su hermano Adolfo Pettinari charlo con los medios y sostuvo que \u00abElla est\u00e1 mucho mejor, la despertaron del coma. Ya est\u00e1 mejorando, pero no recuerda nada\u00bb.<\/p>\n","protected":false},"excerpt":{"rendered":"<p>Luego del violento hecho realizado en San Antonio de Padua, la Justicia orden\u00f3 el pedido de captura tanto nacional e internacional de los dos hombres acusados de ser los protagonistas. La orden de b\u00fasqueda que lanz\u00f3 los fiscales Claudia Oviedo y Marisa Monti persigue la detenci\u00f3n de&nbsp;Gustavo Julio Alberto Mac Dougall (53)&nbsp;y&nbsp; Gustavo Dami\u00e1n Potenza [&hellip;]<\/p>\n","protected":false},"author":21,"featured_media":39537,"comment_status":"open","ping_status":"open","sticky":false,"template":"","format":"standard","meta":{"_jetpack_memberships_contains_paid_content":false,"footnotes":""},"categories":[33],"tags":[167,58,1015,1011,434],"class_list":{"0":"post-39533","1":"post","2":"type-post","3":"status-publish","4":"format-standard","5":"has-post-thumbnail","7":"category-economia-merlo","8":"tag-asesinato","9":"tag-merlo","10":"tag-policiales","11":"tag-san-antonio-de-padua","12":"tag-sociedad"},"jetpack_featured_media_url":"https:\/\/i0.wp.com\/denoticiasonline.com\/wp-content\/uploads\/2023\/06\/3a2961fcadc8c69c63ab799e734911b9_m.webp?fit=696%2C377&ssl=1","jetpack_sharing_enabled":true,"_links":{"self":[{"href":"https:\/\/denoticiasonline.com\/index.php\/wp-json\/wp\/v2\/posts\/39533","targetHints":{"allow":["GET"]}}],"collection":[{"href":"https:\/\/denoticiasonline.com\/index.php\/wp-json\/wp\/v2\/posts"}],"about":[{"href":"https:\/\/denoticiasonline.com\/index.php\/wp-json\/wp\/v2\/types\/post"}],"author":[{"embeddable":true,"href":"https:\/\/denoticiasonline.com\/index.php\/wp-json\/wp\/v2\/users\/21"}],"replies":[{"embeddable":true,"href":"https:\/\/denoticiasonline.com\/index.php\/wp-json\/wp\/v2\/comments?post=39533"}],"version-history":[{"count":1,"href":"https:\/\/denoticiasonline.com\/index.php\/wp-json\/wp\/v2\/posts\/39533\/revisions"}],"predecessor-version":[{"id":39538,"href":"https:\/\/denoticiasonline.com\/index.php\/wp-json\/wp\/v2\/posts\/39533\/revisions\/39538"}],"wp:featuredmedia":[{"embeddable":true,"href":"https:\/\/denoticiasonline.com\/index.php\/wp-json\/wp\/v2\/media\/39537"}],"wp:attachment":[{"href":"https:\/\/denoticiasonline.com\/index.php\/wp-json\/wp\/v2\/media?parent=39533"}],"wp:term":[{"taxonomy":"category","embeddable":true,"href":"https:\/\/denoticiasonline.com\/index.php\/wp-json\/wp\/v2\/categories?post=39533"},{"taxonomy":"post_tag","embeddable":true,"href":"https:\/\/denoticiasonline.com\/index.php\/wp-json\/wp\/v2\/tags?post=39533"}],"curies":[{"name":"wp","href":"https:\/\/api.w.org\/{rel}","templated":true}]}}