{"id":39483,"date":"2023-06-12T15:23:14","date_gmt":"2023-06-12T15:23:14","guid":{"rendered":"http:\/\/denoticiasonline.com\/?p=39483"},"modified":"2023-06-22T17:26:24","modified_gmt":"2023-06-22T17:26:24","slug":"osvaldo-jaldo-se-quedo-con-la-gobernacion-de-tucuman","status":"publish","type":"post","link":"https:\/\/denoticiasonline.com\/index.php\/2023\/06\/12\/osvaldo-jaldo-se-quedo-con-la-gobernacion-de-tucuman\/","title":{"rendered":"OSVALDO JALDO SE QUED\u00d3 CON LA GOBERNACI\u00d3N DE TUCUM\u00c1N"},"content":{"rendered":"\n<p class=\"wp-block-paragraph\"><strong>El Frente de Todos se impuso por amplia diferencia en el d\u00eda de ayer en la provincia de Tucum\u00e1n, con mas del 88% de las mesas escrutadas obtuvo el 56,44% de los votos ante la oposici\u00f3n de juntos por el cambio que obtuvo el 34,04%.<\/strong><\/p>\n\n\n\n<p class=\"wp-block-paragraph\">As\u00ed es como Osvaldo jaldo es el nuevo gobernador electo de la provincia de Tucum\u00e1n, en segundo lugar se encuentra Roberto S\u00e1nchez, de Juntos por el Cambio mientras que en tercer lugar y cerrando una p\u00e9sima elecci\u00f3n se encuentra el candidato de Javier Milei, Ricardo Bussi que obtuvo solamente el 3,94% de los votos.<\/p>\n\n\n\n<p class=\"wp-block-paragraph\">El candidato del Frente de Todos logro volver a la gobernaci\u00f3n de la provincia pero esta vez de la mano del sufragio, ya que este se hab\u00eda hecho cargo de manera interina del puesto cuando Juan Manzur se desempe\u00f1o como jefe de Gabinete a nivel nacional entre septiembre del 2021 y febrero de 2023.<\/p>\n\n\n\n<p class=\"wp-block-paragraph\">En sus primeras palabras como Gobernador Electo, celebr\u00f3 &nbsp;\u201cCuando hoy los c\u00f3mputos provinciales muestran una amplia diferencia, quer\u00edamos agradecerles a los tucumanos y tucumanas. Hoy por una diferencia m\u00e1s que importante estamos ganando la provincia de Tucum\u00e1n\u201d. &nbsp;&nbsp;<\/p>\n\n\n\n<p class=\"wp-block-paragraph\">Primeramente las formula que se hizo ganadora el d\u00eda de ayer no iba a ser Jaldo-Acevedo sino, Jaldo gobernado y Manzur vicegobernador pero decidieron dar marcha atr\u00e1s producto de la suspensi\u00f3n de las elecciones por parte de la corte suprema.<\/p>\n\n\n\n<p class=\"wp-block-paragraph\">Y por \u00faltimo, Jaldo apunt\u00f3 contra la oposici\u00f3n con un duro discurso. \u201cEl Frente de Todos gan\u00f3 en Tucum\u00e1n, hoy no tengo dudas que el pueblo tucumano eligi\u00f3 a los m\u00e1s capaces, los que est\u00e1n preparados para dirigir la provincia. Hoy perdi\u00f3 Larreta, Bullrich, han perdido los dirigentes nacionales de Juntos por el Cambio. A nivel nacional, el peronismo se va a reorganizar\u201d cerro el pr\u00f3ximo gobernador.<\/p>\n\n\n\n<p class=\"wp-block-paragraph\">Una vez confirmada la victoria, el posible precandidato presidencial del Frente de todos viajo a Tucum\u00e1n para saludarlo y celebrar la victoria junto a Jaldo y Manzur. Tambi\u00e9n se hicieron presentes importantes figuras del peronismo como Gildo Insfr\u00e1n, Ricardo Quintela , Ra\u00fal Jalil y Gerardo Zamora.<\/p>\n\n\n\n<figure class=\"wp-block-image\"><a href=\"https:\/\/i0.wp.com\/somosprovincia.com\/wp-content\/uploads\/2023\/06\/Captura-2.jpg?resize=696%2C475\"><img decoding=\"async\" src=\"https:\/\/i0.wp.com\/somosprovincia.com\/wp-content\/uploads\/2023\/06\/Captura-2.jpg?resize=696%2C475\" alt=\"\" class=\"wp-image-29628\"\/><\/a><\/figure>\n","protected":false},"excerpt":{"rendered":"<p>El Frente de Todos se impuso por amplia diferencia en el d\u00eda de ayer en la provincia de Tucum\u00e1n, con mas del 88% de las mesas escrutadas obtuvo el 56,44% de los votos ante la oposici\u00f3n de juntos por el cambio que obtuvo el 34,04%. As\u00ed es como Osvaldo jaldo es el nuevo gobernador electo [&hellip;]<\/p>\n","protected":false},"author":21,"featured_media":39484,"comment_status":"open","ping_status":"open","sticky":false,"template":"","format":"standard","meta":{"_jetpack_memberships_contains_paid_content":false,"footnotes":""},"categories":[16],"tags":[7597,750,7598,434],"class_list":["post-39483","post","type-post","status-publish","format-standard","has-post-thumbnail","hentry","category-politica-merlo","tag-elecciones-en-tucuman","tag-frente-de-todos","tag-osvaldo-jaldo","tag-sociedad"],"jetpack_featured_media_url":"https:\/\/i0.wp.com\/denoticiasonline.com\/wp-content\/uploads\/2023\/06\/Captura3.webp?fit=696%2C454&ssl=1","jetpack_sharing_enabled":true,"_links":{"self":[{"href":"https:\/\/denoticiasonline.com\/index.php\/wp-json\/wp\/v2\/posts\/39483","targetHints":{"allow":["GET"]}}],"collection":[{"href":"https:\/\/denoticiasonline.com\/index.php\/wp-json\/wp\/v2\/posts"}],"about":[{"href":"https:\/\/denoticiasonline.com\/index.php\/wp-json\/wp\/v2\/types\/post"}],"author":[{"embeddable":true,"href":"https:\/\/denoticiasonline.com\/index.php\/wp-json\/wp\/v2\/users\/21"}],"replies":[{"embeddable":true,"href":"https:\/\/denoticiasonline.com\/index.php\/wp-json\/wp\/v2\/comments?post=39483"}],"version-history":[{"count":1,"href":"https:\/\/denoticiasonline.com\/index.php\/wp-json\/wp\/v2\/posts\/39483\/revisions"}],"predecessor-version":[{"id":39485,"href":"https:\/\/denoticiasonline.com\/index.php\/wp-json\/wp\/v2\/posts\/39483\/revisions\/39485"}],"wp:featuredmedia":[{"embeddable":true,"href":"https:\/\/denoticiasonline.com\/index.php\/wp-json\/wp\/v2\/media\/39484"}],"wp:attachment":[{"href":"https:\/\/denoticiasonline.com\/index.php\/wp-json\/wp\/v2\/media?parent=39483"}],"wp:term":[{"taxonomy":"category","embeddable":true,"href":"https:\/\/denoticiasonline.com\/index.php\/wp-json\/wp\/v2\/categories?post=39483"},{"taxonomy":"post_tag","embeddable":true,"href":"https:\/\/denoticiasonline.com\/index.php\/wp-json\/wp\/v2\/tags?post=39483"}],"curies":[{"name":"wp","href":"https:\/\/api.w.org\/{rel}","templated":true}]}}