{"id":39475,"date":"2023-06-12T15:11:15","date_gmt":"2023-06-12T15:11:15","guid":{"rendered":"http:\/\/denoticiasonline.com\/?p=39475"},"modified":"2023-06-12T15:11:15","modified_gmt":"2023-06-12T15:11:15","slug":"el-ministro-de-economia-sube-la-apuesta-para-ser-candidato-unico-del-frente-de-todos","status":"publish","type":"post","link":"https:\/\/denoticiasonline.com\/index.php\/2023\/06\/12\/el-ministro-de-economia-sube-la-apuesta-para-ser-candidato-unico-del-frente-de-todos\/","title":{"rendered":"EL MINISTRO DE ECONOM\u00cdA SUBE LA APUESTA PARA SER CANDIDATO \u00daNICO DEL FRENTE DE TODOS"},"content":{"rendered":"\n<p class=\"wp-block-paragraph\">Sergio Massa anunciara en la tarde del mi\u00e9rcoles 14 de junio si finalmente es candidato a presidente por el Frente de Todos. Adem\u00e1s, el Indec anunciara la inflaci\u00f3n de mayo. La de abril hab\u00eda sido del 8,4% y llego hacer la anual al 110%. El ministro de Econom\u00eda asegura que esta suba de precios va dar un n\u00famero parecido al del mes anterior y hasta <strong>tiene la expectativa de un \u00edndice todav\u00eda m\u00e1s bajo:\u00a0<\/strong>en ese caso, empezar\u00e1 a preparar los detalles de la campa\u00f1a para una nueva postulaci\u00f3n presidencial.<\/p>\n\n\n\n<p class=\"wp-block-paragraph\">El de Massa ser\u00eda un caso \u00fanico en el planeta, y seguramente objeto de investigaci\u00f3n para las universidades especializadas en ciencias pol\u00edticas. Que&nbsp;<strong>un ministro de Econom\u00eda pueda ser candidato a presidente con inflaci\u00f3n de tres d\u00edgitos&nbsp;<\/strong>pondr\u00e1 a la Argentina, una vez m\u00e1s, en el teatro de la innovaci\u00f3n global.<\/p>\n\n\n\n<p class=\"wp-block-paragraph\">El Relevamiento de Expectativas de Mercado (REM), que es el \u00edndice que elaboran las consultoras privadas para el Banco Central,&nbsp;<strong>estim\u00f3 que la inflaci\u00f3n de mayo fue de un 9%. Con ese n\u00famero, proyectan la inflaci\u00f3n anual en un 148,9%.&nbsp;<\/strong>Nada m\u00e1s y nada menos. Pero ni siquiera esas cifras escalofriantes pudieron mellar el esp\u00edritu optimista del ministro de Econom\u00eda. En estas horas, Massa ha decidido dar un paso preelectoral al frente.<\/p>\n\n\n\n<p class=\"wp-block-paragraph\">La primera se\u00f1al la dio el s\u00e1bado pasado, en el acto del Frente Renovador. \u201c<strong>Si se decide que haya PASO, an\u00f3tennos en las PASO. Ah\u00ed vamos a estar\u201d,<\/strong>&nbsp;advirti\u00f3 Massa desde la tribuna. El mensaje era para Alberto Fern\u00e1ndez, para Daniel Scioli y para Victoria Tolosa Paz, que alientan la posibilidad de darle batalla en las primarias al kirchnerismo. Pero tambi\u00e9n es para Cristina Kirchner.<\/p>\n\n\n\n<p class=\"wp-block-paragraph\">La Vicepresidenta es la que tiene que ayudarlo a Massa a convencer a todo el peronismo de que no haya PASO. El ministro ya jug\u00f3 fuerte y logr\u00f3 que, a mediados de la semana pasada,&nbsp;<strong>los trece gobernadores se sacaran una foto para pedir una f\u00f3rmula de unidad.&nbsp;<\/strong>La \u00fanica lectura de la palabra unidad es que haya una \u00fanica candidatura presidencial. \u201cSi Sergio se lanza, tenemos que ir todos atr\u00e1s de Sergio\u201d, dice un gobernador. Y no es el \u00fanico.<\/p>\n\n\n\n<p class=\"wp-block-paragraph\"><img data-recalc-dims=\"1\" loading=\"lazy\" decoding=\"async\" alt=\"Daniel Scioli cuenta con el respaldo provisorio de Tolosa Paz\" height=\"464\" width=\"696\" class=\"\" src=\"https:\/\/i0.wp.com\/cloudfront-us-east-1.images.arcpublishing.com\/infobae\/LHZ34TSOYBEILAYNADDYSOWPVY.jpeg?resize=696%2C464&#038;ssl=1\" srcset=\"https:\/\/www.infobae.com\/new-resizer\/eabLpQGuT57bDZzaStlZlBjZXgU=\/420x280\/filters:format(webp):quality(85)\/cloudfront-us-east-1.images.arcpublishing.com\/infobae\/LHZ34TSOYBEILAYNADDYSOWPVY.jpeg 420w,https:\/\/www.infobae.com\/new-resizer\/3yqf63MkUEPwrAU3xzy1uTJG19w=\/768x512\/filters:format(webp):quality(85)\/cloudfront-us-east-1.images.arcpublishing.com\/infobae\/LHZ34TSOYBEILAYNADDYSOWPVY.jpeg 768w,https:\/\/www.infobae.com\/new-resizer\/mSTIvxX_QtWgCJbzGybhRiJ__4g=\/992x661\/filters:format(webp):quality(85)\/cloudfront-us-east-1.images.arcpublishing.com\/infobae\/LHZ34TSOYBEILAYNADDYSOWPVY.jpeg 992w,https:\/\/www.infobae.com\/new-resizer\/2V1GiC6BwNxSaTdrvnSGm3_ZARc=\/1200x800\/filters:format(webp):quality(85)\/cloudfront-us-east-1.images.arcpublishing.com\/infobae\/LHZ34TSOYBEILAYNADDYSOWPVY.jpeg 1200w,https:\/\/www.infobae.com\/new-resizer\/zODIT9iDfDCY-wGiqf_RzezX-gw=\/1440x960\/filters:format(webp):quality(85)\/cloudfront-us-east-1.images.arcpublishing.com\/infobae\/LHZ34TSOYBEILAYNADDYSOWPVY.jpeg 1440w\">Daniel Scioli cuenta con el respaldo provisorio de Tolosa Paz<\/p>\n\n\n\n<p class=\"wp-block-paragraph\"><strong>El problema para Massa es que Daniel Scioli ha ratificado que quiere ser candidato a presidente y presentarse a las PASO.<\/strong>&nbsp;Tiene el respaldo provisorio de Tolosa Paz y Alberto Fern\u00e1ndez lo apoya en su modo tan especial de entender la pol\u00edtica. El Presidente les dice a los pocos kirchneristas con los que habla (Eduardo De Pedro) que \u00e9l le ha dicho a Scioli que se baje, pero que el embajador en Brasilia no se deja convencer. Y como les sucede a la inmensa mayor\u00eda de los argentinos, los peronistas a esta altura ya no le creen una sola palabra a Alberto. Tarde para l\u00e1grimas.<\/p>\n\n\n\n<p class=\"wp-block-paragraph\">Massa ha ido desarrollando una plataforma electoral muy sui generis que hace eje en la gesti\u00f3n, su gesti\u00f3n. Como si los n\u00fameros fueran excepcionales. Sus colaboradores hablan de las&nbsp;<strong>medidas de alivio fiscal con eje en la rebaja del impuesto a las Ganancias,&nbsp;<\/strong>ampliada a los monotributistas y otras medidas de actualizaci\u00f3n salarial a la inflaci\u00f3n pensando en la clase media.<\/p>\n\n\n\n<p class=\"wp-block-paragraph\">Rescatan los n\u00fameros de desempleo y de producci\u00f3n industrial. Massa sabe, de todos modos, que&nbsp;<strong>su flanco d\u00e9bil es la inflaci\u00f3n<\/strong>&nbsp;y en su creatividad pol\u00edtica les est\u00e1 planteando al kirchnerismo, a los gobernadores peronistas y se lo dijo al propio Alberto Fern\u00e1ndez un argumento que es su nuevo caballito de batalla.<\/p>\n\n\n\n<p class=\"wp-block-paragraph\">\u201c<strong>Sigamos jodiendo que vamos a salir cuartos\u201d<\/strong>, es la frase que Massa repite y que le advirti\u00f3 al Presidente en la Casa Rosada. Seg\u00fan este c\u00e1lculo, las encuestas que poseen en el Gobierno ubican a Javier Milei al frente de los sondeos ya que no compite con nadie en las PASO; detr\u00e1s estar\u00edan Horacio Rodr\u00edguez Larreta y Patricia Bullrich, divididos en dos segmentos que sumados orillan el 30% y al final los candidatos del Frente de Todos, Massa, Scioli y De Pedro, en ese orden. En ese escenario virtual, el candidato oficialista quedar\u00eda lejos y en el cuarto lugar.<\/p>\n\n\n\n<p class=\"wp-block-paragraph\"><img data-recalc-dims=\"1\" loading=\"lazy\" decoding=\"async\" alt=\"Sigue la interna en Juntos por el Cambio: Juan Schiaretti si, Juan Schiaretti no\" height=\"349\" width=\"464\" class=\"\" src=\"https:\/\/i0.wp.com\/cloudfront-us-east-1.images.arcpublishing.com\/infobae\/NDIAWCUJD5BSBCMRPJVBJAPAR4.png?resize=464%2C349&#038;ssl=1\" srcset=\"https:\/\/www.infobae.com\/new-resizer\/4fN4AAbK4u_GMSoMbR2yqOULxFU=\/420x315\/filters:format(webp):quality(85)\/cloudfront-us-east-1.images.arcpublishing.com\/infobae\/NDIAWCUJD5BSBCMRPJVBJAPAR4.png 420w,https:\/\/www.infobae.com\/new-resizer\/27hOxkthV2Sg7GPOaihJK5DSkps=\/768x576\/filters:format(webp):quality(85)\/cloudfront-us-east-1.images.arcpublishing.com\/infobae\/NDIAWCUJD5BSBCMRPJVBJAPAR4.png 768w,https:\/\/www.infobae.com\/new-resizer\/vVHEvSNfd0TeuzZMEy8wpDjIrb0=\/992x744\/filters:format(webp):quality(85)\/cloudfront-us-east-1.images.arcpublishing.com\/infobae\/NDIAWCUJD5BSBCMRPJVBJAPAR4.png 992w,https:\/\/www.infobae.com\/new-resizer\/gr552Y9ZXpKhiHZ5KDdDsjYElzI=\/1200x900\/filters:format(webp):quality(85)\/cloudfront-us-east-1.images.arcpublishing.com\/infobae\/NDIAWCUJD5BSBCMRPJVBJAPAR4.png 1200w,https:\/\/www.infobae.com\/new-resizer\/Um7Jh2vS-O0p6sAxl6AwZ9lqTSg=\/1440x1080\/filters:format(webp):quality(85)\/cloudfront-us-east-1.images.arcpublishing.com\/infobae\/NDIAWCUJD5BSBCMRPJVBJAPAR4.png 1440w\">Sigue la interna en Juntos por el Cambio: Juan Schiaretti si, Juan Schiaretti no<\/p>\n\n\n\n<p class=\"wp-block-paragraph\">La guerra de guerrillas que sacude a Juntos por el Cambio, donde el planteo de incorporar al peronista cordob\u00e9s Juan Schiaretti dividi\u00f3 las aguas entre Rodr\u00edguez Larreta y Bullrich, respaldada por Mauricio Macri,&nbsp;<strong>hizo bajar varios puntos en las encuestas a la coalici\u00f3n opositora,<\/strong>&nbsp;y entusiasm\u00f3 a un Massa que est\u00e1 contra la pared entre la super inflaci\u00f3n y el d\u00f3lar cercano a los 500 pesos.<\/p>\n","protected":false},"excerpt":{"rendered":"<p>Sergio Massa anunciara en la tarde del mi\u00e9rcoles 14 de junio si finalmente es candidato a presidente por el Frente de Todos. Adem\u00e1s, el Indec anunciara la inflaci\u00f3n de mayo. La de abril hab\u00eda sido del 8,4% y llego hacer la anual al 110%. El ministro de Econom\u00eda asegura que esta suba de precios va [&hellip;]<\/p>\n","protected":false},"author":21,"featured_media":39480,"comment_status":"open","ping_status":"open","sticky":false,"template":"","format":"standard","meta":{"_jetpack_memberships_contains_paid_content":false,"footnotes":""},"categories":[16],"tags":[750,3819,451,339],"class_list":["post-39475","post","type-post","status-publish","format-standard","has-post-thumbnail","hentry","category-politica-merlo","tag-frente-de-todos","tag-ministro-de-economia","tag-politica-3","tag-sergio-massa"],"jetpack_featured_media_url":"https:\/\/i0.wp.com\/denoticiasonline.com\/wp-content\/uploads\/2023\/06\/719726-3-a-mecon-20-282-29.jpg?fit=360%2C240&ssl=1","jetpack_sharing_enabled":true,"_links":{"self":[{"href":"https:\/\/denoticiasonline.com\/index.php\/wp-json\/wp\/v2\/posts\/39475","targetHints":{"allow":["GET"]}}],"collection":[{"href":"https:\/\/denoticiasonline.com\/index.php\/wp-json\/wp\/v2\/posts"}],"about":[{"href":"https:\/\/denoticiasonline.com\/index.php\/wp-json\/wp\/v2\/types\/post"}],"author":[{"embeddable":true,"href":"https:\/\/denoticiasonline.com\/index.php\/wp-json\/wp\/v2\/users\/21"}],"replies":[{"embeddable":true,"href":"https:\/\/denoticiasonline.com\/index.php\/wp-json\/wp\/v2\/comments?post=39475"}],"version-history":[{"count":1,"href":"https:\/\/denoticiasonline.com\/index.php\/wp-json\/wp\/v2\/posts\/39475\/revisions"}],"predecessor-version":[{"id":39482,"href":"https:\/\/denoticiasonline.com\/index.php\/wp-json\/wp\/v2\/posts\/39475\/revisions\/39482"}],"wp:featuredmedia":[{"embeddable":true,"href":"https:\/\/denoticiasonline.com\/index.php\/wp-json\/wp\/v2\/media\/39480"}],"wp:attachment":[{"href":"https:\/\/denoticiasonline.com\/index.php\/wp-json\/wp\/v2\/media?parent=39475"}],"wp:term":[{"taxonomy":"category","embeddable":true,"href":"https:\/\/denoticiasonline.com\/index.php\/wp-json\/wp\/v2\/categories?post=39475"},{"taxonomy":"post_tag","embeddable":true,"href":"https:\/\/denoticiasonline.com\/index.php\/wp-json\/wp\/v2\/tags?post=39475"}],"curies":[{"name":"wp","href":"https:\/\/api.w.org\/{rel}","templated":true}]}}