{"id":39387,"date":"2023-06-07T17:26:14","date_gmt":"2023-06-07T17:26:14","guid":{"rendered":"http:\/\/denoticiasonline.com\/?p=39387"},"modified":"2023-06-07T17:26:18","modified_gmt":"2023-06-07T17:26:18","slug":"la-interna-que-no-cesa-en-juntos-por-el-cambio","status":"publish","type":"post","link":"https:\/\/denoticiasonline.com\/index.php\/2023\/06\/07\/la-interna-que-no-cesa-en-juntos-por-el-cambio\/","title":{"rendered":"LA INTERNA QUE NO CESA EN JUNTOS POR EL CAMBIO"},"content":{"rendered":"\n<p><strong>La interna de Juntos por el Cambio entre Horacio Rodr\u00edguez Larreta y Patricia Bullrich no cesa: \u201c\u00bfEsto lleva a la ruptura? depende de Larreta, sostuvo la exministra.<\/strong><\/p>\n\n\n\n<p>El pr\u00f3ximo 24 de junio terminan de cerrarse las listas para las elecciones presidenciales 2023. Previo a las PASO, la interna de Juntos por el Cambio no cesa:<strong>&nbsp;Horacio Rodr\u00edguez Larreta intenta ser mesurado, mientras que Patricia Bullrich apunt\u00f3 fuertemente sobre el accionar del actual Jefe de Gobierno de la Ciudad de Buenos Aires<\/strong>.<\/p>\n\n\n\n<p>\u201c<strong>\u00bfEsto lleva a una ruptura? depende de Larreta, sabe que tiene que ir a la cancha en la que est\u00e1 y no intentar meter a Schiaretti cuando tenemos una elecci\u00f3n en C\u00f3rdoba<\/strong>. Jug\u00e1 limpio, querer llevarte la pelota porque no pod\u00e9s ganar la elecci\u00f3n no vale\u201d, sostuvo Patricia Bullrich.<\/p>\n\n\n\n<figure class=\"wp-block-image size-large is-resized\"><img data-recalc-dims=\"1\" loading=\"lazy\" decoding=\"async\" src=\"https:\/\/i0.wp.com\/denoticiasonline.com\/wp-content\/uploads\/2023\/06\/image-8.png?resize=628%2C484\" alt=\"\" class=\"wp-image-39388\" width=\"628\" height=\"484\"\/><\/figure>\n\n\n\n<p>Por su parte, Horacio Rodr\u00edguez Larreta fue mucho m\u00e1s mesurado con respecto a sus palabras: \u201c<strong>Jam\u00e1s me han escuchado criticar a alguien de Juntos por el Cambio, aunque s\u00ed lo hagan conmigo\u201d<\/strong>. A su vez, fue claro ante las declaraciones del expresidente, Mauricio Macri: \u201cYo respeto a Mauricio, trabajo con \u00e9l hace 23 a\u00f1os; no habl\u00e9 con \u00e9l sobre esta cuesti\u00f3n, en la que tenemos una diferencia\u201d.<\/p>\n\n\n\n<p>A su vez, Patricia Bullrich se refiri\u00f3 a la integraci\u00f3n de distintas personalidades al bloque: la exministra de seguridad no tuvo problemas en incluir a Jos\u00e9 Luis Espert y Margarita Stolbizer, que tienen el aval de la UCR, la Coalici\u00f3n C\u00edvica y del Peronismo Republicano. Sin embargo, sostuvo que la situaci\u00f3n de Jorge Schiaretti es diferente:<strong>&nbsp;\u201cTiene que ver con integrar un frente nuevo, que requiere maduraci\u00f3n y otro nivel de di\u00e1logo\u201d<\/strong>, sostuvo.<\/p>\n\n\n\n<p>Ante esto, el Jefe de Gobierno fue claro:<strong>&nbsp;\u201cMi vocaci\u00f3n es sumar para cambiar este pa\u00eds y tener la fuerza de avanzar con los cambios necesarios<\/strong>. Eso es una PASO, para que decidiera la gente y no cambia en nada sumar a un dirigente m\u00e1s o menos\u201d.<\/p>\n","protected":false},"excerpt":{"rendered":"<p>La interna de Juntos por el Cambio entre Horacio Rodr\u00edguez Larreta y Patricia Bullrich no cesa: \u201c\u00bfEsto lleva a la ruptura? depende de Larreta, sostuvo la exministra. El pr\u00f3ximo 24 de junio terminan de cerrarse las listas para las elecciones presidenciales 2023. Previo a las PASO, la interna de Juntos por el Cambio no cesa:&nbsp;Horacio [&hellip;]<\/p>\n","protected":false},"author":21,"featured_media":39389,"comment_status":"open","ping_status":"open","sticky":false,"template":"","format":"standard","meta":{"_jetpack_memberships_contains_paid_content":false,"footnotes":""},"categories":[16],"tags":[1016,1098,1881,4394,3723],"class_list":{"0":"post-39387","1":"post","2":"type-post","3":"status-publish","4":"format-standard","5":"has-post-thumbnail","7":"category-politica-merlo","8":"tag-horacio-rodriguez-larreta","9":"tag-juntos-por-el-cambio","10":"tag-mauricio-macri","11":"tag-patricia-bullrich","12":"tag-pro"},"jetpack_featured_media_url":"https:\/\/i0.wp.com\/denoticiasonline.com\/wp-content\/uploads\/2023\/06\/larreta-bullrich2-1024x576-1.jpg?fit=1024%2C576&ssl=1","jetpack_sharing_enabled":true,"_links":{"self":[{"href":"https:\/\/denoticiasonline.com\/index.php\/wp-json\/wp\/v2\/posts\/39387","targetHints":{"allow":["GET"]}}],"collection":[{"href":"https:\/\/denoticiasonline.com\/index.php\/wp-json\/wp\/v2\/posts"}],"about":[{"href":"https:\/\/denoticiasonline.com\/index.php\/wp-json\/wp\/v2\/types\/post"}],"author":[{"embeddable":true,"href":"https:\/\/denoticiasonline.com\/index.php\/wp-json\/wp\/v2\/users\/21"}],"replies":[{"embeddable":true,"href":"https:\/\/denoticiasonline.com\/index.php\/wp-json\/wp\/v2\/comments?post=39387"}],"version-history":[{"count":1,"href":"https:\/\/denoticiasonline.com\/index.php\/wp-json\/wp\/v2\/posts\/39387\/revisions"}],"predecessor-version":[{"id":39390,"href":"https:\/\/denoticiasonline.com\/index.php\/wp-json\/wp\/v2\/posts\/39387\/revisions\/39390"}],"wp:featuredmedia":[{"embeddable":true,"href":"https:\/\/denoticiasonline.com\/index.php\/wp-json\/wp\/v2\/media\/39389"}],"wp:attachment":[{"href":"https:\/\/denoticiasonline.com\/index.php\/wp-json\/wp\/v2\/media?parent=39387"}],"wp:term":[{"taxonomy":"category","embeddable":true,"href":"https:\/\/denoticiasonline.com\/index.php\/wp-json\/wp\/v2\/categories?post=39387"},{"taxonomy":"post_tag","embeddable":true,"href":"https:\/\/denoticiasonline.com\/index.php\/wp-json\/wp\/v2\/tags?post=39387"}],"curies":[{"name":"wp","href":"https:\/\/api.w.org\/{rel}","templated":true}]}}