{"id":39254,"date":"2023-06-02T16:56:54","date_gmt":"2023-06-02T16:56:54","guid":{"rendered":"http:\/\/denoticiasonline.com\/?p=39254"},"modified":"2023-06-02T16:56:58","modified_gmt":"2023-06-02T16:56:58","slug":"eduardo-wado-celebro-el-dia-nacional-del-bombero-en-merlo","status":"publish","type":"post","link":"https:\/\/denoticiasonline.com\/index.php\/2023\/06\/02\/eduardo-wado-celebro-el-dia-nacional-del-bombero-en-merlo\/","title":{"rendered":"EDUARDO WADO CELEBR\u00d3 EL D\u00cdA NACIONAL DEL BOMBERO EN MERLO"},"content":{"rendered":"\n<p class=\"wp-block-paragraph\">Acompa\u00f1ado nuevamente del intendente en licencia Gustavo Men\u00e9ndez con quien tiene una cordial relaci\u00f3n, el ministro de Interior se acerc\u00f3 a Merlo para celebrar el d\u00eda del bombero voluntario.<\/p>\n\n\n\n<p class=\"wp-block-paragraph\">El probable precandidato a presidente por el Frente de Todos, Eduardo \u2018Wado\u2019 de Pedro, se reuni\u00f3 nuevamente con el intendente en licencia, Gustavo Men\u00e9ndez, en el partido de Merlo para conmemorar el d\u00eda del bombero Voluntario en el cuartel central en Beltr\u00e1n 650, Parque San Mart\u00edn.<\/p>\n\n\n\n<p class=\"wp-block-paragraph\">El ministro estuvo previamente en el Parque N\u00e9stor Kirchner en donde el Municipio de Merlo, junto al Gobierno de la Provincia de Buenos Aires, entreg\u00f3 m\u00e1s de 3.700 netbooks a los estudiantes de \u00faltimo a\u00f1o de secundaria en el marco del programa \u201cConectar Igualdad Bonaerense\u201d. Durante el acto estuvieron presentes Gustavo Men\u00e9ndez junto a la Intendenta Karina Men\u00e9ndez.<\/p>\n\n\n\n<p class=\"wp-block-paragraph\">Los alumnos de 60 escuelas secundarias recibieron 3743 dispositivos, de este modo fue el acto de entrega m\u00e1s grande de la historia del distrito. Esta iniciativa busca que se reduzca la brecha digital para facilitar a los j\u00f3venes el acceso a nuevas tecnolog\u00edas.<\/p>\n\n\n\n<p class=\"wp-block-paragraph\">Por otro lado, el 24 de Mayo se reunieron el ministro y el intendente en licencia en Ituzaingo para conmemorar los 20 a\u00f1os de la asunci\u00f3n presidencial de N\u00e9stor Kirchner. Ambos pol\u00edticos entablaron una cordial conversaci\u00f3n.<\/p>\n\n\n\n<figure class=\"wp-block-image\"><a href=\"https:\/\/i0.wp.com\/noticiastres.com\/wp-content\/uploads\/2023\/06\/DSC_0190-scaled.jpg?resize=696%2C464\"><img decoding=\"async\" src=\"https:\/\/i0.wp.com\/noticiastres.com\/wp-content\/uploads\/2023\/06\/DSC_0190-scaled.jpg?resize=696%2C464\" alt=\"\" class=\"wp-image-56635\"\/><\/a><\/figure>\n\n\n\n<p class=\"wp-block-paragraph\">En 1884 un grupo de vecinos se reunieron para apagar un incendio que podr\u00eda propagarse r\u00e1pidamente en las construcciones aleda\u00f1as de La Boca, por ese gesto cada 2 de Junio se celebra el D\u00eda Nacional del Bombero en honor al primer Cuerpo de Bomberos Voluntarios.<\/p>\n\n\n\n<p class=\"wp-block-paragraph\">En Argentina hay m\u00e1s de 43.000 bomberos voluntarios, entre ellos 7000 son mujeres y se encuentran distribuidos en m\u00e1s de\u00a0900 cuerpos en todo el pa\u00eds.\u00a0<\/p>\n\n\n\n<figure class=\"wp-block-image size-full\"><img data-recalc-dims=\"1\" loading=\"lazy\" decoding=\"async\" width=\"696\" height=\"464\" src=\"https:\/\/i0.wp.com\/denoticiasonline.com\/wp-content\/uploads\/2023\/06\/image-3.png?resize=696%2C464\" alt=\"\" class=\"wp-image-39255\" srcset=\"https:\/\/i0.wp.com\/denoticiasonline.com\/wp-content\/uploads\/2023\/06\/image-3.png?w=696&amp;ssl=1 696w, https:\/\/i0.wp.com\/denoticiasonline.com\/wp-content\/uploads\/2023\/06\/image-3.png?resize=300%2C200&amp;ssl=1 300w, https:\/\/i0.wp.com\/denoticiasonline.com\/wp-content\/uploads\/2023\/06\/image-3.png?resize=150%2C100&amp;ssl=1 150w, https:\/\/i0.wp.com\/denoticiasonline.com\/wp-content\/uploads\/2023\/06\/image-3.png?resize=630%2C420&amp;ssl=1 630w\" sizes=\"auto, (max-width: 696px) 100vw, 696px\" \/><\/figure>\n","protected":false},"excerpt":{"rendered":"<p>Acompa\u00f1ado nuevamente del intendente en licencia Gustavo Men\u00e9ndez con quien tiene una cordial relaci\u00f3n, el ministro de Interior se acerc\u00f3 a Merlo para celebrar el d\u00eda del bombero voluntario. El probable precandidato a presidente por el Frente de Todos, Eduardo \u2018Wado\u2019 de Pedro, se reuni\u00f3 nuevamente con el intendente en licencia, Gustavo Men\u00e9ndez, en el [&hellip;]<\/p>\n","protected":false},"author":21,"featured_media":39256,"comment_status":"open","ping_status":"open","sticky":false,"template":"","format":"standard","meta":{"_jetpack_memberships_contains_paid_content":false,"footnotes":""},"categories":[57],"tags":[4212,7045,750,3587,649,58,1365,434],"class_list":["post-39254","post","type-post","status-publish","format-standard","has-post-thumbnail","hentry","category-sociedad-merlo-merlo-municipio-de-merlo","tag-bomberos-voluntarios-de-merlo","tag-eduardo-wado-de-pedro","tag-frente-de-todos","tag-intendencia-menendez","tag-karina-menendez","tag-merlo","tag-municipio-de-merlo","tag-sociedad"],"jetpack_featured_media_url":"https:\/\/i0.wp.com\/denoticiasonline.com\/wp-content\/uploads\/2023\/06\/DSC_0102-scaled-1.webp?fit=696%2C464&ssl=1","jetpack_sharing_enabled":true,"_links":{"self":[{"href":"https:\/\/denoticiasonline.com\/index.php\/wp-json\/wp\/v2\/posts\/39254","targetHints":{"allow":["GET"]}}],"collection":[{"href":"https:\/\/denoticiasonline.com\/index.php\/wp-json\/wp\/v2\/posts"}],"about":[{"href":"https:\/\/denoticiasonline.com\/index.php\/wp-json\/wp\/v2\/types\/post"}],"author":[{"embeddable":true,"href":"https:\/\/denoticiasonline.com\/index.php\/wp-json\/wp\/v2\/users\/21"}],"replies":[{"embeddable":true,"href":"https:\/\/denoticiasonline.com\/index.php\/wp-json\/wp\/v2\/comments?post=39254"}],"version-history":[{"count":1,"href":"https:\/\/denoticiasonline.com\/index.php\/wp-json\/wp\/v2\/posts\/39254\/revisions"}],"predecessor-version":[{"id":39259,"href":"https:\/\/denoticiasonline.com\/index.php\/wp-json\/wp\/v2\/posts\/39254\/revisions\/39259"}],"wp:featuredmedia":[{"embeddable":true,"href":"https:\/\/denoticiasonline.com\/index.php\/wp-json\/wp\/v2\/media\/39256"}],"wp:attachment":[{"href":"https:\/\/denoticiasonline.com\/index.php\/wp-json\/wp\/v2\/media?parent=39254"}],"wp:term":[{"taxonomy":"category","embeddable":true,"href":"https:\/\/denoticiasonline.com\/index.php\/wp-json\/wp\/v2\/categories?post=39254"},{"taxonomy":"post_tag","embeddable":true,"href":"https:\/\/denoticiasonline.com\/index.php\/wp-json\/wp\/v2\/tags?post=39254"}],"curies":[{"name":"wp","href":"https:\/\/api.w.org\/{rel}","templated":true}]}}