{"id":39201,"date":"2023-06-01T13:26:32","date_gmt":"2023-06-01T13:26:32","guid":{"rendered":"http:\/\/denoticiasonline.com\/?p=39201"},"modified":"2023-06-22T17:14:29","modified_gmt":"2023-06-22T17:14:29","slug":"las-nuevas-parejas-de-l-gante-y-tamara-baez","status":"publish","type":"post","link":"https:\/\/denoticiasonline.com\/index.php\/2023\/06\/01\/las-nuevas-parejas-de-l-gante-y-tamara-baez\/","title":{"rendered":"LAS NUEVAS PAREJAS DE L-GANTE Y TAMARA B\u00c1EZ"},"content":{"rendered":"\n<p>Luego de varios esc\u00e1ndalos lleg\u00f3 la tregua para\u00a0<strong>L<\/strong>&#8211;<strong>Gante<\/strong>\u00a0y\u00a0<strong>Tamara<\/strong>\u00a0<strong>B\u00e1ez<\/strong>, la expareja no recompuso su v\u00ednculo amoroso pero s\u00ed tienen muy claro que quieren llevarse bien por\u00a0<strong>Jamaica<\/strong>, la hija que tienen en com\u00fan. Por ejemplo, pasaron juntos los festejos por el A\u00f1o Nuevo y durante el verano\u00a0<a rel=\"noreferrer noopener\" href=\"https:\/\/www.infobae.com\/teleshow\/2023\/01\/27\/tamara-baez-conto-como-esta-su-vinculo-con-l-gante-salimos-de-joda-juntos\/\" target=\"_blank\">decidieron alquilar una lujosa casa en Sierra de los Padres<\/a>\u00a0para tomarse unas vacaciones y relajar los estados de \u00e1nimo en familia. <\/p>\n\n\n\n<p>Con ese panorama, y sin un comunicado oficial, surgi\u00f3 la duda entre los usuarios: \u00bfSiguen separados o se reconciliaron? En las \u00faltimas horas ese misterio se devel\u00f3, con respectivos posteos en las redes. Primero fue la influencer la que present\u00f3 a su nuevo novio, y s\u00f3lo unas horas m\u00e1s tarde, el artista de Cumbia 420 subi\u00f3 una foto con una mujer desde la cama en lo que pareci\u00f3 una respuesta en sinton\u00eda.<\/p>\n\n\n\n<p>Es que\u00a0<em>Tami<\/em>, a trav\u00e9s de sus historias de Instagram, comparti\u00f3 primero un video junto a\u00a0<strong>Gonzalo<\/strong>\u00a0<strong>Escudero<\/strong>. Se trata de un futbolista de 26 a\u00f1os, oriundo de Avellaneda que actualmente est\u00e1 jugando en el f\u00fatbol italiano, en las categor\u00edas de ascenso. Primero estuvo en el plantel de Palestrina en el grupo Lazio, luego pas\u00f3 por el Us Arce 1932 y actualmente integra el Nuova Sondrio Calcio.<\/p>\n\n\n\n<p>Adem\u00e1s del video en cuesti\u00f3n, B\u00e1ez reposte\u00f3 una selfie que se tomaron con Gonzalo a su cuenta. Esta foto la subi\u00f3 \u00e9l y se la puede ver a ella d\u00e1ndole un beso. Otro dato importante es que dejaron ver la hora, y esto no es algo casual. Eran las 5.05 de la ma\u00f1ana. A continuaci\u00f3n, en otra historia, Tamara subi\u00f3 una captura de Internet donde se explica el significado de ese n\u00famero espejo: \u201cLa hora del amor\u201d.<\/p>\n\n\n\n<p>\u201cLa 05:05 es, oficialmente, la hora del amor. Si la ves continuamente en tu reloj, es muy probable que el universo te est\u00e9 avisando de que hay alguien que est\u00e1 locamente enamorado de ti. Es probable que, al menos por ahora, est\u00e9 ocultando sus sentimientos\u201d, dec\u00eda el texto que comparti\u00f3 la ex del cantante muy ilusionada por esta nueva relaci\u00f3n.<\/p>\n\n\n\n<p>Pero, lo dicho, L-Gante no se qued\u00f3 atr\u00e1s y blanque\u00f3 su nueva relaci\u00f3n horas despu\u00e9s de que Tamara hiciera lo propio. \u201cBuen d\u00eda\u201d, escribi\u00f3 en el boomerang de Instagram que comparti\u00f3 cuando ya eran las tres de la tarde y se lo ve\u00eda recostado en su cama abrazado a una chica. Su nombre,&nbsp;<strong>Macarena Hanna Bustamante<\/strong>, seg\u00fan como la mencion\u00f3 en la publicaci\u00f3n que subi\u00f3 a sus historias.<\/p>\n\n\n\n<p>Adem\u00e1s, musicaliz\u00f3 la imagen con la canci\u00f3n: \u201cTamo a lo loco\u201d de Julio Voltio. \u201cYa tamo ready corillo pa\u2019l royal rumble, tu anda con lo tuyo loco yo ando con mi combo\u201d, dice el fragmento de letra elegido para acompa\u00f1ar su publicaci\u00f3n. La joven en cuesti\u00f3n es modelo, tiene m\u00e1s de 100 mil seguidores en redes y en las \u00faltimas horas cambi\u00f3 el estado de su cuenta de privada a p\u00fablica.<\/p>\n\n\n\n<p>Respecto al v\u00ednculo que mantienen los padres de Jamaica, Tamara cont\u00f3 en una entrevista a&nbsp;<em>Socios del Espect\u00e1culo<\/em><a href=\"https:\/\/www.infobae.com\/teleshow\/2023\/01\/27\/tamara-baez-conto-como-esta-su-vinculo-con-l-gante-salimos-de-joda-juntos\/\" target=\"_blank\" rel=\"noreferrer noopener\">&nbsp;que la decisi\u00f3n de estar juntos tiene que ver con la nena.<\/a>&nbsp;\u201cElla est\u00e1 muy feliz y eso es lo que nos importa a nosotros. Nos dimos cuenta que tiene que estar todo bien por ella\u201d, asegur\u00f3.<\/p>\n\n\n\n<p>\u201cEst\u00e1 bueno llevarse bien, salimos de joda juntos ya\u201d, agreg\u00f3 la influencer. El cronista quiso saber si hablan y se aconsejan acerca de potenciales nuevas parejas para cada uno de ellos y Tamara dijo: \u201cNo, tranqui, por ahora reci\u00e9n arrancamos. Est\u00e1 todo bien, somos como amigos\u201d, concluy\u00f3 B\u00e1ez con buena onda.<\/p>\n","protected":false},"excerpt":{"rendered":"<p>Luego de varios esc\u00e1ndalos lleg\u00f3 la tregua para\u00a0L&#8211;Gante\u00a0y\u00a0Tamara\u00a0B\u00e1ez, la expareja no recompuso su v\u00ednculo amoroso pero s\u00ed tienen muy claro que quieren llevarse bien por\u00a0Jamaica, la hija que tienen en com\u00fan. Por ejemplo, pasaron juntos los festejos por el A\u00f1o Nuevo y durante el verano\u00a0decidieron alquilar una lujosa casa en Sierra de los Padres\u00a0para tomarse [&hellip;]<\/p>\n","protected":false},"author":21,"featured_media":39202,"comment_status":"open","ping_status":"open","sticky":false,"template":"","format":"standard","meta":{"_jetpack_memberships_contains_paid_content":false,"footnotes":""},"categories":[33],"tags":[],"class_list":{"0":"post-39201","1":"post","2":"type-post","3":"status-publish","4":"format-standard","5":"has-post-thumbnail","7":"category-economia-merlo"},"jetpack_featured_media_url":"https:\/\/i0.wp.com\/denoticiasonline.com\/wp-content\/uploads\/2023\/06\/Captura-de-pantalla-2023-06-01-101942.png?fit=813%2C421&ssl=1","jetpack_sharing_enabled":true,"_links":{"self":[{"href":"https:\/\/denoticiasonline.com\/index.php\/wp-json\/wp\/v2\/posts\/39201","targetHints":{"allow":["GET"]}}],"collection":[{"href":"https:\/\/denoticiasonline.com\/index.php\/wp-json\/wp\/v2\/posts"}],"about":[{"href":"https:\/\/denoticiasonline.com\/index.php\/wp-json\/wp\/v2\/types\/post"}],"author":[{"embeddable":true,"href":"https:\/\/denoticiasonline.com\/index.php\/wp-json\/wp\/v2\/users\/21"}],"replies":[{"embeddable":true,"href":"https:\/\/denoticiasonline.com\/index.php\/wp-json\/wp\/v2\/comments?post=39201"}],"version-history":[{"count":1,"href":"https:\/\/denoticiasonline.com\/index.php\/wp-json\/wp\/v2\/posts\/39201\/revisions"}],"predecessor-version":[{"id":39203,"href":"https:\/\/denoticiasonline.com\/index.php\/wp-json\/wp\/v2\/posts\/39201\/revisions\/39203"}],"wp:featuredmedia":[{"embeddable":true,"href":"https:\/\/denoticiasonline.com\/index.php\/wp-json\/wp\/v2\/media\/39202"}],"wp:attachment":[{"href":"https:\/\/denoticiasonline.com\/index.php\/wp-json\/wp\/v2\/media?parent=39201"}],"wp:term":[{"taxonomy":"category","embeddable":true,"href":"https:\/\/denoticiasonline.com\/index.php\/wp-json\/wp\/v2\/categories?post=39201"},{"taxonomy":"post_tag","embeddable":true,"href":"https:\/\/denoticiasonline.com\/index.php\/wp-json\/wp\/v2\/tags?post=39201"}],"curies":[{"name":"wp","href":"https:\/\/api.w.org\/{rel}","templated":true}]}}