{"id":39085,"date":"2023-05-24T15:41:42","date_gmt":"2023-05-24T15:41:42","guid":{"rendered":"http:\/\/denoticiasonline.com\/?p=39085"},"modified":"2023-05-24T15:41:47","modified_gmt":"2023-05-24T15:41:47","slug":"viena-la-historia-de-pilar-la-violinista-de-remedios-de-escalada-que-enamora-al-mundo","status":"publish","type":"post","link":"https:\/\/denoticiasonline.com\/index.php\/2023\/05\/24\/viena-la-historia-de-pilar-la-violinista-de-remedios-de-escalada-que-enamora-al-mundo\/","title":{"rendered":"VIENA: LA HISTORIA DE PILAR LA VIOLINISTA DE REMEDIOS DE ESCALADA QUE ENAMORA AL MUNDO"},"content":{"rendered":"\n<p>El mundo esta asombrado con el caso de la violinista\u00a0<strong>Pilar Policano<\/strong>, <strong>la Argentina<\/strong> que con 15 a\u00f1os fue elegida para formarse en el\u00a0<strong>Perlman Music  Program<\/strong>, uno de los mejores programas de estudios del mundo, a cargo del c\u00e9lebre violinista israel\u00ed\u00a0<strong>Itzhak Perlman<\/strong>. En la actualidad, no es novedad la Argentina es un semillero de personalidades destacadas en todas las \u00e1reas: m\u00fasica, deportes, literatura, ciencia, entre otras. Alguno de ellos logran sobresalir desde muy chicos, tal es as\u00ed que la historia de Pilar, hoy es una de las embajadoras m\u00e1s destacadas de la cultura argentina.<\/p>\n\n\n\n<p>\u201cEs algo que siempre so\u00f1aba. Si vos me preguntabas qu\u00e9 quer\u00eda ser cuando fuera grande, yo dec\u00eda violinista\u201d, cuenta a&nbsp;<strong>Infobae Cultura<\/strong>&nbsp;desde Austria, donde vive junto a su familia. Gan\u00f3 la Beca&nbsp;<em>Teresa Gr\u00fcneisen<\/em>&nbsp;del Mozarteum Argentina (es la becaria m\u00e1s joven en la historia de esta instituci\u00f3n en recibirla) y toma clases con&nbsp;<strong>Boris Kuschnir<\/strong>. Es un recorrido similar al que hicieron&nbsp;<strong>Daniel Barenboim<\/strong>&nbsp;y&nbsp;<strong>Martha Argerich<\/strong>, nada menos.<\/p>\n\n\n\n<p>Parece haber nacido para dedicarse a la m\u00fasica. Cuando se sienta frente a una partitura, sorprende con su destreza y capacidad. La m\u00fasica forma parte de su vida desde que tiene uso de raz\u00f3n, ya que su mam\u00e1,&nbsp;<strong>Laura Minniti<\/strong>, era la directora de una orquesta-escuela. Ella siempre recibi\u00f3 apoy\u00f3 y estimul\u00f3 de su familia, que not\u00f3 tempranamente su talento y la llevaron a estudiar viol\u00edn en la Orquesta-escuela de Lan\u00fas, para luego, a los once a\u00f1os, continuar su formaci\u00f3n con el maestro&nbsp;<strong>Rafael Gintoli<\/strong>.<\/p>\n\n\n\n<p><em>Te puede interesar:&nbsp;<\/em><a href=\"https:\/\/www.infobae.com\/cultura\/2023\/04\/29\/un-premio-internacional-y-el-lado-oscuro-del-mundo-de-la-opera-segun-veronica-cangemi\/\" target=\"_blank\" rel=\"noreferrer noopener\"><em>Un premio internacional y el lado oscuro del mundo de la \u00f3pera, seg\u00fan Ver\u00f3nica Cangemi<\/em><\/a><\/p>\n\n\n\n<p><strong>Pilar Policano&nbsp;<\/strong>naci\u00f3 en Remedios de Escalada y su talento la llev\u00f3 a recorrer el mundo llevando su m\u00fasica y sus ganas de aprender. Su primera presentaci\u00f3n como solista con orquesta fue a los 9 a\u00f1os y desde ah\u00ed se present\u00f3 junto a la&nbsp;<strong>Orquesta Filarm\u00f3nica de Buenos<\/strong>&nbsp;Aires en el&nbsp;<strong>Teatro Col\u00f3n<\/strong>, con&nbsp;<strong>Orquesta Sinf\u00f3nica Nacional Argentina<\/strong>&nbsp;en el Centro Cultural Kirchner, con la&nbsp;<strong>Orquesta de la Radio y TV Serbia<\/strong>&nbsp;en Belgrado, la<strong>&nbsp;Orquesta Uniart Par\u00eds<\/strong>&nbsp;(Francia), la&nbsp;<strong>Filarm\u00f3nica de Pitesti&nbsp;<\/strong>(Rumania), entre otros. Todos esos logros no podr\u00edan haberse concretado sin el acompa\u00f1amiento de su familia, la gu\u00eda de sus maestros y el acompa\u00f1amiento de instituciones como el&nbsp;<strong>Mozarteum Argentino<\/strong>&nbsp;o el&nbsp;<strong>Ministerio de Cultura de la Naci\u00f3n<\/strong>.<\/p>\n\n\n\n<p><img data-recalc-dims=\"1\" loading=\"lazy\" decoding=\"async\" alt=\"Pilar Policano fue admitida, entre miles de postulantes del mundo, para desarrollase en el Perlman Music Program\" height=\"392\" width=\"696\" class=\"\" src=\"https:\/\/i0.wp.com\/cloudfront-us-east-1.images.arcpublishing.com\/infobae\/PYMAV4P5NNBEHNR7YXAGOEFKU4.jpg?resize=696%2C392&#038;ssl=1\" srcset=\"https:\/\/www.infobae.com\/new-resizer\/2k2L_FhLzBodsCrzuePHgF9Aos0=\/420x236\/filters:format(webp):quality(85)\/cloudfront-us-east-1.images.arcpublishing.com\/infobae\/PYMAV4P5NNBEHNR7YXAGOEFKU4.jpg 420w,https:\/\/www.infobae.com\/new-resizer\/Zo_UWP5y7OPE7bQfaE-mRZgv02I=\/768x432\/filters:format(webp):quality(85)\/cloudfront-us-east-1.images.arcpublishing.com\/infobae\/PYMAV4P5NNBEHNR7YXAGOEFKU4.jpg 768w,https:\/\/www.infobae.com\/new-resizer\/0h0lxizE-bM1EIYMW7DzmntufP0=\/992x558\/filters:format(webp):quality(85)\/cloudfront-us-east-1.images.arcpublishing.com\/infobae\/PYMAV4P5NNBEHNR7YXAGOEFKU4.jpg 992w,https:\/\/www.infobae.com\/new-resizer\/6u6KEMeQoMxe4zLpr4EV9rlN2-U=\/1200x675\/filters:format(webp):quality(85)\/cloudfront-us-east-1.images.arcpublishing.com\/infobae\/PYMAV4P5NNBEHNR7YXAGOEFKU4.jpg 1200w,https:\/\/www.infobae.com\/new-resizer\/OKP0V-vhL00fAREcqd7v4gxLMvw=\/1440x810\/filters:format(webp):quality(85)\/cloudfront-us-east-1.images.arcpublishing.com\/infobae\/PYMAV4P5NNBEHNR7YXAGOEFKU4.jpg 1440w\">Pilar Policano fue admitida, entre miles de postulantes del mundo, para desarrollase en el Perlman Music Program<\/p>\n\n\n\n<p>Hace pocos d\u00edas, su nombre gan\u00f3 notoriedad porque toc\u00f3 ante el Papa Francisco en Hungr\u00eda. De eso y otras cuestiones propias de su aprendizaje, vocaci\u00f3n y formaci\u00f3n musical, habla en esta entrevista. Esta es su historia.<\/p>\n\n\n\n<p><strong>\u2014\u00bfCu\u00e1ndo empezaste a estudiar viol\u00edn?<\/strong><\/p>\n\n\n\n<p>\u2014Empec\u00e9 a tocar a los seis a\u00f1os en la&nbsp;<strong>Escuela Orquesta de Lan\u00fas<\/strong>, que pertenece al&nbsp;<strong>Sistema de Coros y Orquestas de la prov\u00edncia de Buenos Aires<\/strong>. Mi mam\u00e1 era la directora de la escuela, yo la acompa\u00f1aba y en un momento me interes\u00e9 en estudiar alg\u00fan instrumento. Esos fueron mis primeros pasos en la m\u00fasica. Estudi\u00e9 all\u00ed hasta los 11 a\u00f1os, donde tuve mis primeras oportunidades de tocar con p\u00fablico y de manera solista, de conocer otras orquestas y chicos que est\u00e1n en mi misma situaci\u00f3n. Despu\u00e9s, mi profesora me llev\u00f3 a tomar una masterclass en UBA con el&nbsp;<strong>Maestro Rafael Gintoli<\/strong>, con \u00e9l me estuve formando hasta octubre del a\u00f1o pasado que nos mudamos con mi familia a la ciudad de Viena. Juntos tuvimos unos a\u00f1os de un muy intenso pero hermoso trabajo.<\/p>\n\n\n\n<p><img data-recalc-dims=\"1\" loading=\"lazy\" decoding=\"async\" alt=\"Pilar Policano vive junto a su familia en Austria\" height=\"392\" width=\"696\" class=\"\" src=\"https:\/\/i0.wp.com\/cloudfront-us-east-1.images.arcpublishing.com\/infobae\/ZC4XRUNQINA3DFV76MOVH3DZNU.jpg?resize=696%2C392&#038;ssl=1\" srcset=\"https:\/\/www.infobae.com\/new-resizer\/R0fpzexXTBsQZUvOMg0g483eSvU=\/420x236\/filters:format(webp):quality(85)\/cloudfront-us-east-1.images.arcpublishing.com\/infobae\/ZC4XRUNQINA3DFV76MOVH3DZNU.jpg 420w,https:\/\/www.infobae.com\/new-resizer\/dyo1-BD1CGtyq4DFfy6opMnpXBI=\/768x432\/filters:format(webp):quality(85)\/cloudfront-us-east-1.images.arcpublishing.com\/infobae\/ZC4XRUNQINA3DFV76MOVH3DZNU.jpg 768w,https:\/\/www.infobae.com\/new-resizer\/uaYaFscC5w-06m93FajuproKbsA=\/992x558\/filters:format(webp):quality(85)\/cloudfront-us-east-1.images.arcpublishing.com\/infobae\/ZC4XRUNQINA3DFV76MOVH3DZNU.jpg 992w,https:\/\/www.infobae.com\/new-resizer\/BJrgJWM0bzvYIgScdnkVF25NSwI=\/1200x675\/filters:format(webp):quality(85)\/cloudfront-us-east-1.images.arcpublishing.com\/infobae\/ZC4XRUNQINA3DFV76MOVH3DZNU.jpg 1200w,https:\/\/www.infobae.com\/new-resizer\/rK0RRMv2-5KMmZ7OSVSW_MBa1BU=\/1440x810\/filters:format(webp):quality(85)\/cloudfront-us-east-1.images.arcpublishing.com\/infobae\/ZC4XRUNQINA3DFV76MOVH3DZNU.jpg 1440w\">Pilar Policano vive junto a su familia en Austria<\/p>\n\n\n\n<p><strong>\u2014\u00bfC\u00f3mo fue la mudanza y la adaptaci\u00f3n en Viena?<\/strong><\/p>\n\n\n\n<p>\u2014Llegu\u00e9 en octubre cuando arrancaba el ciclo lectivo ac\u00e1. La adaptaci\u00f3n no fue dif\u00edcil, Viena es una ciudad preciosa y tiene mucha cultura, mucha m\u00fasica. Siempre que sal\u00eds te encontrar\u00e1s alg\u00fan m\u00fasico o alguien que lleva un instrumento en la espalda, es muy lindo. Ac\u00e1 vienen un mont\u00f3n de artistas, de los m\u00e1s famosos y de los que uno admira. Pod\u00e9s ir al&nbsp;<strong>Musikverein<\/strong>, una de las salas m\u00e1s importantes del mundo, a ver a estos grandes y aprender mucho de ellos. Vinimos a Austria con toda mi familia porque ac\u00e1 pod\u00eda estudiar con el maestro&nbsp;<strong>Boris Kuschnir<\/strong>. Mis pap\u00e1s creyeron que era la mejor opci\u00f3n, as\u00ed no ten\u00eda que viajar s\u00f3la. Trabajamos mucho el sonido, los detalles y la calidad de cada nota. Este maestro era la mejor opci\u00f3n para mi carrera y aprendizaje. Es de los mejores del mundo. Me prepar\u00e9 mucho en la Argentina para poder llegar ac\u00e1.<\/p>\n\n\n\n<p><em>Te puede interesar:&nbsp;<\/em><a href=\"https:\/\/www.infobae.com\/cultura\/2023\/05\/23\/consumos-culturales-en-argentina-la-musica-y-la-tv-siguen-siendo-masivas-pero-las-redes-sociales-lideran-el-podio\/\" target=\"_blank\" rel=\"noreferrer noopener\"><em>Consumos culturales en Argentina: la m\u00fasica y la TV siguen siendo masivas, pero las redes sociales lideran el podio<\/em><\/a><\/p>\n\n\n\n<p><strong>\u2014\u00bfCu\u00e1ndo se dieron cuenta de que lo tuyo no era un hobby y que pod\u00edas convertirte en un m\u00fasico profesional?<\/strong><\/p>\n\n\n\n<p>\u2014A pesar de la exigencia que tiene cada nueva etapa de aprendizaje, nunca dej\u00f3 de ser un juego, algo que disfruto,&nbsp;<strong>siempre le encuentro el costado l\u00fadico para que no se vuelva una tortura o algo que hay que hacer por obligaci\u00f3n<\/strong>, no es la idea de la m\u00fasica, ni de ning\u00fan arte o disciplina me imagino. C\u00f3mo mi mam\u00e1 ense\u00f1aba m\u00fasica, siempre fue normal ver ni\u00f1os tocando instrumentos. La m\u00fasica y el viol\u00edn lleva mucho trabajo y hay que dedicarle tiempo, pero vale la pena y lo disfruto mucho.<\/p>\n\n\n\n<p><img data-recalc-dims=\"1\" loading=\"lazy\" decoding=\"async\" alt=\"Su primera presentaci\u00f3n como solista con orquesta fue a los 9 a\u00f1os\" height=\"392\" width=\"696\" class=\"\" src=\"https:\/\/i0.wp.com\/cloudfront-us-east-1.images.arcpublishing.com\/infobae\/XLAQWVV66JHKFP3H4WJAPMJJIA.jpg?resize=696%2C392&#038;ssl=1\" srcset=\"https:\/\/www.infobae.com\/new-resizer\/ItnQFI_h7Gydrynm8V0oSfocAJc=\/420x236\/filters:format(webp):quality(85)\/cloudfront-us-east-1.images.arcpublishing.com\/infobae\/XLAQWVV66JHKFP3H4WJAPMJJIA.jpg 420w,https:\/\/www.infobae.com\/new-resizer\/hPHnmAdfsQJgN6Xl1MRR8kEcMZ0=\/768x432\/filters:format(webp):quality(85)\/cloudfront-us-east-1.images.arcpublishing.com\/infobae\/XLAQWVV66JHKFP3H4WJAPMJJIA.jpg 768w,https:\/\/www.infobae.com\/new-resizer\/YNOqKgw5FF7XsZxiDKbg-Ttoa6E=\/992x558\/filters:format(webp):quality(85)\/cloudfront-us-east-1.images.arcpublishing.com\/infobae\/XLAQWVV66JHKFP3H4WJAPMJJIA.jpg 992w,https:\/\/www.infobae.com\/new-resizer\/tfp0paYgiUMXruy5piOVGdGANAo=\/1200x675\/filters:format(webp):quality(85)\/cloudfront-us-east-1.images.arcpublishing.com\/infobae\/XLAQWVV66JHKFP3H4WJAPMJJIA.jpg 1200w,https:\/\/www.infobae.com\/new-resizer\/sNCrYRMAEE9yZcuO7FDcSW9ESf8=\/1440x810\/filters:format(webp):quality(85)\/cloudfront-us-east-1.images.arcpublishing.com\/infobae\/XLAQWVV66JHKFP3H4WJAPMJJIA.jpg 1440w\">Su primera presentaci\u00f3n como solista con orquesta fue a los 9 a\u00f1os<\/p>\n\n\n\n<p><strong>\u2014Viajando tanto, \u00bfc\u00f3mo hac\u00e9s con la escuela?<\/strong><\/p>\n\n\n\n<p>\u2014Ahora estoy cursando el colegio en&nbsp;<strong>SEADEA<\/strong>&nbsp;que es el \u201cSistema de Educaci\u00f3n a Distancia del Ej\u00e9rcito Argentino\u201d, que est\u00e1 destinado a chicos que no pueden asistir a clase con regularidad, por ejemplo los chicos que viven en el exterior, son n\u00f3mades, o son deportistas.&nbsp;<strong>Tengo compa\u00f1eros con historias muy interesantes.<\/strong>&nbsp;El a\u00f1o pasado estuve viajando much\u00edsimo, entonces hubiera quedado libre si iba a un colegio normal. Este sistema nos permite a nosotros seguir desarroll\u00e1ndose en nuestras disciplinas o lo que sea que hagamos sin tener que dejar la educaci\u00f3n escolar atr\u00e1s. Ac\u00e1 en Austria, hablamos alem\u00e1n, que es la lengua oficial, toda mi familia est\u00e1 aprendiendo. Adem\u00e1s de espa\u00f1ol, hablo ingl\u00e9s y estoy estudiando franc\u00e9s, porque me encantan los idiomas y s\u00e9 que me ser\u00e1n muy \u00fatiles para mi profesi\u00f3n.<\/p>\n\n\n\n<p><strong>\u2014\u00bfCu\u00e1nto te preparaste para entrar al Perlman Music Program en Nueva York?<\/strong><\/p>\n\n\n\n<p>\u2014Un mont\u00f3n. Es un programa de siete semanas con el violinista m\u00e1s importante de la actualidad. Lo har\u00e9 durante el verano de ac\u00e1, en junio\/julio de este a\u00f1o. All\u00e1 vamos a tener clases con los mejores maestros, del m\u00e1s alt\u00edsimo nivel y tenemos orquesta, m\u00fasica de c\u00e1mara, coro, clases de solistas. Es para chicos entre los 12 y 18 a\u00f1os y una vez que te admiten Pod\u00e9s seguir concursando para los siguientes a\u00f1os. Es realmente muy dif\u00edcil entrar,\u00a0<strong>soy la primera argentina en ser admitida en toda la historia del programa<\/strong>. Se basa mucho en formar una comunidad.<\/p>\n\n\n\n<p>Mis compa\u00f1eros tambi\u00e9n ser\u00e1n del m\u00e1s alto nivel y eso te inspira y te da m\u00e1s fuerzas porque uno aprende de los maestros, pero tambi\u00e9n de los pares que vienen de todo el mundo. Te abre mucho la cabeza en todo sentido porque provienen de culturas totalmente distintas y es algo muy enriquecedor que tambi\u00e9n lo aplicamos en la m\u00fasica. Estas experiencias son muy importantes y positivas. Para llegar hasta ac\u00e1 fue muy crucial el trabajo del maestro, primero mi profesora, la Orquesta Escuela que fue la que me form\u00f3 y me impuls\u00f3 para que hiciera la masterclass con el maestro Gintoli y cuando \u00e9l me tom\u00f3 de alumna, me dijo en unos a\u00f1os ten\u00e9s que estar en Europa y me preparo para estar ac\u00e1 y realmente fue un cambio fue enorme lo que aprend\u00ed en esos a\u00f1os, no s\u00e9 c\u00f3mo hizo. Ahora estoy con el maestro&nbsp;<strong>Boris Kuschnir<\/strong>, que me est\u00e1 ense\u00f1ando much\u00edsimo y tambi\u00e9n el apoyo mucho de la familia, especialmente. Sin la familia ser\u00eda muy muy dif\u00edcil.<\/p>\n\n\n\n<p><img data-recalc-dims=\"1\" loading=\"lazy\" decoding=\"async\" alt=\"El momento en que Pilar pudo tocar para el Papa Francisco \n\" height=\"392\" width=\"696\" class=\"\" src=\"https:\/\/i0.wp.com\/cloudfront-us-east-1.images.arcpublishing.com\/infobae\/EZLKYAXKHVHR5LCNDAR2ZIOFCU.jpg?resize=696%2C392&#038;ssl=1\" srcset=\"https:\/\/www.infobae.com\/new-resizer\/1dcCoyK-Qr7_BA-8uQzKVrYlApk=\/420x236\/filters:format(webp):quality(85)\/cloudfront-us-east-1.images.arcpublishing.com\/infobae\/EZLKYAXKHVHR5LCNDAR2ZIOFCU.jpg 420w,https:\/\/www.infobae.com\/new-resizer\/J20DCQNUi6WyezmMUaG9cdOGDlQ=\/768x432\/filters:format(webp):quality(85)\/cloudfront-us-east-1.images.arcpublishing.com\/infobae\/EZLKYAXKHVHR5LCNDAR2ZIOFCU.jpg 768w,https:\/\/www.infobae.com\/new-resizer\/KVhsmf59R1rtc7m9YyXFZX06YKo=\/992x558\/filters:format(webp):quality(85)\/cloudfront-us-east-1.images.arcpublishing.com\/infobae\/EZLKYAXKHVHR5LCNDAR2ZIOFCU.jpg 992w,https:\/\/www.infobae.com\/new-resizer\/yOQQF0NBqT9t7GjKF9TeCvMaCH8=\/1200x675\/filters:format(webp):quality(85)\/cloudfront-us-east-1.images.arcpublishing.com\/infobae\/EZLKYAXKHVHR5LCNDAR2ZIOFCU.jpg 1200w,https:\/\/www.infobae.com\/new-resizer\/qZoCnDvByvhd_zsgTmvyDmM2TOs=\/1440x810\/filters:format(webp):quality(85)\/cloudfront-us-east-1.images.arcpublishing.com\/infobae\/EZLKYAXKHVHR5LCNDAR2ZIOFCU.jpg 1440w\">El momento en que Pilar pudo tocar para el Papa Francisco<\/p>\n\n\n\n<p><strong>\u2014\u00bfC\u00f3mo viviste la experiencia de tocar para el Papa Francisco?<\/strong><\/p>\n\n\n\n<p>\u2014Fue muy loco tocar para una persona tan relevante. Recib\u00ed la invitaci\u00f3n del embajador de Argentina en Hungr\u00eda, \u00e9l hizo que fuera posible. Nos invit\u00f3 a Budapest para que fuera a tocar. Era en una audiencia privada y le toqu\u00e9 un tango. Eleg\u00ed \u201c<strong>La Cumparsita<\/strong>\u201d, en un arreglo para viol\u00edn solo. Le gust\u00f3 mucho, lo vi muy contento escuch\u00e1ndome. Despu\u00e9s, hablamos un poco, me dijo que ten\u00eda un gran futuro por delante. Fue una experiencia linda.<\/p>\n\n\n\n<p>Por protocolo y seguridad, cuando salimos con mi familia, ten\u00edamos que esperar que \u00e9l saliera primero en su auto y cuando ya est\u00e1bamos afuera&#8230; Me vio, porque iba con la ventanilla baja, sonri\u00f3 de oreja a oreja e hizo el signo de aprobaci\u00f3n con las dos manos y me grit\u00f3 \u201c\u00a1Bravo, bravo!\u201d Adem\u00e1s, me cont\u00f3 una an\u00e9cdota con&nbsp;<strong>Martha Argerich<\/strong>, la pianista argentina que yo admiro much\u00edsimo. Fue muy lindo escuchar al Papa hablando el espa\u00f1ol, y en porte\u00f1o.<\/p>\n","protected":false},"excerpt":{"rendered":"<p>El mundo esta asombrado con el caso de la violinista\u00a0Pilar Policano, la Argentina que con 15 a\u00f1os fue elegida para formarse en el\u00a0Perlman Music Program, uno de los mejores programas de estudios del mundo, a cargo del c\u00e9lebre violinista israel\u00ed\u00a0Itzhak Perlman. En la actualidad, no es novedad la Argentina es un semillero de personalidades destacadas [&hellip;]<\/p>\n","protected":false},"author":21,"featured_media":39088,"comment_status":"open","ping_status":"open","sticky":false,"template":"","format":"standard","meta":{"_jetpack_memberships_contains_paid_content":false,"footnotes":""},"categories":[62],"tags":[7394,7395,7399,7391,7396,4821,7398,7397,7390,7400,7393,7392],"class_list":{"0":"post-39085","1":"post","2":"type-post","3":"status-publish","4":"format-standard","5":"has-post-thumbnail","7":"category-cultura-en-merlo","8":"tag-boris-kuschnir","9":"tag-daniel-barenboim","10":"tag-escuela-orquesta-de-lanus","11":"tag-itzhak-perlman","12":"tag-laura-minniti","13":"tag-martha-argerich","14":"tag-ministerio-de-cultura-dela-nacion","15":"tag-orquesta-filarmonica-de-buenos-aires","16":"tag-pilar-policano","17":"tag-tocar-para-el-papa-francisco","18":"tag-viena","19":"tag-violinista-argentina"},"jetpack_featured_media_url":"https:\/\/i0.wp.com\/denoticiasonline.com\/wp-content\/uploads\/2023\/05\/Captura-de-pantalla-2023-05-24-122154.png?fit=603%2C588&ssl=1","jetpack_sharing_enabled":true,"_links":{"self":[{"href":"https:\/\/denoticiasonline.com\/index.php\/wp-json\/wp\/v2\/posts\/39085","targetHints":{"allow":["GET"]}}],"collection":[{"href":"https:\/\/denoticiasonline.com\/index.php\/wp-json\/wp\/v2\/posts"}],"about":[{"href":"https:\/\/denoticiasonline.com\/index.php\/wp-json\/wp\/v2\/types\/post"}],"author":[{"embeddable":true,"href":"https:\/\/denoticiasonline.com\/index.php\/wp-json\/wp\/v2\/users\/21"}],"replies":[{"embeddable":true,"href":"https:\/\/denoticiasonline.com\/index.php\/wp-json\/wp\/v2\/comments?post=39085"}],"version-history":[{"count":1,"href":"https:\/\/denoticiasonline.com\/index.php\/wp-json\/wp\/v2\/posts\/39085\/revisions"}],"predecessor-version":[{"id":39089,"href":"https:\/\/denoticiasonline.com\/index.php\/wp-json\/wp\/v2\/posts\/39085\/revisions\/39089"}],"wp:featuredmedia":[{"embeddable":true,"href":"https:\/\/denoticiasonline.com\/index.php\/wp-json\/wp\/v2\/media\/39088"}],"wp:attachment":[{"href":"https:\/\/denoticiasonline.com\/index.php\/wp-json\/wp\/v2\/media?parent=39085"}],"wp:term":[{"taxonomy":"category","embeddable":true,"href":"https:\/\/denoticiasonline.com\/index.php\/wp-json\/wp\/v2\/categories?post=39085"},{"taxonomy":"post_tag","embeddable":true,"href":"https:\/\/denoticiasonline.com\/index.php\/wp-json\/wp\/v2\/tags?post=39085"}],"curies":[{"name":"wp","href":"https:\/\/api.w.org\/{rel}","templated":true}]}}