{"id":39061,"date":"2023-05-23T18:39:04","date_gmt":"2023-05-23T18:39:04","guid":{"rendered":"http:\/\/denoticiasonline.com\/?p=39061"},"modified":"2023-05-23T18:39:09","modified_gmt":"2023-05-23T18:39:09","slug":"censo-para-determinar-la-regularizacion-dominal","status":"publish","type":"post","link":"https:\/\/denoticiasonline.com\/index.php\/2023\/05\/23\/censo-para-determinar-la-regularizacion-dominal\/","title":{"rendered":"CENSO PARA DETERMINAR LA REGULARIZACI\u00d3N DOMINAL"},"content":{"rendered":"\n<p class=\"wp-block-paragraph\">La\u00a0<strong><a href=\"https:\/\/www.merlo.gob.ar\/tierras\/\">Subsecretar\u00eda de Tierras y Viviendas de Merlo<\/a>\u00a0y el\u00a0<a href=\"https:\/\/www.gba.gob.ar\/vivienda\">Instituto de la Vivienda de la Provincia de Buenos Aires<\/a><\/strong> llevo adelante una serie de censos en el distrito de Merlo para determinar el proceso de\u00a0<strong>Regularizaci\u00f3n Dominial<\/strong>\u00a0en el barrio Eva Per\u00f3n.<\/p>\n\n\n\n<p class=\"wp-block-paragraph\">El operativo tiene por finalidad brindar mayor seguridad y fiabilidad a los vecinos del distrito debido a hechos de referentes a ocupas de terrenos de manera ilegal. En este sentido, el&nbsp;<a href=\"https:\/\/www.merlo.gob.ar\/desarrollosocial\/\">Secretario de Desarrollo e Integraci\u00f3n Social<\/a>, Lucas Scarcella y el Subsecretario de Tierras, Rosendo Mart\u00ednez encabezaron este operativo bajo la Ley Pierri.<\/p>\n\n\n\n<figure class=\"wp-block-image\"><img decoding=\"async\" src=\"https:\/\/i0.wp.com\/panoramahoy.com\/wp-content\/uploads\/2023\/05\/Censo-Pre-Adjudicatorio-Eva-Peron-2.jpg?resize=696%2C464\" alt=\"\" class=\"wp-image-29208\"\/><\/figure>\n\n\n\n<p class=\"wp-block-paragraph\">Por otro lado, les brindar\u00e1 a los vecinos seguridad jur\u00eddica y les garantizar\u00e1 el acceso a la gesti\u00f3n de tr\u00e1mites sobre sus propiedades.<\/p>\n\n\n\n<p class=\"wp-block-paragraph\">La Regulaci\u00f3n Dominal es un trabajo del Municipio y salen beneficiados los vecinos del distrito y se garantizan el derecho a la vivienda a las familias de Merlo.<\/p>\n","protected":false},"excerpt":{"rendered":"<p>La\u00a0Subsecretar\u00eda de Tierras y Viviendas de Merlo\u00a0y el\u00a0Instituto de la Vivienda de la Provincia de Buenos Aires llevo adelante una serie de censos en el distrito de Merlo para determinar el proceso de\u00a0Regularizaci\u00f3n Dominial\u00a0en el barrio Eva Per\u00f3n. El operativo tiene por finalidad brindar mayor seguridad y fiabilidad a los vecinos del distrito debido a [&hellip;]<\/p>\n","protected":false},"author":21,"featured_media":39063,"comment_status":"open","ping_status":"open","sticky":false,"template":"","format":"standard","meta":{"_jetpack_memberships_contains_paid_content":false,"footnotes":""},"categories":[33,57],"tags":[107,7372,3587,649,2517,1282,58,1365,7373,1300,434,7371],"class_list":["post-39061","post","type-post","status-publish","format-standard","has-post-thumbnail","hentry","category-economia-merlo","category-sociedad-merlo-merlo-municipio-de-merlo","tag-gustavo-menendez","tag-instituto-de-vivienda-de-la-provincia-de-buenos-aires","tag-intendencia-menendez","tag-karina-menendez","tag-ley-pierri","tag-lucas-scarcella","tag-merlo","tag-municipio-de-merlo","tag-regularizacion-nominal","tag-rosendo-martinez","tag-sociedad","tag-subsecretaria-de-tierras-y-viviendas-de-merlo"],"jetpack_featured_media_url":"https:\/\/i0.wp.com\/denoticiasonline.com\/wp-content\/uploads\/2023\/05\/Censo-Pre-Adjudicatorio-Eva-Peron-4.jpg?fit=2048%2C1366&ssl=1","jetpack_sharing_enabled":true,"_links":{"self":[{"href":"https:\/\/denoticiasonline.com\/index.php\/wp-json\/wp\/v2\/posts\/39061","targetHints":{"allow":["GET"]}}],"collection":[{"href":"https:\/\/denoticiasonline.com\/index.php\/wp-json\/wp\/v2\/posts"}],"about":[{"href":"https:\/\/denoticiasonline.com\/index.php\/wp-json\/wp\/v2\/types\/post"}],"author":[{"embeddable":true,"href":"https:\/\/denoticiasonline.com\/index.php\/wp-json\/wp\/v2\/users\/21"}],"replies":[{"embeddable":true,"href":"https:\/\/denoticiasonline.com\/index.php\/wp-json\/wp\/v2\/comments?post=39061"}],"version-history":[{"count":1,"href":"https:\/\/denoticiasonline.com\/index.php\/wp-json\/wp\/v2\/posts\/39061\/revisions"}],"predecessor-version":[{"id":39064,"href":"https:\/\/denoticiasonline.com\/index.php\/wp-json\/wp\/v2\/posts\/39061\/revisions\/39064"}],"wp:featuredmedia":[{"embeddable":true,"href":"https:\/\/denoticiasonline.com\/index.php\/wp-json\/wp\/v2\/media\/39063"}],"wp:attachment":[{"href":"https:\/\/denoticiasonline.com\/index.php\/wp-json\/wp\/v2\/media?parent=39061"}],"wp:term":[{"taxonomy":"category","embeddable":true,"href":"https:\/\/denoticiasonline.com\/index.php\/wp-json\/wp\/v2\/categories?post=39061"},{"taxonomy":"post_tag","embeddable":true,"href":"https:\/\/denoticiasonline.com\/index.php\/wp-json\/wp\/v2\/tags?post=39061"}],"curies":[{"name":"wp","href":"https:\/\/api.w.org\/{rel}","templated":true}]}}