{"id":37636,"date":"2023-03-10T17:01:55","date_gmt":"2023-03-10T17:01:55","guid":{"rendered":"http:\/\/denoticiasonline.com\/?p=37636"},"modified":"2023-03-10T17:01:59","modified_gmt":"2023-03-10T17:01:59","slug":"karina-menendez-abrio-las-sesiones-ordinarias-en-el-hcd","status":"publish","type":"post","link":"https:\/\/denoticiasonline.com\/index.php\/2023\/03\/10\/karina-menendez-abrio-las-sesiones-ordinarias-en-el-hcd\/","title":{"rendered":"<strong>KARINA MEN\u00c9NDEZ ABRI\u00d3 LAS SESIONES ORDINARIAS EN EL HCD<\/strong>"},"content":{"rendered":"\n<p><strong><em>El acto en el municipio fue encabezado por la intendenta de Merlo Karina Men\u00e9ndez ,donde dej\u00f3 expectativas a futuro y repas\u00f3 sus a\u00f1os de gesti\u00f3n.<\/em><\/strong><\/p>\n\n\n\n<p><em>Este jueves, la intendente Karina Men\u00e9ndez, junto a su hermano Gustavo Men\u00e9ndez abri\u00f3 con un discurso la sesiones ordinarias del Honorable Concejo Deliberante (HCD).<\/em><\/p>\n\n\n\n<p><em>De forma similar a como lo hicieron Alberto Fern\u00e1ndez y Axel Kicillof d\u00edas antes en Palacio Legislativo Bonaerense, la jefa comunal aprovech\u00f3 la oportunidad para hacer un repaso de su gesti\u00f3n hasta ahora y adelantar proyectos del futuro.<\/em><\/p>\n\n\n\n<figure class=\"wp-block-image size-full\"><img data-recalc-dims=\"1\" loading=\"lazy\" decoding=\"async\" width=\"696\" height=\"464\" src=\"https:\/\/i0.wp.com\/denoticiasonline.com\/wp-content\/uploads\/2023\/03\/image-20.png?resize=696%2C464\" alt=\"\" class=\"wp-image-37637\" srcset=\"https:\/\/i0.wp.com\/denoticiasonline.com\/wp-content\/uploads\/2023\/03\/image-20.png?w=696&amp;ssl=1 696w, https:\/\/i0.wp.com\/denoticiasonline.com\/wp-content\/uploads\/2023\/03\/image-20.png?resize=300%2C200&amp;ssl=1 300w, https:\/\/i0.wp.com\/denoticiasonline.com\/wp-content\/uploads\/2023\/03\/image-20.png?resize=150%2C100&amp;ssl=1 150w, https:\/\/i0.wp.com\/denoticiasonline.com\/wp-content\/uploads\/2023\/03\/image-20.png?resize=630%2C420&amp;ssl=1 630w\" sizes=\"auto, (max-width: 696px) 100vw, 696px\" \/><\/figure>\n\n\n\n<p><em>Junto a esos dos ejes principales la intendenta de Merlo, record\u00f3 los 40 a\u00f1os de democracia y sostuvo:<\/em>&nbsp;<strong>\u201c<em>Cumplimos con la palabra empe\u00f1ada y queremos ser protagonistas constantes de la transformaci\u00f3n en marcha, porque Merlo es nuestra casa com\u00fan\u201d.<\/em><\/strong><\/p>\n\n\n\n<p><em>Ademas indic\u00f3:&nbsp;<strong>\u201cNo queremos un estado chico, queremos un estado eficiente, inteligente, inclusivo y solidario. Ese estado que le da una mano al ca\u00eddo y cumple una misi\u00f3n trascendental en la construcci\u00f3n de la justicia social<\/strong><\/em>\u201d.<\/p>\n\n\n\n<p>En cuanto a los logros de su gesti\u00f3n, la mandataria merlense se refiri\u00f3 a la finalizaci\u00f3n de obras tanto p\u00fablicas como hidr\u00e1ulicas, la creaci\u00f3n de puestos de trabajos y la instalaci\u00f3n de c\u00e1maras y paradas seguras para m\u00e1s seguridad en el distrito.<\/p>\n\n\n\n<p>\u201c<em>La \u00fanica herramienta transformadora es la pol\u00edtica, llegar a cada uno de esos barrios, donde la gente no tiene posibilidades, poder estar m\u00e1s presente, con cada obra transformadora que genera puestos de trabajo<\/em>\u201d, concluy\u00f3 la mandataria.<\/p>\n\n\n\n<figure class=\"wp-block-image size-full\"><img data-recalc-dims=\"1\" loading=\"lazy\" decoding=\"async\" width=\"696\" height=\"464\" src=\"https:\/\/i0.wp.com\/denoticiasonline.com\/wp-content\/uploads\/2023\/03\/image-21.png?resize=696%2C464\" alt=\"\" class=\"wp-image-37638\" srcset=\"https:\/\/i0.wp.com\/denoticiasonline.com\/wp-content\/uploads\/2023\/03\/image-21.png?w=696&amp;ssl=1 696w, https:\/\/i0.wp.com\/denoticiasonline.com\/wp-content\/uploads\/2023\/03\/image-21.png?resize=300%2C200&amp;ssl=1 300w, https:\/\/i0.wp.com\/denoticiasonline.com\/wp-content\/uploads\/2023\/03\/image-21.png?resize=150%2C100&amp;ssl=1 150w, https:\/\/i0.wp.com\/denoticiasonline.com\/wp-content\/uploads\/2023\/03\/image-21.png?resize=630%2C420&amp;ssl=1 630w\" sizes=\"auto, (max-width: 696px) 100vw, 696px\" \/><\/figure>\n\n\n\n<p>Por su parte, el presidente del Grupo Provincia, Gustavo Men\u00e9ndez expres\u00f3 que&nbsp;<strong><em>\u201cel discurso de Karina fue para rendirle cuentas al pueblo de Merlo, de lo que se hizo y se har\u00e1 en el distrito. Adem\u00e1s, fue muy comprometido y esto nos permite ver el futuro con esperanzas a pesar de las dificultades\u201d<\/em><\/strong>.<\/p>\n\n\n\n<p>Con respecto a las obras en materia de salud subray\u00f3:&nbsp;<strong><em>\u201cEn toda la historia de Merlo se construyeron 3 hospitales: el Eva Per\u00f3n, el de Pontevedra, y el Hospital Pedro Chutro. Nosotros en ocho a\u00f1os construimos el Hospital Odonto-Oftalmol\u00f3gico, el nuevo edificio del hospital Eva&nbsp; Per\u00f3n, el hospital Universitario y el Nuevo hospital de Mariano Acosta, y todo, con fondos municipales, eso demuestra que cuando se quiere se puede\u201d<\/em><\/strong>.<\/p>\n\n\n\n<p>Asimismo, Men\u00e9ndez subray\u00f3&nbsp;<strong><em>\u201cla cantidad de puestos de trabajos directos e indirectos que se est\u00e1n generando con la Feria del Encuentro Cultural, con las dos penitenciarias, la alcald\u00eda y la apertura de ANSES y el departamento judicial, en el lapso de un a\u00f1o se consiguieron m\u00e1s de 10 mil puestos de trabajo directos e indirectos\u201d.<\/em><\/strong><\/p>\n","protected":false},"excerpt":{"rendered":"<p>El acto en el municipio fue encabezado por la intendenta de Merlo Karina Men\u00e9ndez ,donde dej\u00f3 expectativas a futuro y repas\u00f3 sus a\u00f1os de gesti\u00f3n. Este jueves, la intendente Karina Men\u00e9ndez, junto a su hermano Gustavo Men\u00e9ndez abri\u00f3 con un discurso la sesiones ordinarias del Honorable Concejo Deliberante (HCD). De forma similar a como lo [&hellip;]<\/p>\n","protected":false},"author":21,"featured_media":37639,"comment_status":"open","ping_status":"open","sticky":false,"template":"","format":"standard","meta":{"_jetpack_memberships_contains_paid_content":false,"footnotes":""},"categories":[57],"tags":[2303,3587,649,58,1365,451],"class_list":{"0":"post-37636","1":"post","2":"type-post","3":"status-publish","4":"format-standard","5":"has-post-thumbnail","7":"category-sociedad-merlo-merlo-municipio-de-merlo","8":"tag-honorable-concejo-deliberante","9":"tag-intendencia-menendez","10":"tag-karina-menendez","11":"tag-merlo","12":"tag-municipio-de-merlo","13":"tag-politica-3"},"jetpack_featured_media_url":"https:\/\/i0.wp.com\/denoticiasonline.com\/wp-content\/uploads\/2023\/03\/Apertura-Sesiones-HCD-2023-4.jpg?fit=1200%2C800&ssl=1","jetpack_sharing_enabled":true,"_links":{"self":[{"href":"https:\/\/denoticiasonline.com\/index.php\/wp-json\/wp\/v2\/posts\/37636","targetHints":{"allow":["GET"]}}],"collection":[{"href":"https:\/\/denoticiasonline.com\/index.php\/wp-json\/wp\/v2\/posts"}],"about":[{"href":"https:\/\/denoticiasonline.com\/index.php\/wp-json\/wp\/v2\/types\/post"}],"author":[{"embeddable":true,"href":"https:\/\/denoticiasonline.com\/index.php\/wp-json\/wp\/v2\/users\/21"}],"replies":[{"embeddable":true,"href":"https:\/\/denoticiasonline.com\/index.php\/wp-json\/wp\/v2\/comments?post=37636"}],"version-history":[{"count":1,"href":"https:\/\/denoticiasonline.com\/index.php\/wp-json\/wp\/v2\/posts\/37636\/revisions"}],"predecessor-version":[{"id":37640,"href":"https:\/\/denoticiasonline.com\/index.php\/wp-json\/wp\/v2\/posts\/37636\/revisions\/37640"}],"wp:featuredmedia":[{"embeddable":true,"href":"https:\/\/denoticiasonline.com\/index.php\/wp-json\/wp\/v2\/media\/37639"}],"wp:attachment":[{"href":"https:\/\/denoticiasonline.com\/index.php\/wp-json\/wp\/v2\/media?parent=37636"}],"wp:term":[{"taxonomy":"category","embeddable":true,"href":"https:\/\/denoticiasonline.com\/index.php\/wp-json\/wp\/v2\/categories?post=37636"},{"taxonomy":"post_tag","embeddable":true,"href":"https:\/\/denoticiasonline.com\/index.php\/wp-json\/wp\/v2\/tags?post=37636"}],"curies":[{"name":"wp","href":"https:\/\/api.w.org\/{rel}","templated":true}]}}