{"id":37288,"date":"2023-02-17T18:08:54","date_gmt":"2023-02-17T18:08:54","guid":{"rendered":"http:\/\/denoticiasonline.com\/?p=37288"},"modified":"2023-02-17T18:08:59","modified_gmt":"2023-02-17T18:08:59","slug":"miramar-a-pura-musica-con-estelares","status":"publish","type":"post","link":"https:\/\/denoticiasonline.com\/index.php\/2023\/02\/17\/miramar-a-pura-musica-con-estelares\/","title":{"rendered":"MIRAMAR: A PURA M\u00daSICA CON ESTELARES"},"content":{"rendered":"\n<p>La ciudad de Miramar recibir\u00e1 la visita de la gran banda de rock Nacional, \u201cEstelares\u201d; el\u00a0 mi\u00e9rcoles 22 de febrero a las 20.00 hs , gracias  a la labor del intendente Sebasti\u00e1n Lanantuocon y el Instituto Cultural de la Provincia de Buenos Aires, para promover la cultura y el arte.<\/p>\n\n\n\n<p>Los int\u00e9rpretes de\u00a0 \u00e9xitos como, \u201cUn d\u00eda perfecto\u201d , \u201c Ella dijo \u201d,y\u00a0 \u201cs\u00f3lo por hoy\u201d , han recorrido una larga y\u00a0exitosa carrera que comenz\u00f3 cuando los integrantes de la banda eran chicos, en la plata all\u00e1 por el a\u00f1o 1994 y tuvo su debut en a\u00f1o 1996, con el \u00e1lbum \u201cExtra\u00f1o Lugar\u201d,\u00a0 combinando lo pop y lo mel\u00f3dico con una marcada y sorprendente est\u00e9tica tanguera, que lo hace aparecer como una novedosa propuesta dentro de la escena rockera.<\/p>\n\n\n\n<p>Ser\u00e1 en el Anfiteatro Municipal \u201cJos\u00e9 Hern\u00e1ndez\u201d (Parque de la Bienal, ingreso a Miramar por RP11), este mi\u00e9rcoles 22 a las 20:00 hs, con el acompa\u00f1amiento de \u201cMar\u00eda Sotelo\u201d como telonera. Entrada libre y gratuita.<\/p>\n","protected":false},"excerpt":{"rendered":"<p>La ciudad de Miramar recibir\u00e1 la visita de la gran banda de rock Nacional, \u201cEstelares\u201d; el\u00a0 mi\u00e9rcoles 22 de febrero a las 20.00 hs , gracias a la labor del intendente Sebasti\u00e1n Lanantuocon y el Instituto Cultural de la Provincia de Buenos Aires, para promover la cultura y el arte. Los int\u00e9rpretes de\u00a0 \u00e9xitos como, [&hellip;]<\/p>\n","protected":false},"author":21,"featured_media":37289,"comment_status":"open","ping_status":"open","sticky":false,"template":"","format":"standard","meta":{"_jetpack_memberships_contains_paid_content":false,"footnotes":""},"categories":[62],"tags":[6473,6474,5858,6472,6475,434],"class_list":{"0":"post-37288","1":"post","2":"type-post","3":"status-publish","4":"format-standard","5":"has-post-thumbnail","7":"category-cultura-en-merlo","8":"tag-costa-atlantica-3","9":"tag-estelares","10":"tag-instituto-cultural-de-la-provincia-de-buenos-aires","11":"tag-miramar","12":"tag-sebastian-lanantuony","13":"tag-sociedad"},"jetpack_featured_media_url":"https:\/\/i0.wp.com\/denoticiasonline.com\/wp-content\/uploads\/2023\/02\/Captura1.jpg?fit=541%2C543&ssl=1","jetpack_sharing_enabled":true,"_links":{"self":[{"href":"https:\/\/denoticiasonline.com\/index.php\/wp-json\/wp\/v2\/posts\/37288","targetHints":{"allow":["GET"]}}],"collection":[{"href":"https:\/\/denoticiasonline.com\/index.php\/wp-json\/wp\/v2\/posts"}],"about":[{"href":"https:\/\/denoticiasonline.com\/index.php\/wp-json\/wp\/v2\/types\/post"}],"author":[{"embeddable":true,"href":"https:\/\/denoticiasonline.com\/index.php\/wp-json\/wp\/v2\/users\/21"}],"replies":[{"embeddable":true,"href":"https:\/\/denoticiasonline.com\/index.php\/wp-json\/wp\/v2\/comments?post=37288"}],"version-history":[{"count":1,"href":"https:\/\/denoticiasonline.com\/index.php\/wp-json\/wp\/v2\/posts\/37288\/revisions"}],"predecessor-version":[{"id":37290,"href":"https:\/\/denoticiasonline.com\/index.php\/wp-json\/wp\/v2\/posts\/37288\/revisions\/37290"}],"wp:featuredmedia":[{"embeddable":true,"href":"https:\/\/denoticiasonline.com\/index.php\/wp-json\/wp\/v2\/media\/37289"}],"wp:attachment":[{"href":"https:\/\/denoticiasonline.com\/index.php\/wp-json\/wp\/v2\/media?parent=37288"}],"wp:term":[{"taxonomy":"category","embeddable":true,"href":"https:\/\/denoticiasonline.com\/index.php\/wp-json\/wp\/v2\/categories?post=37288"},{"taxonomy":"post_tag","embeddable":true,"href":"https:\/\/denoticiasonline.com\/index.php\/wp-json\/wp\/v2\/tags?post=37288"}],"curies":[{"name":"wp","href":"https:\/\/api.w.org\/{rel}","templated":true}]}}