{"id":36738,"date":"2023-01-05T17:31:29","date_gmt":"2023-01-05T17:31:29","guid":{"rendered":"http:\/\/denoticiasonline.com\/?p=36738"},"modified":"2023-01-05T17:31:34","modified_gmt":"2023-01-05T17:31:34","slug":"mas-jornadas-de-colonias-de-verano","status":"publish","type":"post","link":"https:\/\/denoticiasonline.com\/index.php\/2023\/01\/05\/mas-jornadas-de-colonias-de-verano\/","title":{"rendered":"MAS JORNADAS DE COLONIAS DE VERANO"},"content":{"rendered":"\n<p><strong><em>Ni\u00f1os y ni\u00f1as  del distrito que tienen entre 5 y 12 a\u00f1os, podr\u00e1n disfrutar de la temporada con actividades recreativas y deportivas que comenzaron recientemente.<\/em><\/strong> <strong><em>Una de ellas se lleva adelante en el Club Argentino de Merlo.<\/em><\/strong><\/p>\n\n\n\n<p>Las jornadas comienzan realizando actividades recreativas, deportivas y acu\u00e1ticas planificadas por los profesores y para cerrar el d\u00eda los ni\u00f1os comparten una merienda entre todos.<\/p>\n\n\n\n<figure class=\"wp-block-image\"><a href=\"https:\/\/i0.wp.com\/somosprovincia.com\/wp-content\/uploads\/2023\/01\/COLONIA-INFANTIL-EN-ARGENTINO-DE-MERLO-4.jpg?resize=696%2C464\"><img decoding=\"async\" src=\"https:\/\/i0.wp.com\/somosprovincia.com\/wp-content\/uploads\/2023\/01\/COLONIA-INFANTIL-EN-ARGENTINO-DE-MERLO-4.jpg?resize=696%2C464\" alt=\"\" class=\"wp-image-26563\"\/><\/a><\/figure>\n\n\n\n<figure class=\"wp-block-image size-full\"><img data-recalc-dims=\"1\" loading=\"lazy\" decoding=\"async\" width=\"696\" height=\"464\" src=\"https:\/\/i0.wp.com\/denoticiasonline.com\/wp-content\/uploads\/2023\/01\/image-5.png?resize=696%2C464\" alt=\"\" class=\"wp-image-36739\" srcset=\"https:\/\/i0.wp.com\/denoticiasonline.com\/wp-content\/uploads\/2023\/01\/image-5.png?w=696&amp;ssl=1 696w, https:\/\/i0.wp.com\/denoticiasonline.com\/wp-content\/uploads\/2023\/01\/image-5.png?resize=300%2C200&amp;ssl=1 300w, https:\/\/i0.wp.com\/denoticiasonline.com\/wp-content\/uploads\/2023\/01\/image-5.png?resize=150%2C100&amp;ssl=1 150w, https:\/\/i0.wp.com\/denoticiasonline.com\/wp-content\/uploads\/2023\/01\/image-5.png?resize=630%2C420&amp;ssl=1 630w\" sizes=\"auto, (max-width: 696px) 100vw, 696px\" \/><\/figure>\n\n\n\n<p>Del primer contingenten participan m\u00e1s de 7000 mil personas en las\u00a0<strong><em>Colonias de Adultos Mayores, Merlo Inclusivo y las Colonias Infantiles<\/em><\/strong>.<\/p>\n\n\n\n<p>Estas propuestas son totalmente gratuitas y tienen como finalidad que todos los vecinos que no puedan irse de vacaciones de igual manera puedan disfrutar del verano.<\/p>\n","protected":false},"excerpt":{"rendered":"<p>Ni\u00f1os y ni\u00f1as del distrito que tienen entre 5 y 12 a\u00f1os, podr\u00e1n disfrutar de la temporada con actividades recreativas y deportivas que comenzaron recientemente. Una de ellas se lleva adelante en el Club Argentino de Merlo. Las jornadas comienzan realizando actividades recreativas, deportivas y acu\u00e1ticas planificadas por los profesores y para cerrar el d\u00eda [&hellip;]<\/p>\n","protected":false},"author":21,"featured_media":36716,"comment_status":"open","ping_status":"open","sticky":false,"template":"","format":"standard","meta":{"_jetpack_memberships_contains_paid_content":false,"footnotes":""},"categories":[37,33,57],"tags":[4227,2866,6181,270,107,649,58,1365,434],"class_list":{"0":"post-36738","1":"post","2":"type-post","3":"status-publish","4":"format-standard","5":"has-post-thumbnail","7":"category-deportes-merlo","8":"category-economia-merlo","9":"category-sociedad-merlo-merlo-municipio-de-merlo","10":"tag-club-argentino-de-merlo","11":"tag-colonias-de-verano","12":"tag-colonias-infantiles","13":"tag-deportes","14":"tag-gustavo-menendez","15":"tag-karina-menendez","16":"tag-merlo","17":"tag-municipio-de-merlo","18":"tag-sociedad"},"jetpack_featured_media_url":"https:\/\/i0.wp.com\/denoticiasonline.com\/wp-content\/uploads\/2023\/01\/Colonia-El-Remanso-1.webp?fit=696%2C464&ssl=1","jetpack_sharing_enabled":true,"_links":{"self":[{"href":"https:\/\/denoticiasonline.com\/index.php\/wp-json\/wp\/v2\/posts\/36738","targetHints":{"allow":["GET"]}}],"collection":[{"href":"https:\/\/denoticiasonline.com\/index.php\/wp-json\/wp\/v2\/posts"}],"about":[{"href":"https:\/\/denoticiasonline.com\/index.php\/wp-json\/wp\/v2\/types\/post"}],"author":[{"embeddable":true,"href":"https:\/\/denoticiasonline.com\/index.php\/wp-json\/wp\/v2\/users\/21"}],"replies":[{"embeddable":true,"href":"https:\/\/denoticiasonline.com\/index.php\/wp-json\/wp\/v2\/comments?post=36738"}],"version-history":[{"count":1,"href":"https:\/\/denoticiasonline.com\/index.php\/wp-json\/wp\/v2\/posts\/36738\/revisions"}],"predecessor-version":[{"id":36740,"href":"https:\/\/denoticiasonline.com\/index.php\/wp-json\/wp\/v2\/posts\/36738\/revisions\/36740"}],"wp:featuredmedia":[{"embeddable":true,"href":"https:\/\/denoticiasonline.com\/index.php\/wp-json\/wp\/v2\/media\/36716"}],"wp:attachment":[{"href":"https:\/\/denoticiasonline.com\/index.php\/wp-json\/wp\/v2\/media?parent=36738"}],"wp:term":[{"taxonomy":"category","embeddable":true,"href":"https:\/\/denoticiasonline.com\/index.php\/wp-json\/wp\/v2\/categories?post=36738"},{"taxonomy":"post_tag","embeddable":true,"href":"https:\/\/denoticiasonline.com\/index.php\/wp-json\/wp\/v2\/tags?post=36738"}],"curies":[{"name":"wp","href":"https:\/\/api.w.org\/{rel}","templated":true}]}}