{"id":36414,"date":"2022-11-29T13:58:31","date_gmt":"2022-11-29T13:58:31","guid":{"rendered":"http:\/\/denoticiasonline.com\/?p=36414"},"modified":"2022-11-29T13:58:35","modified_gmt":"2022-11-29T13:58:35","slug":"aumentaron-los-casos-de-covid-19-y-tambien-los-refuerzos-de-vacunacion","status":"publish","type":"post","link":"https:\/\/denoticiasonline.com\/index.php\/2022\/11\/29\/aumentaron-los-casos-de-covid-19-y-tambien-los-refuerzos-de-vacunacion\/","title":{"rendered":"AUMENTARON LOS CASOS DE COVID-19 Y TAMBIEN LOS REFUERZOS DE VACUNACI\u00d3N"},"content":{"rendered":"\n<p>La provincia de Buenos Aires le pide a la poblaci\u00f3n que se aplique las dosis de refuerzo correspondientes ya que en las \u00faltimas semanas, el aumento de casos por coronavirus se profundiz\u00f3 en el pa\u00eds y con esto se volvieron a prender las alarmas. <\/p>\n\n\n\n<p>\u201cA no preocuparse. Pero si a ocuparse\u201d, fueron las palabras del ministro de Salud bonaerense, Nicol\u00e1s Kreplak, ante la cuesti\u00f3n.&nbsp;<\/p>\n\n\n\n<figure class=\"wp-block-image\"><a href=\"https:\/\/i0.wp.com\/merloconvos.com\/wp-content\/uploads\/2022\/11\/591467-468412-reporte-na_0.jpeg?resize=696%2C392\"><img decoding=\"async\" src=\"https:\/\/i0.wp.com\/merloconvos.com\/wp-content\/uploads\/2022\/11\/591467-468412-reporte-na_0.jpeg?resize=696%2C392\" alt=\"\" class=\"wp-image-21778\"\/><\/a><\/figure>\n\n\n\n<p>En todo el pa\u00eds, los casos positivos treparon un 60 por ciento. Sin embargo, debido a la vacunaci\u00f3n, esta suba no se tradujo en una mayor demanda en el sistema de salud. El \u00faltimo reporte semanal se informaron seis fallecidos y las internaciones se estacionaron en 237.&nbsp;<\/p>\n\n\n\n<p>El incremento de casos se advirti\u00f3 en 13 de las 24 jurisdicciones. En las \u00faltimas tres semanas se pas\u00f3 de un promedio de 130 casos diarios a 178 y luego a 252. Para tener referencia, durante el mismo per\u00edodo en CABA, de 35 pasaron a 98; mientras que en provincia de Buenos Aires de 43 escalaron a 69.<\/p>\n\n\n\n<figure class=\"wp-block-image\"><a href=\"https:\/\/i0.wp.com\/merloconvos.com\/wp-content\/uploads\/2022\/11\/la-demanda-de-testeos-cayo___4qd2PSgAL_2000x1500__1.webp?resize=696%2C522\"><img decoding=\"async\" src=\"https:\/\/i0.wp.com\/merloconvos.com\/wp-content\/uploads\/2022\/11\/la-demanda-de-testeos-cayo___4qd2PSgAL_2000x1500__1.webp?resize=696%2C522\" alt=\"\" class=\"wp-image-21779\"\/><\/a><\/figure>\n\n\n\n<p>Al respecto, el ministro de Salud bonaerense, Nicol\u00e1s Kreplak, manifest\u00f3 que \u201cestamos observando un aumento significativo de los casos de COVID durante las \u00faltimas 3 semanas. En los \u00faltimos siete d\u00edas, el incremento fue de m\u00e1s del 100% en comparaci\u00f3n con la semana anterior. A no preocuparse. Pero si a ocuparse\u201d.<\/p>\n","protected":false},"excerpt":{"rendered":"<p>La provincia de Buenos Aires le pide a la poblaci\u00f3n que se aplique las dosis de refuerzo correspondientes ya que en las \u00faltimas semanas, el aumento de casos por coronavirus se profundiz\u00f3 en el pa\u00eds y con esto se volvieron a prender las alarmas. \u201cA no preocuparse. Pero si a ocuparse\u201d, fueron las palabras del [&hellip;]<\/p>\n","protected":false},"author":21,"featured_media":36415,"comment_status":"open","ping_status":"open","sticky":false,"template":"","format":"standard","meta":{"_jetpack_memberships_contains_paid_content":false,"footnotes":""},"categories":[33,108],"tags":[621,6041,1112,252,128,247,434,1054],"class_list":{"0":"post-36414","1":"post","2":"type-post","3":"status-publish","4":"format-standard","5":"has-post-thumbnail","7":"category-economia-merlo","8":"category-sociedad-nacional","9":"tag-argentina","10":"tag-aumento-de-casos","11":"tag-caba","12":"tag-covid-19","13":"tag-nicolas-kreplak","14":"tag-salud","15":"tag-sociedad","16":"tag-vacunacion-3"},"jetpack_featured_media_url":"https:\/\/i0.wp.com\/denoticiasonline.com\/wp-content\/uploads\/2022\/11\/PHvaccines.jpg?fit=780%2C439&ssl=1","jetpack_sharing_enabled":true,"_links":{"self":[{"href":"https:\/\/denoticiasonline.com\/index.php\/wp-json\/wp\/v2\/posts\/36414","targetHints":{"allow":["GET"]}}],"collection":[{"href":"https:\/\/denoticiasonline.com\/index.php\/wp-json\/wp\/v2\/posts"}],"about":[{"href":"https:\/\/denoticiasonline.com\/index.php\/wp-json\/wp\/v2\/types\/post"}],"author":[{"embeddable":true,"href":"https:\/\/denoticiasonline.com\/index.php\/wp-json\/wp\/v2\/users\/21"}],"replies":[{"embeddable":true,"href":"https:\/\/denoticiasonline.com\/index.php\/wp-json\/wp\/v2\/comments?post=36414"}],"version-history":[{"count":1,"href":"https:\/\/denoticiasonline.com\/index.php\/wp-json\/wp\/v2\/posts\/36414\/revisions"}],"predecessor-version":[{"id":36416,"href":"https:\/\/denoticiasonline.com\/index.php\/wp-json\/wp\/v2\/posts\/36414\/revisions\/36416"}],"wp:featuredmedia":[{"embeddable":true,"href":"https:\/\/denoticiasonline.com\/index.php\/wp-json\/wp\/v2\/media\/36415"}],"wp:attachment":[{"href":"https:\/\/denoticiasonline.com\/index.php\/wp-json\/wp\/v2\/media?parent=36414"}],"wp:term":[{"taxonomy":"category","embeddable":true,"href":"https:\/\/denoticiasonline.com\/index.php\/wp-json\/wp\/v2\/categories?post=36414"},{"taxonomy":"post_tag","embeddable":true,"href":"https:\/\/denoticiasonline.com\/index.php\/wp-json\/wp\/v2\/tags?post=36414"}],"curies":[{"name":"wp","href":"https:\/\/api.w.org\/{rel}","templated":true}]}}