{"id":35849,"date":"2022-10-20T17:56:11","date_gmt":"2022-10-20T17:56:11","guid":{"rendered":"http:\/\/denoticiasonline.com\/?p=35849"},"modified":"2022-10-20T17:56:15","modified_gmt":"2022-10-20T17:56:15","slug":"continua-el-programa-extra-muros-para-instituciones-educativas-en-merlo","status":"publish","type":"post","link":"https:\/\/denoticiasonline.com\/index.php\/2022\/10\/20\/continua-el-programa-extra-muros-para-instituciones-educativas-en-merlo\/","title":{"rendered":"CONTIN\u00daA EL PROGRAMA \u201cEXTRA MUROS\u201d PARA INSTITUCIONES EDUCATIVAS EN MERLO"},"content":{"rendered":"\n<p>Destinado a diferentes escuelas merlenses y a todos los vecinos de la zona, el Hospital Zonal General de Agudos \u201cH\u00e9roes de Malvinas\u201d y la Secretar\u00eda de Educaci\u00f3n, Deportes y Recreaci\u00f3n del municipio, contin\u00faan con el programa que brinda vacunaci\u00f3n gratuita.<\/p>\n\n\n\n<p><\/p>\n\n\n\n<figure class=\"wp-block-image\"><a href=\"https:\/\/i0.wp.com\/merloconvos.com\/wp-content\/uploads\/2022\/10\/campana-de-vacunacion-escolar-en-Merlo-2.jpg?resize=696%2C464\"><img decoding=\"async\" src=\"https:\/\/i0.wp.com\/merloconvos.com\/wp-content\/uploads\/2022\/10\/campana-de-vacunacion-escolar-en-Merlo-2.jpg?resize=696%2C464\" alt=\"\" class=\"wp-image-21326\"\/><\/a><\/figure>\n\n\n\n<p>La idea de la propuesta est\u00e1 fijada en conformar espacios de vacunaci\u00f3n en diversas instituciones educativas y acercar a toda la poblaci\u00f3n que no cuente con todas las vacunas de calendario o del esquema COVID para aplicar la inmunizaci\u00f3n correspondiente.<\/p>\n\n\n\n<p>Acerca de la cuesti\u00f3n, La Secretaria de Educaci\u00f3n, Deportes y Recreaci\u00f3n, Silvana Zahana, declar\u00f3 que&nbsp;<em>\u201clas familias responden de forma positiva al programa y nos agradecen la posibilidad de llevar salud a cada sector del distrito de forma gratuita\u201d.<\/em><\/p>\n\n\n\n<figure class=\"wp-block-image\"><a href=\"https:\/\/i0.wp.com\/merloconvos.com\/wp-content\/uploads\/2022\/10\/campana-de-vacunacion-escolar-en-Merlo-5.jpg?resize=696%2C464\"><img decoding=\"async\" src=\"https:\/\/i0.wp.com\/merloconvos.com\/wp-content\/uploads\/2022\/10\/campana-de-vacunacion-escolar-en-Merlo-5.jpg?resize=696%2C464\" alt=\"\" class=\"wp-image-21325\"\/><\/a><\/figure>\n\n\n\n<p>Bajo la misma perspectiva, la Directora Asociada del Hospital Zonal General de Agudos H\u00e9roes de Malvinas, Silvana La Regina, sentenci\u00f3 que&nbsp;<em>\u201cpoder trabajar de forma articulada con el municipio ayuda a tener m\u00e1s controlada a la poblaci\u00f3n en materia de salud\u201d.&nbsp;<\/em>Para finalizar, concluy\u00f3:<em>&nbsp;\u201cVacunarse es un acto de responsabilidad y solidaridad\u201d.<\/em><\/p>\n\n\n\n<p>En los pr\u00f3ximos d\u00edas se dar\u00e1n a conocer las nuevas postas de vacunaci\u00f3n correspondientes a las instituciones acad\u00e9micas elegidas.<\/p>\n","protected":false},"excerpt":{"rendered":"<p>Destinado a diferentes escuelas merlenses y a todos los vecinos de la zona, el Hospital Zonal General de Agudos \u201cH\u00e9roes de Malvinas\u201d y la Secretar\u00eda de Educaci\u00f3n, Deportes y Recreaci\u00f3n del municipio, contin\u00faan con el programa que brinda vacunaci\u00f3n gratuita. La idea de la propuesta est\u00e1 fijada en conformar espacios de vacunaci\u00f3n en diversas instituciones [&hellip;]<\/p>\n","protected":false},"author":22,"featured_media":35850,"comment_status":"open","ping_status":"open","sticky":false,"template":"","format":"standard","meta":{"_jetpack_memberships_contains_paid_content":false,"footnotes":""},"categories":[57,108],"tags":[3427,58,1365,247,5658,5659,434],"class_list":{"0":"post-35849","1":"post","2":"type-post","3":"status-publish","4":"format-standard","5":"has-post-thumbnail","7":"category-sociedad-merlo-merlo-municipio-de-merlo","8":"category-sociedad-nacional","9":"tag-hospital-heroes-de-malvinas","10":"tag-merlo","11":"tag-municipio-de-merlo","12":"tag-salud","13":"tag-secretaria-de-educacion-deportes-y-recreacion-2","14":"tag-silvina-zahana","15":"tag-sociedad"},"jetpack_featured_media_url":"https:\/\/i0.wp.com\/denoticiasonline.com\/wp-content\/uploads\/2022\/10\/Captura-de-pantalla-2022-10-20-144423.png?fit=634%2C558&ssl=1","jetpack_sharing_enabled":true,"_links":{"self":[{"href":"https:\/\/denoticiasonline.com\/index.php\/wp-json\/wp\/v2\/posts\/35849","targetHints":{"allow":["GET"]}}],"collection":[{"href":"https:\/\/denoticiasonline.com\/index.php\/wp-json\/wp\/v2\/posts"}],"about":[{"href":"https:\/\/denoticiasonline.com\/index.php\/wp-json\/wp\/v2\/types\/post"}],"author":[{"embeddable":true,"href":"https:\/\/denoticiasonline.com\/index.php\/wp-json\/wp\/v2\/users\/22"}],"replies":[{"embeddable":true,"href":"https:\/\/denoticiasonline.com\/index.php\/wp-json\/wp\/v2\/comments?post=35849"}],"version-history":[{"count":1,"href":"https:\/\/denoticiasonline.com\/index.php\/wp-json\/wp\/v2\/posts\/35849\/revisions"}],"predecessor-version":[{"id":35851,"href":"https:\/\/denoticiasonline.com\/index.php\/wp-json\/wp\/v2\/posts\/35849\/revisions\/35851"}],"wp:featuredmedia":[{"embeddable":true,"href":"https:\/\/denoticiasonline.com\/index.php\/wp-json\/wp\/v2\/media\/35850"}],"wp:attachment":[{"href":"https:\/\/denoticiasonline.com\/index.php\/wp-json\/wp\/v2\/media?parent=35849"}],"wp:term":[{"taxonomy":"category","embeddable":true,"href":"https:\/\/denoticiasonline.com\/index.php\/wp-json\/wp\/v2\/categories?post=35849"},{"taxonomy":"post_tag","embeddable":true,"href":"https:\/\/denoticiasonline.com\/index.php\/wp-json\/wp\/v2\/tags?post=35849"}],"curies":[{"name":"wp","href":"https:\/\/api.w.org\/{rel}","templated":true}]}}