{"id":35323,"date":"2022-09-22T15:52:40","date_gmt":"2022-09-22T15:52:40","guid":{"rendered":"http:\/\/denoticiasonline.com\/?p=35323"},"modified":"2022-09-22T15:52:46","modified_gmt":"2022-09-22T15:52:46","slug":"merlo-taller-de-rcp-para-legisladores-merlenses","status":"publish","type":"post","link":"https:\/\/denoticiasonline.com\/index.php\/2022\/09\/22\/merlo-taller-de-rcp-para-legisladores-merlenses\/","title":{"rendered":"MERLO: TALLER DE RCP PARA LEGISLADORES MERLENSES"},"content":{"rendered":"\n<p>Talleres de RCP y primeros auxilios brindada por la Direcci\u00f3n de Defensa Civil y los Bomberos Voluntarios de Merlo, al cuerpo de legisladores del municipio de Merlo.<\/p>\n\n\n\n<p>El objetivo fue brindar herramientas a concejales y otros funcionarios, para poder actuar de forma correcta ante alguna emergencia tanto en el recinto como por fuera.<\/p>\n\n\n\n<p>En la jornada se brindaron t\u00e9cnicas de primeros auxilios, reanimaci\u00f3n cardiopulmonar (RCP), casos de hemorragia, grados de fracturas, golpes de calor, desvanecimiento y convulsiones. Tambi\u00e9n se asesor\u00f3 sobre el uso del Desfibrilador Externo Autom\u00e1tico (DEA).<\/p>\n\n\n\n<figure class=\"wp-block-image\"><img decoding=\"async\" src=\"https:\/\/i1.wp.com\/elcirculo.com.ar\/wp-content\/uploads\/2022\/09\/RCP-EN-EL-HCD-5.jpg?resize=696%2C464&amp;ssl=1\" alt=\"\" class=\"wp-image-67486\"\/><\/figure>\n\n\n\n<p>La Presidenta del HCD, Alejandra Hahn, manifest\u00f3 su agradecimiento por esta jornada y sostuvo que \u201ces necesario que se hagan estos cursos, que nos dan herramientas para utilizar en primeros auxilios\u201d.<\/p>\n\n\n\n<p>Asimismo, el integrante de Defensa Civil, Diego Pulella detall\u00f3 que \u201cse busca poder acercar estos conocimientos b\u00e1sicos, en principio a todos los organismos oficiales y alcanzar a toda la sociedad\u201d.<\/p>\n\n\n\n<p>Por su parte, el Segundo Jefe de Bomberos Voluntarios de Merlo, Gabriel Morales subray\u00f3 la importancia de estas capacitaciones y declar\u00f3 que se reglamentar\u00e1 que se realicen en m\u00e1s lugares del distrito, ya que \u201cda a las personas la oportunidad de hacer las cosas de forma correcta ante este tipo de situaciones\u201d.<\/p>\n","protected":false},"excerpt":{"rendered":"<p>Talleres de RCP y primeros auxilios brindada por la Direcci\u00f3n de Defensa Civil y los Bomberos Voluntarios de Merlo, al cuerpo de legisladores del municipio de Merlo. El objetivo fue brindar herramientas a concejales y otros funcionarios, para poder actuar de forma correcta ante alguna emergencia tanto en el recinto como por fuera. En la [&hellip;]<\/p>\n","protected":false},"author":21,"featured_media":35325,"comment_status":"open","ping_status":"open","sticky":false,"template":"","format":"standard","meta":{"_jetpack_memberships_contains_paid_content":false,"footnotes":""},"categories":[33,16,57,108],"tags":[2780,946,5200,4374,5094,2889,58,1365,1371,247,434,5190],"class_list":{"0":"post-35323","1":"post","2":"type-post","3":"status-publish","4":"format-standard","5":"has-post-thumbnail","7":"category-economia-merlo","8":"category-politica-merlo","9":"category-sociedad-merlo-merlo-municipio-de-merlo","10":"category-sociedad-nacional","11":"tag-alejandra-hahn","12":"tag-bomberos-voluntarios","13":"tag-diego-pulella","14":"tag-direccion-de-defensa-civil","15":"tag-gabriel-morales","16":"tag-legisladores","17":"tag-merlo","18":"tag-municipio-de-merlo","19":"tag-rcp","20":"tag-salud","21":"tag-sociedad","22":"tag-taller-de-primeros-auxilios"},"jetpack_featured_media_url":"https:\/\/i0.wp.com\/denoticiasonline.com\/wp-content\/uploads\/2022\/09\/RCP-EN-EL-HCD-1.webp?fit=1200%2C800&ssl=1","jetpack_sharing_enabled":true,"_links":{"self":[{"href":"https:\/\/denoticiasonline.com\/index.php\/wp-json\/wp\/v2\/posts\/35323","targetHints":{"allow":["GET"]}}],"collection":[{"href":"https:\/\/denoticiasonline.com\/index.php\/wp-json\/wp\/v2\/posts"}],"about":[{"href":"https:\/\/denoticiasonline.com\/index.php\/wp-json\/wp\/v2\/types\/post"}],"author":[{"embeddable":true,"href":"https:\/\/denoticiasonline.com\/index.php\/wp-json\/wp\/v2\/users\/21"}],"replies":[{"embeddable":true,"href":"https:\/\/denoticiasonline.com\/index.php\/wp-json\/wp\/v2\/comments?post=35323"}],"version-history":[{"count":1,"href":"https:\/\/denoticiasonline.com\/index.php\/wp-json\/wp\/v2\/posts\/35323\/revisions"}],"predecessor-version":[{"id":35326,"href":"https:\/\/denoticiasonline.com\/index.php\/wp-json\/wp\/v2\/posts\/35323\/revisions\/35326"}],"wp:featuredmedia":[{"embeddable":true,"href":"https:\/\/denoticiasonline.com\/index.php\/wp-json\/wp\/v2\/media\/35325"}],"wp:attachment":[{"href":"https:\/\/denoticiasonline.com\/index.php\/wp-json\/wp\/v2\/media?parent=35323"}],"wp:term":[{"taxonomy":"category","embeddable":true,"href":"https:\/\/denoticiasonline.com\/index.php\/wp-json\/wp\/v2\/categories?post=35323"},{"taxonomy":"post_tag","embeddable":true,"href":"https:\/\/denoticiasonline.com\/index.php\/wp-json\/wp\/v2\/tags?post=35323"}],"curies":[{"name":"wp","href":"https:\/\/api.w.org\/{rel}","templated":true}]}}