{"id":35052,"date":"2022-09-08T18:41:03","date_gmt":"2022-09-08T18:41:03","guid":{"rendered":"http:\/\/denoticiasonline.com\/?p=35052"},"modified":"2022-09-08T18:41:07","modified_gmt":"2022-09-08T18:41:07","slug":"murio-la-reina-isabel-ii","status":"publish","type":"post","link":"https:\/\/denoticiasonline.com\/index.php\/2022\/09\/08\/murio-la-reina-isabel-ii\/","title":{"rendered":"MURI\u00d3 LA REINA ISABEL II"},"content":{"rendered":"\n<p>Falleci\u00f3 la reina Isabel II a los 96 a\u00f1os en su residencia de verano en Escocia, el Palacio Balmoral donde resid\u00eda desde hac\u00eda semanas. Dede temprano se conoci\u00f3 la preocupaci\u00f3n de los m\u00e9dicos por su delicado estado de salud.<\/p>\n\n\n\n<p>Con 70 a\u00f1os en el trono brintanico, la\u00a0 soberana estuvo acompa\u00f1ada de todos sus hijos, el pr\u00edncipe Carlos de 73 a\u00f1os, heredero del trono, la princesa Ana de 72, el pr\u00edncipe Andr\u00e9s de 62, y el pr\u00edncipe Edward de 58.<\/p>\n\n\n\n<p>Toda la familia real se traslad\u00f3 enseguida a la residencia Balmoral donde tambi\u00e9n estuvieron presentes Enrique y Meghan que viajaron de inmediato a pesar de que rompieron su relaci\u00f3n con la realeza brit\u00e1nica.<\/p>\n\n\n\n<p>El trono quedar\u00e1 ahora en manos del pr\u00edncipe Carlos, quien este a\u00f1o ya reemplaz\u00f3 a su madre en el importante discurso de inicio del periodo legislativo ante el Parlamento. Esa ruptura del protocolo fue entendida&nbsp; como el inicio de una transici\u00f3n progresiva en la Corona.&nbsp;<\/p>\n\n\n\n<p>En este contexto queda activado el protocolo \u201c Puente de Londres\u201d para los funerales de la monarca en el que, seg\u00fan anticip\u00f3 el diario \u201cThe guardian\u201d es probable que su ata\u00fad descanse temporalmente en el Palacio de Holyroodhouse.<\/p>\n\n\n\n<p>Tambi\u00e9n se cree que habr\u00e1 una procesi\u00f3n ceremonial a lo largo de la Royal Mile hasta la Catedral de San Giles, donde se espera que la familia real asista a un servicio antes de un per\u00edodo de reposo de 24 horas, que estar\u00eda abierto al p\u00fablico.<\/p>\n\n\n\n<p>Luego, es probable que el ata\u00fad sea trasladado a la estaci\u00f3n Waverley de Edimburgo para viajar en el Royal Train durante la noche, llegando a Londres a la ma\u00f1ana siguiente.<\/p>\n\n\n\n<p>Desde all\u00ed, ser\u00eda llevada al Palacio de Buckingham antes de la gran procesi\u00f3n ceremonial en Londres prevista para cinco d\u00edas m\u00e1s tarde.<\/p>\n","protected":false},"excerpt":{"rendered":"<p>Falleci\u00f3 la reina Isabel II a los 96 a\u00f1os en su residencia de verano en Escocia, el Palacio Balmoral donde resid\u00eda desde hac\u00eda semanas. Dede temprano se conoci\u00f3 la preocupaci\u00f3n de los m\u00e9dicos por su delicado estado de salud. Con 70 a\u00f1os en el trono brintanico, la\u00a0 soberana estuvo acompa\u00f1ada de todos sus hijos, el [&hellip;]<\/p>\n","protected":false},"author":21,"featured_media":35053,"comment_status":"open","ping_status":"open","sticky":false,"template":"","format":"standard","meta":{"_jetpack_memberships_contains_paid_content":false,"footnotes":""},"categories":[33],"tags":[5031,3012,434],"class_list":{"0":"post-35052","1":"post","2":"type-post","3":"status-publish","4":"format-standard","5":"has-post-thumbnail","7":"category-economia-merlo","8":"tag-gran-bretana","9":"tag-reina-isabel-ii","10":"tag-sociedad"},"jetpack_featured_media_url":"https:\/\/i0.wp.com\/denoticiasonline.com\/wp-content\/uploads\/2022\/09\/Queen_Elizabeth_II_of_New_Zealand.jpg.webp?fit=1200%2C1500&ssl=1","jetpack_sharing_enabled":true,"_links":{"self":[{"href":"https:\/\/denoticiasonline.com\/index.php\/wp-json\/wp\/v2\/posts\/35052","targetHints":{"allow":["GET"]}}],"collection":[{"href":"https:\/\/denoticiasonline.com\/index.php\/wp-json\/wp\/v2\/posts"}],"about":[{"href":"https:\/\/denoticiasonline.com\/index.php\/wp-json\/wp\/v2\/types\/post"}],"author":[{"embeddable":true,"href":"https:\/\/denoticiasonline.com\/index.php\/wp-json\/wp\/v2\/users\/21"}],"replies":[{"embeddable":true,"href":"https:\/\/denoticiasonline.com\/index.php\/wp-json\/wp\/v2\/comments?post=35052"}],"version-history":[{"count":1,"href":"https:\/\/denoticiasonline.com\/index.php\/wp-json\/wp\/v2\/posts\/35052\/revisions"}],"predecessor-version":[{"id":35054,"href":"https:\/\/denoticiasonline.com\/index.php\/wp-json\/wp\/v2\/posts\/35052\/revisions\/35054"}],"wp:featuredmedia":[{"embeddable":true,"href":"https:\/\/denoticiasonline.com\/index.php\/wp-json\/wp\/v2\/media\/35053"}],"wp:attachment":[{"href":"https:\/\/denoticiasonline.com\/index.php\/wp-json\/wp\/v2\/media?parent=35052"}],"wp:term":[{"taxonomy":"category","embeddable":true,"href":"https:\/\/denoticiasonline.com\/index.php\/wp-json\/wp\/v2\/categories?post=35052"},{"taxonomy":"post_tag","embeddable":true,"href":"https:\/\/denoticiasonline.com\/index.php\/wp-json\/wp\/v2\/tags?post=35052"}],"curies":[{"name":"wp","href":"https:\/\/api.w.org\/{rel}","templated":true}]}}