{"id":34289,"date":"2022-07-19T13:43:32","date_gmt":"2022-07-19T13:43:32","guid":{"rendered":"http:\/\/denoticiasonline.com\/?p=34289"},"modified":"2022-07-19T13:43:37","modified_gmt":"2022-07-19T13:43:37","slug":"que-hacer-en-estas-vacaciones-de-invierno","status":"publish","type":"post","link":"https:\/\/denoticiasonline.com\/index.php\/2022\/07\/19\/que-hacer-en-estas-vacaciones-de-invierno\/","title":{"rendered":"\u00bfQUE HACER EN ESTAS VACACIONES DE INVIERNO?"},"content":{"rendered":"\n<p>Arrancaron las vacaciones de invierno, y con ellas llegaron las propuestas del Municipio de Merlo, para que toda la familia disfrute de diferentes actividades libres y gratuitas en el distrito.<\/p>\n\n\n\n<p>La<strong><a href=\"https:\/\/www.facebook.com\/SDDeportes\">Secretar\u00eda de Deportes<\/a><\/strong>&nbsp;brinda clases de Zumba en distintos clubes para que los vecinos realicen actividad f\u00edsica al aire libre a partir de las 16hs. El cronograma ser\u00e1 el martes 19 en el Club Esperanza, el jueves 21 en el Club Belgrano, el martes 26, en el Club La negrita y jueves 28 en el Club La quinta.<\/p>\n\n\n\n<figure class=\"wp-block-image\"><img decoding=\"async\" src=\"https:\/\/i2.wp.com\/elcirculo.com.ar\/wp-content\/uploads\/2022\/07\/294078419_409691624526250_2565539249699487497_n.jpg?resize=300%2C300&amp;ssl=1\" alt=\"\" class=\"wp-image-64943\"\/><\/figure>\n\n\n\n<p>Adem\u00e1s,&nbsp;<a href=\"https:\/\/www.facebook.com\/SDJuventudes\"><strong>la Secretar\u00eda de Juventudes<\/strong><\/a>&nbsp;coordina actividades con juegos, m\u00fasica y muchas sorpresas para los m\u00e1s chicos &nbsp;en diferentes puntos de Merlo los d\u00edas lunes, mi\u00e9rcoles y viernes a partir de las 14hs.<\/p>\n\n\n\n<figure class=\"wp-block-image\"><img decoding=\"async\" src=\"https:\/\/i0.wp.com\/elcirculo.com.ar\/wp-content\/uploads\/2022\/07\/291673517_5323191891057108_2840981857593748695_n.jpg?resize=300%2C300&amp;ssl=1\" alt=\"\" class=\"wp-image-64944\"\/><\/figure>\n\n\n\n<p>Por otro lado,&nbsp;<a href=\"https:\/\/www.facebook.com\/CulturaMerlo\"><strong>la Secretar\u00eda de Cultura<\/strong><\/a>&nbsp;organiza en el Teatro Municipal la obra \u201cLa puerta de los sue\u00f1os\u201d con funciones a las 12hs, 14hs y 16hs &nbsp;as\u00ed como un espacio destinado al cine debate.<\/p>\n\n\n\n<figure class=\"wp-block-image\"><img decoding=\"async\" src=\"https:\/\/i2.wp.com\/elcirculo.com.ar\/wp-content\/uploads\/2022\/07\/293302767_352826083691798_6099321370905870044_n.jpg?resize=300%2C300&amp;ssl=1\" alt=\"\" class=\"wp-image-64945\"\/><\/figure>\n\n\n\n<p>Mientras que&nbsp;<strong>la Subsecretaria de Educaci\u00f3n, Deportes y Recreaci\u00f3n<\/strong>&nbsp;coordinan los talleres con tem\u00e1ticas de Eco Granja, Nutrici\u00f3n Saludable, ESI, OCA educativa y percusi\u00f3n entre otros.<\/p>\n\n\n\n<figure class=\"wp-block-image\"><img decoding=\"async\" src=\"https:\/\/i2.wp.com\/elcirculo.com.ar\/wp-content\/uploads\/2022\/07\/294060115_3252620451660190_87042246958572986_n.jpg?resize=300%2C300&amp;ssl=1\" alt=\"\" class=\"wp-image-64946\"\/><\/figure>\n\n\n\n<p>Las actividades culturales y educativas se desarrollaran durante toda la semana hasta finalizar las vacaciones el 30 de julio para que los m\u00e1s chicos disfruten del receso invernal en el municipio de Merlo.<\/p>\n","protected":false},"excerpt":{"rendered":"<p>Arrancaron las vacaciones de invierno, y con ellas llegaron las propuestas del Municipio de Merlo, para que toda la familia disfrute de diferentes actividades libres y gratuitas en el distrito. LaSecretar\u00eda de Deportes&nbsp;brinda clases de Zumba en distintos clubes para que los vecinos realicen actividad f\u00edsica al aire libre a partir de las 16hs. El [&hellip;]<\/p>\n","protected":false},"author":21,"featured_media":34290,"comment_status":"open","ping_status":"open","sticky":false,"template":"","format":"standard","meta":{"_jetpack_memberships_contains_paid_content":false,"footnotes":""},"categories":[62,33,41,57],"tags":[4652,107,649,58,186,1871,3705,434,4654,4653,4655,648],"class_list":{"0":"post-34289","1":"post","2":"type-post","3":"status-publish","4":"format-standard","5":"has-post-thumbnail","7":"category-cultura-en-merlo","8":"category-economia-merlo","9":"category-educacion-merlo","10":"category-sociedad-merlo-merlo-municipio-de-merlo","11":"tag-actividades-libres-y-gratuitas","12":"tag-gustavo-menendez","13":"tag-karina-menendez","14":"tag-merlo","15":"tag-municipalidad-de-merlo","16":"tag-secretaria-de-cultura-de-merlo","17":"tag-secretaria-de-deportes","18":"tag-sociedad","19":"tag-subsecretaria-de-educacion-deporte-y-recreacion","20":"tag-teatro-unicipal","21":"tag-vacaciones-de-invierno","22":"tag-vecinos-de-merlo"},"jetpack_featured_media_url":"https:\/\/i0.wp.com\/denoticiasonline.com\/wp-content\/uploads\/2022\/07\/523734-vacaciones-20de-20invierno.jpg?fit=470%2C313&ssl=1","jetpack_sharing_enabled":true,"_links":{"self":[{"href":"https:\/\/denoticiasonline.com\/index.php\/wp-json\/wp\/v2\/posts\/34289","targetHints":{"allow":["GET"]}}],"collection":[{"href":"https:\/\/denoticiasonline.com\/index.php\/wp-json\/wp\/v2\/posts"}],"about":[{"href":"https:\/\/denoticiasonline.com\/index.php\/wp-json\/wp\/v2\/types\/post"}],"author":[{"embeddable":true,"href":"https:\/\/denoticiasonline.com\/index.php\/wp-json\/wp\/v2\/users\/21"}],"replies":[{"embeddable":true,"href":"https:\/\/denoticiasonline.com\/index.php\/wp-json\/wp\/v2\/comments?post=34289"}],"version-history":[{"count":1,"href":"https:\/\/denoticiasonline.com\/index.php\/wp-json\/wp\/v2\/posts\/34289\/revisions"}],"predecessor-version":[{"id":34291,"href":"https:\/\/denoticiasonline.com\/index.php\/wp-json\/wp\/v2\/posts\/34289\/revisions\/34291"}],"wp:featuredmedia":[{"embeddable":true,"href":"https:\/\/denoticiasonline.com\/index.php\/wp-json\/wp\/v2\/media\/34290"}],"wp:attachment":[{"href":"https:\/\/denoticiasonline.com\/index.php\/wp-json\/wp\/v2\/media?parent=34289"}],"wp:term":[{"taxonomy":"category","embeddable":true,"href":"https:\/\/denoticiasonline.com\/index.php\/wp-json\/wp\/v2\/categories?post=34289"},{"taxonomy":"post_tag","embeddable":true,"href":"https:\/\/denoticiasonline.com\/index.php\/wp-json\/wp\/v2\/tags?post=34289"}],"curies":[{"name":"wp","href":"https:\/\/api.w.org\/{rel}","templated":true}]}}